{"id":739,"date":"2009-04-30T20:36:17","date_gmt":"2009-04-30T19:36:17","guid":{"rendered":"http:\/\/www.prolocodeliceto.it\/zeroweb\/?p=739"},"modified":"2009-05-11T08:31:06","modified_gmt":"2009-05-11T07:31:06","slug":"le-reliquie-del-beato-lucci-alla-consolazione","status":"publish","type":"post","link":"http:\/\/www.prolocodeliceto.it\/zeroweb\/?p=739","title":{"rendered":"Le reliquie del Beato Lucci alla Consolazione"},"content":{"rendered":"<h1 align=\"center\" style=\"margin: 0cm 0cm 0pt; text-align: center\"><strong><span style=\"font-size: 14pt; font-family: Verdana\">Le Reliquie del Beato Antonio LUCCI <\/span><\/strong><\/h1>\n<h1 align=\"center\" style=\"margin: 0cm 0cm 0pt; text-align: center\"><strong><span style=\"font-size: 14pt; font-family: Verdana\">nel Santuario di Santa Maria della Consolazione<\/span><\/strong><\/h1>\n<h1 align=\"center\" style=\"margin: 0cm 0cm 0pt; text-align: center\"><strong><span style=\"font-size: 14pt; font-family: Verdana\"><\/span><\/strong><\/h1>\n<h1 align=\"center\" style=\"margin: 0cm 0cm 0pt; text-align: center\"><strong><span style=\"font-size: 14pt; font-family: Verdana\"><\/span><\/strong><span style=\"font-size: 16pt\"><a href=\"http:\/\/www.prolocodeliceto.it\/zeroweb\/wp-content\/banner-consolazione.jpg\" title=\"banner-consolazione.jpg\"><img decoding=\"async\" loading=\"lazy\" width=\"161\" src=\"http:\/\/www.prolocodeliceto.it\/zeroweb\/wp-content\/banner-consolazione.jpg\" alt=\"banner-consolazione.jpg\" height=\"148\" style=\"width: 161px; height: 148px\" \/><\/a> <\/p>\n<p><\/span><\/h1>\n<h1 align=\"center\" style=\"margin: 0cm 0cm 0pt; text-align: center\"><strong><span style=\"font-size: 10pt; font-family: Verdana\"> <\/p>\n<p><\/span><\/strong><\/h1>\n<p><span style=\"font-size: 10pt; font-family: Verdana\">Negli ultimi decenni dopo aver celebrato il ritorno delle Reliquie di Sant\u2019Alfonso de\u2019 Liguori (1994), di San Gerardo Majella (2005) e ultimamente dopo aver ricordato Padre Tannoja (2007-2008) ci prepariamo ora ad accogliere il Buon Vescovo che favor\u00ec la venuta e la permanenza di questi Santi uomini nel Convento di Santa Maria della Consolazione.<\/span><span style=\"font-size: 10pt; font-family: Verdana\">Infatti dopo oltre due secoli e mezzo, <em>in occasione del ventennale della Beatificazione<\/em>, le Reliquie del Beato Monsignor Lucci ritornano nei luoghi che lo videro Padre premuroso e Pastore inflessibile.<\/span><span style=\"font-size: 10pt; font-family: Verdana\">P. Tannoja ricorda come s<em>i compiacque estremamente il nuovo Vescovo<\/em> [Mons. Lucci] <em>di questo nascosto tesoro<\/em> [il Convento della Consolazione], <em>che a beneficio della Diocesi ritrovato aveva tra gli orrori di questo Bosco<\/em> [di Valle in Vincolis]. <strong><em><\/em><\/strong><\/span><span style=\"font-size: 10pt; font-family: Verdana\">Monsignor Lucci si distinse principalmente per la sua intensa attivit\u00e0 pastorale (1729-1752) e per l\u2019infinito amore per i poveri.<\/span><span style=\"font-size: 10pt; font-family: Verdana\">La sua attenzione per la Consolazione, come per tutta la Diocesi, fu sempre particolare, tant\u00e8 che Tannoja narra come al tempo in cui la Consolazione era retta da due Sacerdoti delicetani Don Giacinto e Don Francesco Antonio Nazzaro:<\/span><em><span style=\"font-size: 10pt; font-family: Verdana\">Nella Visita di quattro Maggio 1732 non ravisandovi M. Lucci nel Sacro Luogo tutto quel buon Ordine, che vi desiderava \u2026 stim\u00f2 egli prefiggere un regolamento.<\/span><\/em><span style=\"font-size: 10pt; font-family: Verdana\"> \u2026 <em>Non \u00e8 da credersi quali e quanti buoni effetti prodotti avessero nella Consolazione questi saggi regolamenti di M. Lucci.<\/em><\/span><span style=\"font-size: 10pt; font-family: Verdana\">Successivamente, nel 1736, il Santo Vescovo favor\u00ec, unitamente al clero Delicetano ed al Canonico Casati, l\u2019insediamento del Missionario conte Giovanni Appiani del Terz\u2019Ordine Carmelitano.<span>  <\/span>In questo periodo si ripresero le Missioni.<\/span><span style=\"font-size: 10pt; font-family: Verdana\">Nel 1742 per una serie di incomprensioni i rapporti tra il Sacerdote Appiani e monsignor Lucci si incrinarono, e questi abbandon\u00f2 la Consolazione trasferendosi a Foggia.<\/span><span style=\"font-size: 10pt; font-family: Verdana\">Nel 1744 sempre con il concorso del Canonico Casati, del Canonico Maffei e del Vescovo Lucci giunsero alla Consolazione i Padri Redentoristi capeggiati da Sant\u2019Alfonso che cos\u00ec descriveva l\u2019accoglienza ricevuta:<span>  <\/span><em>Qui <\/em>[a Deliceto]<em> ci hanno accettati tutti, Vescovo <\/em>[Mons. Lucci]<em>, preti e secolari, come angeli del Paradiso, e non fanno altro che ringraziare Ges\u00f9 Cristo di questa nostra venuta;\u2026 la gente qui \u00e8 affezionattisma e dolcissima \u2026 sono inclini alla piet\u00e0, e ci sono pochi peccati.<\/em><strong> <\/strong><\/span><span style=\"font-size: 10pt; font-family: Verdana\">Sant\u2019Alfonso si insedi\u00f2 alla Consolazione potendo fare affidamento solo su una modesta rendita di 56 ducati annui disposta dal Canonico Casati, che pur lasciando tutto il suo patrimonio ai Redentoristi leg\u00f2 l\u2019efficacia della donazione alla sua morte.<\/span><span style=\"font-size: 10pt; font-family: Verdana\">Pertanto, narra il Tannoja, <em>Essendosi situati \u2026 i nostri Padri del S.S. Redentore in questa Casa di S. Maria della Consolazione<\/em> [per evitare che Sant\u2019Alfonso abbandonasse la Consolazione]<em>, si pens\u00f2 subito dal Ven. Mons. Fra Antonio Lucci de Convenutali di S. Francesco, Vescovo di Bovino incorporare a questa Chiesa anche quella di S. Maria dell\u2019Ulmitello<\/em>. <strong><\/strong><\/span><span style=\"font-size: 10pt; font-family: Verdana\">I Redentoristi elevarono spiritualmente la Consolazione rendendolo un luogo straordinario ed un ineguagliabile Centro di Missioni.<\/span><span style=\"font-size: 10pt; font-family: Verdana\">Infatti qualche anno dopo Monsignor Lucci dopo aver sperimentato l\u2019integrit\u00e0 e l\u2019abnegazione dei Redentoristi cos\u00ec scriveva in una sua relazione: <em>Fuori le mura di Deliceto vi era un convento abbandonato dell\u2019Ordine di S. Agostino. Questo convento ho dato ad alcuni Sacerdoti Missionari<\/em> [del SS. Redentore], <em>dove dimorano in dodici e servono il Signore, con la parola e con l\u2019esempio giovano alla mia e a molte altre Diocesi, e soprattutto ai paesi circonvicini<\/em>.<\/span><span style=\"font-size: 10pt; font-family: Verdana\"> <\/p>\n<p><\/span><strong><span style=\"font-size: 10pt; font-family: Verdana\">Il giorno 4 Maggio \u00e8 iniziata la Peregrinatio del Beato Antonio Lucci nella Diocesi di Foggia-Bovino<\/span><\/strong><span style=\"font-size: 10pt; font-family: Verdana\">; il Vicario di zona Don Faustino Marseglia ed il Responsabile del Centro di Storia Tannoja, hanno prelevato alla presenza di don Stefano Caprio le Sacre Reliquie per portarle a Deliceto.<span>  <\/span>All\u2019arrivo in Paese vi erano ad attenderLe le Autorit\u00e0 Civili e Religiose, le Confraternite e numerosi fedeli, che hanno accompagnato in processione le Reliquie presso la Chiesa Collegiata di Deliceto.<\/span><span style=\"font-size: 10pt; font-family: Verdana\">Innanzi alla Chiesa Collegiata si \u00e8 svolta una cerimonia civile per l\u2019intitolazione del largo antistante al Beato Antonio Lucci.<\/span><span style=\"font-size: 10pt; font-family: Verdana\">Dalla Collegiata di Deliceto , che proprio Monsignor Lucci volle rifatta, il giorno 7 Maggio riprender\u00e0 la Peregrinatio del B. Lucci alla volta del Santuario di Santa Maria della Consolazione, dove restar\u00e0 sino al 14 Maggio quando proseguir\u00e0 alla volta di Accadia.<\/span><span style=\"font-size: 10pt; font-family: Verdana\">Per l\u2019occasione il Centro di Storia Tannoja ha realizzato un Banner (la Consolazione una mistica realt\u00e0) raffigurante il Beato Lucci con gli uomini che hanno fatto grande la Consolazione al cospetto della Madonna della consolazione e della Madonna dell\u2019Olmitello. Il banner patrocinato dal Comune di Deliceto, dalla Parrocchia di San Rocco (promotrice della Peregrinatio) oltre che dalla Comunit\u00e0 Mariana Oasi della Pace vuole rappresentare un momento di riflessione <\/span><span style=\"font-size: 10pt; font-family: Verdana\">Questa \u00e8 un occasione per tutti i Paesi della Diocesi, e non solo, di favorire la Peregrinatio del Beato Antonio Lucci accogliendo le Sacre Reliquie di colui che soccorse i poveri come nessun altro.<\/span><span style=\"font-size: 10pt; font-family: Verdana\"> <\/p>\n<p><\/span><strong><span style=\"font-size: 10pt; font-family: Verdana\">Vincenzo MAZZEI <\/span><\/strong><strong><span style=\"font-size: 10pt; font-family: Verdana\">Centro di Storia Tannoja<\/span><\/strong><span style=\"font-size: 14pt\"><\/span><\/p>\n","protected":false},"excerpt":{"rendered":"<p>Le Reliquie del Beato Antonio LUCCI nel Santuario di Santa Maria della Consolazione Negli ultimi decenni dopo aver celebrato il ritorno delle Reliquie di Sant\u2019Alfonso de\u2019 Liguori (1994), di San Gerardo Majella (2005) e ultimamente dopo aver ricordato Padre Tannoja (2007-2008) ci prepariamo ora ad accogliere il Buon Vescovo che favor\u00ec la venuta e la [&hellip;]<\/p>\n","protected":false},"author":29,"featured_media":0,"comment_status":"open","ping_status":"open","sticky":false,"template":"","format":"standard","meta":[],"categories":[7],"tags":[],"_links":{"self":[{"href":"http:\/\/www.prolocodeliceto.it\/zeroweb\/index.php?rest_route=\/wp\/v2\/posts\/739"}],"collection":[{"href":"http:\/\/www.prolocodeliceto.it\/zeroweb\/index.php?rest_route=\/wp\/v2\/posts"}],"about":[{"href":"http:\/\/www.prolocodeliceto.it\/zeroweb\/index.php?rest_route=\/wp\/v2\/types\/post"}],"author":[{"embeddable":true,"href":"http:\/\/www.prolocodeliceto.it\/zeroweb\/index.php?rest_route=\/wp\/v2\/users\/29"}],"replies":[{"embeddable":true,"href":"http:\/\/www.prolocodeliceto.it\/zeroweb\/index.php?rest_route=%2Fwp%2Fv2%2Fcomments&post=739"}],"version-history":[{"count":0,"href":"http:\/\/www.prolocodeliceto.it\/zeroweb\/index.php?rest_route=\/wp\/v2\/posts\/739\/revisions"}],"wp:attachment":[{"href":"http:\/\/www.prolocodeliceto.it\/zeroweb\/index.php?rest_route=%2Fwp%2Fv2%2Fmedia&parent=739"}],"wp:term":[{"taxonomy":"category","embeddable":true,"href":"http:\/\/www.prolocodeliceto.it\/zeroweb\/index.php?rest_route=%2Fwp%2Fv2%2Fcategories&post=739"},{"taxonomy":"post_tag","embeddable":true,"href":"http:\/\/www.prolocodeliceto.it\/zeroweb\/index.php?rest_route=%2Fwp%2Fv2%2Ftags&post=739"}],"curies":[{"name":"wp","href":"https:\/\/api.w.org\/{rel}","templated":true}]}}