{"id":737,"date":"2009-04-30T20:36:30","date_gmt":"2009-04-30T19:36:30","guid":{"rendered":"http:\/\/www.prolocodeliceto.it\/zeroweb\/?p=737"},"modified":"2009-05-11T08:23:25","modified_gmt":"2009-05-11T07:23:25","slug":"il-comune-di-deliceto-rientrante-nellambito-territoriale","status":"publish","type":"post","link":"http:\/\/www.prolocodeliceto.it\/zeroweb\/?p=737","title":{"rendered":"Il Comune di Deliceto, rientrante nell&#8217;ambito territoriale"},"content":{"rendered":"<p>Il Comune di Deliceto, rientrante nell?Ambito Territoriale di Troia, \u00e8 l?unico Comune con 5 progetti di Servizi e Infrastrutture Sociali approvati dall?Assessorato alla Solidariet\u00e0 della Regione Puglia.<br \/>\nInoltre oggi, 11 maggio 2009, alle ore 17,00, presso la Sala Europa, vi sar\u00e0 l?incontro con l?Assessore alle Politiche Sociali della Regione Puglia ELENA GENTILE, per la presentazione dei 5 progetti attuati.<br \/>\nCon l?approvazione di questi progetti, Deliceto spicca il volo verso l?alto raggiungendo lo standard pi\u00f9 elevato nelle politiche sociali.<br \/>\nConsiderata l&#8217;importanza si invia il tutto con preghiera di diffusione e pubblicazione.<\/p>\n","protected":false},"excerpt":{"rendered":"<p>Il Comune di Deliceto, rientrante nell?Ambito Territoriale di Troia, \u00e8 l?unico Comune con 5 progetti di Servizi e Infrastrutture Sociali approvati dall?Assessorato alla Solidariet\u00e0 della Regione Puglia. Inoltre oggi, 11 maggio 2009, alle ore 17,00, presso la Sala Europa, vi sar\u00e0 l?incontro con l?Assessore alle Politiche Sociali della Regione Puglia ELENA GENTILE, per la presentazione [&hellip;]<\/p>\n","protected":false},"author":29,"featured_media":0,"comment_status":"open","ping_status":"open","sticky":false,"template":"","format":"standard","meta":[],"categories":[7],"tags":[],"_links":{"self":[{"href":"http:\/\/www.prolocodeliceto.it\/zeroweb\/index.php?rest_route=\/wp\/v2\/posts\/737"}],"collection":[{"href":"http:\/\/www.prolocodeliceto.it\/zeroweb\/index.php?rest_route=\/wp\/v2\/posts"}],"about":[{"href":"http:\/\/www.prolocodeliceto.it\/zeroweb\/index.php?rest_route=\/wp\/v2\/types\/post"}],"author":[{"embeddable":true,"href":"http:\/\/www.prolocodeliceto.it\/zeroweb\/index.php?rest_route=\/wp\/v2\/users\/29"}],"replies":[{"embeddable":true,"href":"http:\/\/www.prolocodeliceto.it\/zeroweb\/index.php?rest_route=%2Fwp%2Fv2%2Fcomments&post=737"}],"version-history":[{"count":0,"href":"http:\/\/www.prolocodeliceto.it\/zeroweb\/index.php?rest_route=\/wp\/v2\/posts\/737\/revisions"}],"wp:attachment":[{"href":"http:\/\/www.prolocodeliceto.it\/zeroweb\/index.php?rest_route=%2Fwp%2Fv2%2Fmedia&parent=737"}],"wp:term":[{"taxonomy":"category","embeddable":true,"href":"http:\/\/www.prolocodeliceto.it\/zeroweb\/index.php?rest_route=%2Fwp%2Fv2%2Fcategories&post=737"},{"taxonomy":"post_tag","embeddable":true,"href":"http:\/\/www.prolocodeliceto.it\/zeroweb\/index.php?rest_route=%2Fwp%2Fv2%2Ftags&post=737"}],"curies":[{"name":"wp","href":"https:\/\/api.w.org\/{rel}","templated":true}]}}