{"id":712,"date":"2009-04-30T20:32:42","date_gmt":"2009-04-30T19:32:42","guid":{"rendered":"http:\/\/www.prolocodeliceto.it\/zeroweb\/?p=712"},"modified":"2009-05-06T20:30:45","modified_gmt":"2009-05-06T19:30:45","slug":"paura-di-vivere-peggio","status":"publish","type":"post","link":"http:\/\/www.prolocodeliceto.it\/zeroweb\/?p=712","title":{"rendered":"Paura di vivere peggio"},"content":{"rendered":"<p>Paura di vivere peggio<br \/>\ndi Giuseppe Antonaccio<\/p>\n<p><a href=\"http:\/\/www.prolocodeliceto.it\/zeroweb\/wp-content\/antonaccio.jpg\" title=\"antonaccio.jpg\"><img decoding=\"async\" src=\"http:\/\/www.prolocodeliceto.it\/zeroweb\/wp-content\/antonaccio.thumbnail.jpg\" alt=\"antonaccio.jpg\" \/><\/a><\/p>\n<p>Parecchi giovani mi hanno chiesto come si fa a vivere cos\u00ec a lungo sostenendo che si stava meglio prima. La prima risposta che ho dato \u00e8 che per vivere a lungo non ci sono ricette, ma ho dato un consiglio, guardando la mia esperienza: durante la mia giovane et\u00e0 non c\u2019erano le possibilit\u00e0 di potersi divertire come succede attualmente, per\u00f2 ho notato che quelle poche volte che mi \u00e8 capitato di superare i limiti non ho avuto nessun beneficio; spesso ho rinunciato a certe provocazioni, come bere troppo, fumare, mangiare a sbafo; capisco che attualmente di possibilit\u00e0 ce ne sono tante e molto diverse, come cocaina, marijuana, ecc\u2026 non ne sentivamo mai parlare, perci\u00f2 faccio appello al vostro buon senso, non abusate troppo del benessere che vi circonda perch\u00e9 il buon livello di cultura vi rende coscienti dei pericoli che si possono incontrare, soprattutto quello di rovinare la salute, la prima cosa che vi consiglio \u00e8 evitare fumo, alcool e droghe.<br \/>\nSpesso sento dire che si stava meglio prima: questo \u00e8 assolutamente falso. A questo punto voglio descrivervi in breve un panorama non raccontato ma vissuto nei primi decenni del secolo scorso, senza contare i periodi delle guerre che peggioravano le gi\u00e0 precarie condizioni di vita della popolazione che vivevano gran parte in \u201cmonovano\u201d, a contatto con animali domestici, dalle galline ai conigli, agli asini, ai muli e cavalli; il riscaldamento era scarso, pensate che coloro che non avevano nemmeno un asino andavano a raccogliere la legna nei boschi comunali per trasportarla per vari km sulle spalle, arrivando a casa stremati; le malattie erano di casa: si moriva con bronchite e polmonite; i bambini erano vittime di vaiolo e altre malattie infettive, la tubercolosi era incurabile, l\u2019assistenza medica era a pagamento e a Deliceto c\u2019erano tre farmacie, ma non c\u2019erano medicinali per combattere le malattie. La vita media era di circa 40 anni, ora la vita media \u00e8 raddoppiata: come si fa a dire che si stava meglio prima? Voglio ricordare a tutti quelli che da 60 anni si sentono vecchi che ora vecchi non si deve dire, ricordo che anteguerra 1940-45 non ho mai sentito parlare di centenari, dal dopoguerra ne ho conosciuti sette e, addirittura, una certa Tarallo Saveria ne aveva 105; ora ne abbiamo una in vita, la sig. Palermo Teresa che a gennaio 2009 ha compiuto 101 anni. Questa \u00e8 la realt\u00e0: si vive a lungo perch\u00e9 si vive meglio!<\/p>\n","protected":false},"excerpt":{"rendered":"<p>Paura di vivere peggio di Giuseppe Antonaccio Parecchi giovani mi hanno chiesto come si fa a vivere cos\u00ec a lungo sostenendo che si stava meglio prima. La prima risposta che ho dato \u00e8 che per vivere a lungo non ci sono ricette, ma ho dato un consiglio, guardando la mia esperienza: durante la mia giovane [&hellip;]<\/p>\n","protected":false},"author":29,"featured_media":0,"comment_status":"closed","ping_status":"closed","sticky":false,"template":"","format":"standard","meta":[],"categories":[7],"tags":[],"_links":{"self":[{"href":"http:\/\/www.prolocodeliceto.it\/zeroweb\/index.php?rest_route=\/wp\/v2\/posts\/712"}],"collection":[{"href":"http:\/\/www.prolocodeliceto.it\/zeroweb\/index.php?rest_route=\/wp\/v2\/posts"}],"about":[{"href":"http:\/\/www.prolocodeliceto.it\/zeroweb\/index.php?rest_route=\/wp\/v2\/types\/post"}],"author":[{"embeddable":true,"href":"http:\/\/www.prolocodeliceto.it\/zeroweb\/index.php?rest_route=\/wp\/v2\/users\/29"}],"replies":[{"embeddable":true,"href":"http:\/\/www.prolocodeliceto.it\/zeroweb\/index.php?rest_route=%2Fwp%2Fv2%2Fcomments&post=712"}],"version-history":[{"count":0,"href":"http:\/\/www.prolocodeliceto.it\/zeroweb\/index.php?rest_route=\/wp\/v2\/posts\/712\/revisions"}],"wp:attachment":[{"href":"http:\/\/www.prolocodeliceto.it\/zeroweb\/index.php?rest_route=%2Fwp%2Fv2%2Fmedia&parent=712"}],"wp:term":[{"taxonomy":"category","embeddable":true,"href":"http:\/\/www.prolocodeliceto.it\/zeroweb\/index.php?rest_route=%2Fwp%2Fv2%2Fcategories&post=712"},{"taxonomy":"post_tag","embeddable":true,"href":"http:\/\/www.prolocodeliceto.it\/zeroweb\/index.php?rest_route=%2Fwp%2Fv2%2Ftags&post=712"}],"curies":[{"name":"wp","href":"https:\/\/api.w.org\/{rel}","templated":true}]}}