{"id":7104,"date":"2012-11-20T14:30:11","date_gmt":"2012-11-20T13:30:11","guid":{"rendered":"http:\/\/www.prolocodeliceto.it\/zeroweb\/?p=7104"},"modified":"2012-11-20T14:44:38","modified_gmt":"2012-11-20T13:44:38","slug":"comunicato-stampa-67","status":"publish","type":"post","link":"http:\/\/www.prolocodeliceto.it\/zeroweb\/?p=7104","title":{"rendered":"COMUNICATO STAMPA"},"content":{"rendered":"<p align=\"center\"><span><strong><span style=\"text-decoration: underline;\"><a href=\"http:\/\/www.prolocodeliceto.it\/zeroweb\/wp-content\/uploads\/Palazzo_Vescovile1.jpg\"><img decoding=\"async\" loading=\"lazy\" class=\"alignnone size-full wp-image-7117\" title=\"Palazzo_Vescovile\" src=\"http:\/\/www.prolocodeliceto.it\/zeroweb\/wp-content\/uploads\/Palazzo_Vescovile1.jpg\" alt=\"\" width=\"158\" height=\"106\" srcset=\"http:\/\/www.prolocodeliceto.it\/zeroweb\/wp-content\/uploads\/Palazzo_Vescovile1.jpg 158w, http:\/\/www.prolocodeliceto.it\/zeroweb\/wp-content\/uploads\/Palazzo_Vescovile1-140x94.jpg 140w\" sizes=\"(max-width: 158px) 100vw, 158px\" \/><\/a><\/span><\/strong><\/span><\/p>\n<p align=\"center\"><span><strong><span style=\"text-decoration: underline;\">COMUNICATO STAMPA<\/span><\/strong><\/span><\/p>\n<p align=\"center\"><strong>Troja, i libri di Ceschin e Gelormini presentati nelle<br \/>\nantiche cantine tra Nero di Troja e dolci locali<\/strong><\/p>\n<p align=\"center\">\u00a0<\/p>\n<p align=\"center\"><em>Mercoled\u00ec \u201cLibri &amp; Sapori nei Monti Dauni\u201d si sposta nella suggestiva cornice del<br \/>\nCastello di Rocchetta per la presentazione di \u201cCodici dal Passato\u201d di Roberto Parisi<\/em><\/p>\n<p align=\"center\">\u00a0<\/p>\n<h5>Oggi, Marted\u00ec 20 Novembre alle ore 19.30, parte la rassegna &#8220;Libri &amp; Sapori nei Monti Dauni&#8221; (programma completo su <a href=\"http:\/\/www.puglideiborghi.it\/\">www.puglideiborghi.it<\/a>). E quale poteva essere il contesto migliore per ospitare l&#8217;apertura di una rassegna del genere? Non potevano che essere le cantine cinquecentesche \u201cSPQT \u2013 Terre del Catapano\u201d, nel centro storico di Troja, dove si affinano alcuni tra i migliori Nero di Troja del territorio. Qui saranno presentate le ultime fatiche letterarie di Antonio V. Gelormini e di Federico Massimo Ceschin, alla presenza degli autori che saranno introdotti e coordinati da Geppe Inserra. Due volumi che parlano di Puglia, di territorio, di Monti Dauni. Due volumi che parlano di storia di questi incantevoli borghi e raccontano storie di chi, come gli autori, questi luoghi sta provando a valorizzarli con tenacia e passione.<\/h5>\n<h5>Federico Massimo Ceschin, uno principali promotori del rilancio turistico &#8220;slow&#8221; dei Monti Dauni in questi ultimi anni presenter\u00e0 Troja il suo libro &#8220;Vivere di Puglia&#8221; (Claudio Grenzi Editore). Sei anni di appunti, di scritti, di esperienze, di veri e propri viaggi attraverso i territori di Puglia. Passo dopo passo Federico Ceschin rivela i talenti e i paradossi di questa terra, passando dalla fascinazione alla narrazione con sguardo sempre equilibrato e imparziale. Un manager pubblico di successo che diventa visitatore curioso e ammaliato, mantenendo il suo \u201cterzo occhio\u201d puntato sulla dimensione dolce delle comunit\u00e0 locali, sulle tradizioni, sugli usi e sui costumi, sulle consuetudini e sui tic delle genti che incontra.<\/h5>\n<p>Antonio V. Gelormini ci presenter\u00e0 il suo romanzo <strong>&#8220;Episcopius Troianus&#8221;<\/strong> (Edizioni Gelsorosso) la cui storia si dipana nei meandri dell\u2019antico Palazzo Vescovile di Troja. Episcopius troianus &#8220;racconta&#8221; il Palazzo Vescovile attraverso le sue vicissitudini, quelle dei Vescovi che l&#8217;hanno abitato, quella di un&#8217;originale pala d&#8217;altare del Solimena, nonch\u00e9 della tribolata vicenda di preziosi volumi e codici emigrati &#8220;forzosamente&#8221; verso biblioteche pi\u00f9 blasonate. \u00c8 anche il racconto di una Diocesi e di una Citt\u00e0, Troia, che ha rappresentato un importante pezzo di storia di questo suggestivo angolo di Puglia.<\/p>\n<p>&nbsp;<\/p>\n<p>Le presentazioni saranno precedute e seguite da <strong>degustazioni gratuite degli ottimi vini delle cantine SPQT &#8211; Terre del Catapano<\/strong> e da <strong>assaggi di una leccornia tutta troiana: il Pan di Puglia della Pasticceria Casoli<\/strong>.<\/p>\n<p>&nbsp;<\/p>\n<p>&#8212;&#8212;&#8212;&#8212;&#8212;&#8212;&#8212;&#8212;&#8212;&#8212;&#8212;&#8212;&#8212;&#8212;&#8212;&#8212;<\/p>\n<p>&nbsp;<\/p>\n<p>Mercoled\u00ec 21 novembre 2012, la rassegna \u201cLibri &amp; Sapori nei Monti Dauni\u201d si sposta invece nel <strong>Castello di Rocchetta Sant&#8217;Antonio<\/strong>, grazie alla collaborazione di A.c.t! Monti Dauni con l\u2019associazione Culturale \u201cLiberaMente\u201d, il Comune di Rocchetta Sant&#8217;Antonio, le Edizioni \u201cIl castello\u201d e la Famiglia Piccolo che ha messo gentilmente a disposizione l\u2019antico castello. Nella suggestiva location del cinquecentesco castello D&#8217;Aquino, immerso nel centro storico di Rocchetta Sant&#8217;Antonio, sar\u00e0 presentato il romanzo edito da Edizioni Il Castello, <strong>&#8220;Codici dal passato&#8221; di Roberto Parisi<\/strong>.<br \/>\n\u201cUn vecchio documento degli anni Trenta, un testo che contiene segnali che indicano un percorso verso la verit\u00e0, la storia di un giornalista che si trova a scoprire che \u00e8 in arrivo un conflitto globale dove l\u2019uomo diventa intoccabile perch\u00e9 \u00e8 utile al sistema e la sua presenza<br \/>\nattiva nel sistema consente di portare economia ai potenti. Segnali lasciati nel tempo, un labirinto di informazioni da interpretare o da seguire\u2026\u201d<\/p>\n<p>&nbsp;<\/p>\n<p>Roberto Parisi, nato a Foggia nel 1972, \u00e8 laureato in legge. Giornalista specializzato in marketing e comunicazione pubblica e politica, ha iniziato a muovere i primi passi con il quotidiano \u201cRoma\u201d, poi tanta esperienza in televisione anche nazionale, in radio con RTL 102,5 e in uffici stampa di enti pubblici e privati. Questo \u00e8 il suo primo lavoro pubblicato.<br \/>\nA fare da cornice a questa presentazione saranno i <strong>prodotti tipici e vini promossi dal Consorzio Start di Capitanata<\/strong>, da <a href=\"http:\/\/profottitipicidoc.it\/\">Profottitipicidoc.it<\/a>, dalle Cantine Padre Pio \u2013 Torremaggiore e dall\u2019Azienda Agricola Pannarale. Una serata nel Castello, da non perdere.<\/p>\n<p>&nbsp;<\/p>\n<p>A.c.t! Monti Dauni<\/p>\n<p>Associazione Culturale &amp; Turistica<\/p>\n","protected":false},"excerpt":{"rendered":"<p>COMUNICATO STAMPA Troja, i libri di Ceschin e Gelormini presentati nelle antiche cantine tra Nero di Troja e dolci locali \u00a0 Mercoled\u00ec \u201cLibri &amp; Sapori nei Monti Dauni\u201d si sposta nella suggestiva cornice del Castello di Rocchetta per la presentazione di \u201cCodici dal Passato\u201d di Roberto Parisi \u00a0 Oggi, Marted\u00ec 20 Novembre alle ore 19.30, [&hellip;]<\/p>\n","protected":false},"author":29,"featured_media":7115,"comment_status":"open","ping_status":"open","sticky":false,"template":"","format":"standard","meta":[],"categories":[7],"tags":[],"_links":{"self":[{"href":"http:\/\/www.prolocodeliceto.it\/zeroweb\/index.php?rest_route=\/wp\/v2\/posts\/7104"}],"collection":[{"href":"http:\/\/www.prolocodeliceto.it\/zeroweb\/index.php?rest_route=\/wp\/v2\/posts"}],"about":[{"href":"http:\/\/www.prolocodeliceto.it\/zeroweb\/index.php?rest_route=\/wp\/v2\/types\/post"}],"author":[{"embeddable":true,"href":"http:\/\/www.prolocodeliceto.it\/zeroweb\/index.php?rest_route=\/wp\/v2\/users\/29"}],"replies":[{"embeddable":true,"href":"http:\/\/www.prolocodeliceto.it\/zeroweb\/index.php?rest_route=%2Fwp%2Fv2%2Fcomments&post=7104"}],"version-history":[{"count":9,"href":"http:\/\/www.prolocodeliceto.it\/zeroweb\/index.php?rest_route=\/wp\/v2\/posts\/7104\/revisions"}],"predecessor-version":[{"id":7111,"href":"http:\/\/www.prolocodeliceto.it\/zeroweb\/index.php?rest_route=\/wp\/v2\/posts\/7104\/revisions\/7111"}],"wp:featuredmedia":[{"embeddable":true,"href":"http:\/\/www.prolocodeliceto.it\/zeroweb\/index.php?rest_route=\/wp\/v2\/media\/7115"}],"wp:attachment":[{"href":"http:\/\/www.prolocodeliceto.it\/zeroweb\/index.php?rest_route=%2Fwp%2Fv2%2Fmedia&parent=7104"}],"wp:term":[{"taxonomy":"category","embeddable":true,"href":"http:\/\/www.prolocodeliceto.it\/zeroweb\/index.php?rest_route=%2Fwp%2Fv2%2Fcategories&post=7104"},{"taxonomy":"post_tag","embeddable":true,"href":"http:\/\/www.prolocodeliceto.it\/zeroweb\/index.php?rest_route=%2Fwp%2Fv2%2Ftags&post=7104"}],"curies":[{"name":"wp","href":"https:\/\/api.w.org\/{rel}","templated":true}]}}