{"id":710,"date":"2009-04-30T20:17:09","date_gmt":"2009-04-30T19:17:09","guid":{"rendered":"http:\/\/www.prolocodeliceto.it\/zeroweb\/?p=710"},"modified":"2009-04-30T20:34:48","modified_gmt":"2009-04-30T19:34:48","slug":"galderisi-il-vescovo-che-amava-dimorare-a-deliceto","status":"publish","type":"post","link":"http:\/\/www.prolocodeliceto.it\/zeroweb\/?p=710","title":{"rendered":"Galderisi, il Vescovo che amava dimorare a Deliceto"},"content":{"rendered":"<p>Foto: Palazzo Galderisi, oggi sede del Comune.<br \/>\nFoto: Stemma di Galderisi.<\/p>\n<p>Monsignor Antonio Galderisi, il Vescovo che amava dimorare a Deliceto<\/p>\n<p><a href=\"http:\/\/www.prolocodeliceto.it\/zeroweb\/wp-content\/storia-nostra1.jpg\" title=\"storia-nostra1.jpg\"><img decoding=\"async\" loading=\"lazy\" width=\"98\" src=\"http:\/\/www.prolocodeliceto.it\/zeroweb\/wp-content\/storia-nostra1.jpg\" alt=\"storia-nostra1.jpg\" height=\"136\" style=\"width: 98px; height: 136px\" \/><\/a><\/p>\n<p>DELICETO &#8211; I delicetani hanno sempre conservato, soprattutto nei secoli passati, una pura e viva fede verso la Chiesa Cattolica. Ne sono esatta testimonianza, tra l\u2019altro, i Vescovi della Diocesi di Bovino che con piacere venivano a soggiornare in mezzo alla nostra gente, come: Angelo Giustiniani, Angelo Ceraso, Antonio Lucci e Giovanni Antonio Galderisi. Quest\u2019ultimo, originario di Monopoli (BA), venne nominato Vescovo il 16 gennaio 1616 nella Cappella Paolina di San Pietro e prese possesso della sua Diocesi il 7 marzo successivo e vi rest\u00f2 fino alla morte, avvenuta il 7 febbraio 1658 a Deliceto.<br \/>\nMonsignor Galderisi fu un ottimo pastore che, durante il suo presulato, si dedic\u00f2 alle cure del proprio ministero e non abbandon\u00f2 mai il suo gregge (1). Egli mostr\u00f2 una particolare benevolenza verso Deliceto, fino al punto di fissarvi la sua dimora per sei mesi all\u2019anno. Per tale scopo il Capitolo della Collegiata mise a disposizione un suo fabbricato adibito a Rettoria, che egli trasform\u00f2 in un bel fabbricato chiamato dai delicetani \u201cPalazzo di Monsignore\u201d, che don\u00f2 post mortem con atto notarile dell\u201911.11.1631 al Capitolo della Collegiata (2). Attualmente il Palazzo \u00e8 la sede del Comune. Il Vescovo Galderisi tanto am\u00f2 e predilesse la nostra collegiale chiesa da istituirvi la Cappella della Madonna della Madia, protettrice di Monopoli, sua citt\u00e0 natale, e vi pose un grosso dipinto raffigurante una Madonna bizantineggiante del 1280 circa, conservata nella Cattedrale, con dipinta al di sotto una nave con angeli in ricordo del prodigioso approdo della Madonna sulla riva del mare di Monopoli avvenuta nel XIII secolo (3). Attualmente la bella tela \u00e8 conservata sulla parete destra della Chiesa di Sant\u2019Anna e Morti. Altri segni di benevolenza di questo prelato verso Deliceto sono il trono vescovile della Collegiata, che altre chiese della Diocesi non hanno, ci\u00f2 fa di essa quasi una concattedrale, diritto che si pu\u00f2 acquistare anche col possesso immemorabile dalle chiese che sono prossime nel grado della cattedrale (4). Vi sono, inoltre, due grossi stemmi vescovili in pietra che riportano le insegne del prelato: in alto vi \u00e8 inciso il cappello vescovile con dei cordoni laterali che circondano una colomba recante un ramoscello d\u2019ulivo in bocca e, sotto, la scritta di GIO.ANT.GALD., attualmente custoditi nel Museo della Confraternita della Chiesa di S. Anna e Morti. Quello pi\u00f9 deturpato dalle intemperie doveva sicuramente sormontare l\u2019ingresso del Palazzo Vescovile di Deliceto, l\u2019attuale sede comunale, mentre l\u2019altro, pi\u00f9 intatto e meglio conservato, doveva trovarsi nella Collegiata di Deliceto vicino alla Cappella della Madonna della Madia.<br \/>\nSarebbe auspicabile, come tante volte \u00e8 stato chiesto dall\u2019Archeoclub \u201cG. Bracca\u201d di Deliceto, che l\u2019Amministrazione Comunale intitolasse, con un cartello turistico o una targa in marmo, la propria sede \u201cPalazzo Galderisi sec. XVII\u201d e che una copia dello stemma vescovile ne sormontasse degnamente il suo ingresso in ricordo e in rispetto di un Vescovo che ha tanto amato il clero ed il popolo di Deliceto.<\/p>\n<p>Paolo Carmine Pacella<\/p>\n<p>Note<br \/>\n(1) Cesare Durante &#8211; \u201cI Vescovi di Bovino\u201d;<br \/>\n(2) Amedeo Iossa \u2013 \u201cDeliceto \u2013 Notizie Storiche\u201d 1972;<br \/>\n(3) Giuseppe Bracca \u2013 \u201cMemorie Storiche di Deliceto\u201d 1903;<br \/>\n(4) G. Bracca op. cit.<\/p>\n","protected":false},"excerpt":{"rendered":"<p>Foto: Palazzo Galderisi, oggi sede del Comune. Foto: Stemma di Galderisi. Monsignor Antonio Galderisi, il Vescovo che amava dimorare a Deliceto DELICETO &#8211; I delicetani hanno sempre conservato, soprattutto nei secoli passati, una pura e viva fede verso la Chiesa Cattolica. Ne sono esatta testimonianza, tra l\u2019altro, i Vescovi della Diocesi di Bovino che con [&hellip;]<\/p>\n","protected":false},"author":29,"featured_media":0,"comment_status":"open","ping_status":"open","sticky":false,"template":"","format":"standard","meta":[],"categories":[7],"tags":[],"_links":{"self":[{"href":"http:\/\/www.prolocodeliceto.it\/zeroweb\/index.php?rest_route=\/wp\/v2\/posts\/710"}],"collection":[{"href":"http:\/\/www.prolocodeliceto.it\/zeroweb\/index.php?rest_route=\/wp\/v2\/posts"}],"about":[{"href":"http:\/\/www.prolocodeliceto.it\/zeroweb\/index.php?rest_route=\/wp\/v2\/types\/post"}],"author":[{"embeddable":true,"href":"http:\/\/www.prolocodeliceto.it\/zeroweb\/index.php?rest_route=\/wp\/v2\/users\/29"}],"replies":[{"embeddable":true,"href":"http:\/\/www.prolocodeliceto.it\/zeroweb\/index.php?rest_route=%2Fwp%2Fv2%2Fcomments&post=710"}],"version-history":[{"count":0,"href":"http:\/\/www.prolocodeliceto.it\/zeroweb\/index.php?rest_route=\/wp\/v2\/posts\/710\/revisions"}],"wp:attachment":[{"href":"http:\/\/www.prolocodeliceto.it\/zeroweb\/index.php?rest_route=%2Fwp%2Fv2%2Fmedia&parent=710"}],"wp:term":[{"taxonomy":"category","embeddable":true,"href":"http:\/\/www.prolocodeliceto.it\/zeroweb\/index.php?rest_route=%2Fwp%2Fv2%2Fcategories&post=710"},{"taxonomy":"post_tag","embeddable":true,"href":"http:\/\/www.prolocodeliceto.it\/zeroweb\/index.php?rest_route=%2Fwp%2Fv2%2Ftags&post=710"}],"curies":[{"name":"wp","href":"https:\/\/api.w.org\/{rel}","templated":true}]}}