{"id":7097,"date":"2012-11-18T09:31:46","date_gmt":"2012-11-18T08:31:46","guid":{"rendered":"http:\/\/www.prolocodeliceto.it\/zeroweb\/?p=7097"},"modified":"2012-11-18T09:39:52","modified_gmt":"2012-11-18T08:39:52","slug":"unplinews","status":"publish","type":"post","link":"http:\/\/www.prolocodeliceto.it\/zeroweb\/?p=7097","title":{"rendered":"UNPLINEWS"},"content":{"rendered":"<p><a href=\"http:\/\/www.prolocodeliceto.it\/zeroweb\/wp-content\/uploads\/LOGO-UNPLI.gif\"><img decoding=\"async\" loading=\"lazy\" class=\"aligncenter  wp-image-7101\" title=\"LOGO-UNPLI\" src=\"http:\/\/www.prolocodeliceto.it\/zeroweb\/wp-content\/uploads\/LOGO-UNPLI.gif\" alt=\"\" width=\"390\" height=\"342\" \/><\/a><\/p>\n<table width=\"900\" border=\"0\" cellspacing=\"0\" cellpadding=\"5\" align=\"center\">\n<tbody>\n<tr>\n<td bgcolor=\"#ffffff\" width=\"100%\"><img decoding=\"async\" loading=\"lazy\" src=\"http:\/\/www.prolocounpli.it\/newsletter\/header.png\" alt=\"\" width=\"900\" height=\"100\" \/><\/td>\n<\/tr>\n<tr>\n<td>\u00a0<\/td>\n<\/tr>\n<tr>\n<td>\n<table width=\"900\" border=\"1\" cellspacing=\"0\" cellpadding=\"4\">\n<tbody>\n<tr>\n<td valign=\"top\" bgcolor=\"#ffffff\">\n<table width=\"100%\" border=\"0\" cellspacing=\"0\" cellpadding=\"4\">\n<tbody>\n<tr>\n<td align=\"center\" valign=\"top\" width=\"23%\"><img decoding=\"async\" loading=\"lazy\" src=\"http:\/\/www.prolocounpli.it\/newsletter\/Nardocci_Loano2.jpg\" alt=\"\" width=\"400\" height=\"266\" \/><br \/>\n<em>Foto di Aldo Merlo<\/em><\/td>\n<td valign=\"top\" width=\"77%\"><strong>Editoriale<\/strong>Cari amici, scrivo mentre abbiamo ancora negli occhi la bellissima Assemblea di Loano, che per me e per molti \u00e8 stata una delle migliori realizzate durante i 50 anni di vita della nostra Unione, che proprio in quel giorno stavamo festeggiando.<br \/>\nSicuro di interpretare il pensiero di tutti i partecipanti all&#8217;appuntamento, rinnovo i ringraziamenti a Bruna Terrile, Giorgio Antognoli ed ai loro collaboratori Gianni Boffredo e Albertino Negro, alla Presidente della Pro Loco di Loano ed alla Direzione del Loano 2 Village per la cortesia e disponibilit\u00e0. Mi sembra anche che i contenuti dell&#8217;Assemblea abbiano suscitato molto interesse nei presenti e le richieste di documentazione filmate e presentazioni siano state numerose, a conferma di quanto visto durante le giornate di venerd\u00ec e sabato.<br \/>\nGli spettacoli serali hanno degnamente completato il programma e permesso ai Delegati ed ai loro accompagnatori di fare amicizia e scambiare opinioni ed esperienze. I commenti entusiastici di moltissimi ci hanno riempito di orgoglio.<br \/>\nA proposito, considerati gli innumerevoli complimenti e le esternazioni di gradimento sul luogo che ci ha ospitato e sulla deliziosa cucina, come forse saprete, abbiamo provveduto a sottoscrivere una convenzione con il Loano 2 Village che permetter\u00e0 ai possessori della &#8220;Tessera del Socio&#8221; di usufruire di uno sconto del 10% sulle tariffe applicate.<\/td>\n<\/tr>\n<tr>\n<td colspan=\"2\" align=\"center\" valign=\"top\">Un benvenuto sincero a tutti i nuovi Dirigenti Nazionali e ai Presidenti Regionali li invito ad esprimere le loro idee ma anche le loro perplessit\u00e0. Intanto Vi anticipo che il primo Consiglio Nazionale si terr\u00e0 il 24-25 novembre a Roma o nelle immediate vicinanze per permettere a tutti un comodo afflusso. In questo ultimo periodo ci siamo molto confrontati e qualche volta purtroppo anche scontrati, uno dei miei obiettivi immediati \u00e8 anche quello di riportare armonia nel gruppo quindi prego tutti di abbandonare i vecchi risentimenti per ripartire con un nuovo spirito aperto ad una fase molto concentrata sul &#8220;fare&#8221; piuttosto che sul &#8220;dire&#8221;. Ora viene la parte pi\u00f9 difficile di quanto progettato in &#8220;Evoluzione Pro Loco&#8221;. Infatti alla teoria deve seguire la pratica e non abbiamo neanche un secondo da perdere. Nel giro di un anno dobbiamo cambiare marcia, penso che per avere le giuste motivazioni dobbiamo sentirci &#8220;tutti sotto esame&#8221; ad iniziare da me, naturalmente. Abbiamo avuto la conferma che la visione degli attuali pregi e difetti dell&#8217;UNPLI \u00e8 condivisa ed allora dobbiamo proporre risposte operative. Cercare di coinvolgere il maggior numero di Dirigenti e di Pro Loco possibili per vincere una nuova sfida, quella di crescere ancora! Come ho gi\u00e0 scritto una volta, essere chiari aiuta! Un abbraccio forte e buon lavoro a tutti.<strong>Il Presidente UNPLI<br \/>\nClaudio Nardocci<\/strong><\/td>\n<\/tr>\n<\/tbody>\n<\/table>\n<\/td>\n<\/tr>\n<tr>\n<td valign=\"top\" bgcolor=\"#ffffff\">\u00a0<\/td>\n<\/tr>\n<tr>\n<td valign=\"top\" bgcolor=\"#ffffff\">\n<table width=\"100%\" border=\"0\" cellspacing=\"0\" cellpadding=\"4\">\n<tbody>\n<tr>\n<td align=\"center\" valign=\"top\"><img decoding=\"async\" loading=\"lazy\" src=\"http:\/\/www.prolocounpli.it\/newsletter\/poste.png\" alt=\"\" width=\"200\" height=\"126\" \/><\/td>\n<td valign=\"top\"><strong>Convenzione con Poste Italiane<\/strong>In questi giorni \u00e8 stata stipulata una importante convenzione con Poste Italiane che prevede moltissime facilitazioni per le Pro Loco iscritte su prodotti postali e di telefonia.<\/p>\n<p>Per leggere l&#8217;intera convenzione <a href=\"http:\/\/www.prolocounpli.it\/newsletter\/PI_UNPLI.doc\">clicca qui<\/a>.<\/td>\n<\/tr>\n<\/tbody>\n<\/table>\n<\/td>\n<\/tr>\n<tr>\n<td valign=\"top\" bgcolor=\"#ffffff\">\u00a0<\/td>\n<\/tr>\n<tr>\n<td valign=\"top\" bgcolor=\"#ffffff\">\n<table width=\"100%\" border=\"0\" cellspacing=\"0\" cellpadding=\"4\">\n<tbody>\n<tr>\n<td align=\"center\" valign=\"top\"><img decoding=\"async\" loading=\"lazy\" src=\"http:\/\/www.prolocounpli.it\/newsletter\/spendingreview.png\" alt=\"\" width=\"200\" height=\"150\" \/><\/td>\n<td valign=\"top\"><strong>Importante: Spending review!<\/strong>Riportiamo nel link di seguito il testo della Spending Review (art. 4 comma 6) che riguarda l&#8217;erogazione di fondi da parte delle P.A. agli altri enti. Diventa sempre pi\u00f9 importante che le Pro Loco, tramite l&#8217;UNPLI, diventino Associazioni di Promozione Sociale. Per informazioni su come fare scrivete a unpli@tiscali.it o chiamate la nostra segreteria nazionale al numero 0699226483.<\/p>\n<p>Leggi il testo della spendig review <a href=\"http:\/\/www.prolocounpli.it\/newsletter\/SpendingReviewArt4comma6.pdf\">clicca qui<\/a>.<\/td>\n<\/tr>\n<\/tbody>\n<\/table>\n<\/td>\n<\/tr>\n<tr>\n<td valign=\"top\" bgcolor=\"#ffffff\">\u00a0<\/td>\n<\/tr>\n<tr>\n<td valign=\"top\" bgcolor=\"#ffffff\">\n<table width=\"100%\" border=\"0\" cellspacing=\"0\" cellpadding=\"4\">\n<tbody>\n<tr>\n<td align=\"center\" valign=\"top\"><img decoding=\"async\" loading=\"lazy\" src=\"http:\/\/www.prolocounpli.it\/newsletter\/torta.jpg\" alt=\"\" width=\"200\" height=\"133\" \/><em>Foto di Aldo Merlo<\/em><\/td>\n<td valign=\"top\"><strong>Assemblea Nazionale di Loano. Gli eletti<\/strong><em><\/em>Durante i lavori assembleari, oltre alla nomina del Presidente Nardocci, si sono svolte le elezioni per il rinnovo del collegio dei Probiviri e dei Revisori dei conti.<\/p>\n<table width=\"100%\" border=\"1\" cellspacing=\"0\" cellpadding=\"0\">\n<tbody>\n<tr>\n<td><strong>Collegio Probiviri<\/strong>:<br \/>\nPresidente: Alfredo Morelli (Umbria)<br \/>\nComponente: Amelia Girardi (Campania)<br \/>\nComponente: Miria Baggio (Veneto)<br \/>\nSupplente: Flavio Barbina (Friuli VG)<br \/>\nSupplente: Fabrizio Ricciardi (Piemonte)<\/td>\n<td><strong>Collegio Revisori dei Conti:<\/strong><br \/>\nPresidente: Giorgio Colombino (Sardegna)<br \/>\nComponente Salvatore Oliverio (Friuli VG)<br \/>\nComponente: Ivana Lanza (Piemonte)<br \/>\nSupplente: Beniamino Indino (Puglia)<br \/>\nSupplente: Alessandro Chiti (Toscana)<\/td>\n<\/tr>\n<\/tbody>\n<\/table>\n<\/td>\n<\/tr>\n<\/tbody>\n<\/table>\n<\/td>\n<\/tr>\n<tr>\n<td valign=\"top\" bgcolor=\"#ffffff\">\u00a0<\/td>\n<\/tr>\n<tr>\n<td valign=\"top\" bgcolor=\"#ffffff\">\n<table width=\"100%\" border=\"0\" cellspacing=\"0\" cellpadding=\"4\">\n<tbody>\n<tr>\n<td align=\"center\" valign=\"top\"><img decoding=\"async\" loading=\"lazy\" src=\"http:\/\/www.prolocounpli.it\/newsletter\/unesco.png\" alt=\"\" width=\"200\" height=\"194\" \/><\/td>\n<td valign=\"top\"><strong>Settimana UNESCO di Educazione allo Sviluppo Sostenibile 2012<\/strong>Stiamo raccogliendo immagini per una mostra fotografica incentrata sul rapporto tra i saperi tradizionali e le eccellenze dell&#8217;enogastronomia italiana. La mostra sar\u00e0 stampata ma anche condivisa sul nostro sito e sul profilo Facebook con una visibilit\u00e0 molto ampia a livello nazionale. Le Pro Loco ogni anno organizzano numerose feste e sagre legate ai prodotti tipici del territorio. L&#8217;obiettivo \u00e8 quello di promuovere l&#8217;evento all&#8217;interno della Settimana Settimana UNESCO di Educazione allo Sviluppo Sostenibile dal 19 al 25 novembre 2012 dal titolo: &#8220;Madre Terra: Alimentazione, Agricoltura ed Ecosistema&#8221;.<br \/>\nPER PARTECIPARE: Inviate la foto del prodotto tipico promosso dalla vostra Sagra (alta risoluzione) e una descrizione (max 10 righe) delle sue peculiarit\u00e0 (accenni alle tecniche di produzione, curiosit\u00e0, ecc&#8230;).<\/p>\n<p><strong>SCADENZA INVIO FOTO E TESTI: 17 novembre 2012<\/strong><\/p>\n<p><strong>Mail di riferimento per l&#8217;invio del materiale <a href=\"mailto:progetti@unpli.info\">progetti@unpli.info<\/a><\/strong><\/td>\n<\/tr>\n<\/tbody>\n<\/table>\n<\/td>\n<\/tr>\n<tr>\n<td valign=\"top\" bgcolor=\"#ffffff\">\u00a0<\/td>\n<\/tr>\n<tr>\n<td valign=\"top\" bgcolor=\"#ffffff\" width=\"80%\">\n<table width=\"100%\" border=\"0\" cellspacing=\"0\" cellpadding=\"4\">\n<tbody>\n<tr>\n<td align=\"center\" valign=\"top\"><img decoding=\"async\" loading=\"lazy\" src=\"http:\/\/www.prolocounpli.it\/newsletter\/loano_2012a.JPG\" alt=\"\" width=\"200\" height=\"133\" \/><\/td>\n<td valign=\"top\"><strong>Sagre: la sfida delle Pro Loco <\/strong><em>(dalla newsletter di UNPLI Liguria)<\/em>Le Pro loco italiane si rinnovano e dicono basta alle speculazioni sulle Sagre. La recente Assemblea nazionale ha deciso di puntare sul rinnovamento e sulla qualit\u00e0. Nardocci: &#8220;Intendiamo aprire una vertenza a tutti i livelli perch\u00e9 cessi questo massacro attuato solo per basse speculazioni&#8221;\u201d.<\/p>\n<p><a href=\"http:\/\/www.unpliliguria.it\/eventi_leggi.php?id_eventi=804&amp;gett=s\">Leggi tutto<\/a><\/td>\n<\/tr>\n<\/tbody>\n<\/table>\n<\/td>\n<\/tr>\n<tr>\n<td valign=\"top\" bgcolor=\"#ffffff\">\u00a0<\/td>\n<\/tr>\n<tr>\n<td valign=\"top\" bgcolor=\"#ffffff\">\n<table width=\"100%\" border=\"0\" cellspacing=\"0\" cellpadding=\"4\">\n<tbody>\n<tr>\n<td valign=\"top\" width=\"23%\"><img decoding=\"async\" loading=\"lazy\" src=\"http:\/\/www.prolocounpli.it\/newsletter\/terrile.jpg\" alt=\"\" width=\"200\" height=\"133\" \/><\/td>\n<td valign=\"top\" width=\"77%\"><strong>Terrile: &#8220;Per le Pro Loco un corso di formazione&#8221; <\/strong><em>(dalla newsletter di UNPLI Liguria)<\/em>A conclusione dell&#8217;Assemblea Nazionale UNPLI Bruna Terrile, presidente UNPLI Liguria, fa un bilancio dei tre giorni passati a Loano. Tra gli obiettivi futuri sottolinea l&#8217;idea dei corsi di formazione per le Pro Loco, visto che le leggi cambiano in continuazione e i controlli aumentano.<\/p>\n<p><a href=\"http:\/\/www.unpliliguria.it\/eventi_leggi.php?id_eventi=809&amp;gett=s\">Leggi tutto<\/a><\/td>\n<\/tr>\n<\/tbody>\n<\/table>\n<\/td>\n<\/tr>\n<tr>\n<td valign=\"top\" bgcolor=\"#ffffff\">\u00a0<\/td>\n<\/tr>\n<tr>\n<td valign=\"top\" bgcolor=\"#ffffff\">\n<table width=\"100%\" border=\"0\" cellspacing=\"0\" cellpadding=\"4\">\n<tbody>\n<tr>\n<td valign=\"top\" width=\"23%\"><img decoding=\"async\" loading=\"lazy\" src=\"http:\/\/www.prolocounpli.it\/newsletter\/loano2012c.JPG\" alt=\"\" width=\"200\" height=\"133\" \/><\/td>\n<td valign=\"top\" width=\"77%\"><strong>Nardocci: &#8220;E&#8217; importante credere nel futuro&#8221; <\/strong><em>(dalla newsletter di UNPLI Liguria)<\/em>Il discorso di Claudio Nardocci, presidente nazionale Unpli, durante l&#8217;Assemblea Nazionale di Loano. &#8220;Il sistema delle Pro Loco \u00e8 giunto ad una svolta epocale. Cresciamo ancora solo se cresciamo insieme e non dobbiamo avere paura del cambiamento&#8221;.<\/p>\n<p><a href=\"http:\/\/www.unpliliguria.it\/eventi_leggi.php?id_eventi=803&amp;gett=s\">Leggi tutto<\/a><\/td>\n<\/tr>\n<\/tbody>\n<\/table>\n<\/td>\n<\/tr>\n<tr>\n<td valign=\"top\" bgcolor=\"#ffffff\">\u00a0<\/td>\n<\/tr>\n<tr>\n<td valign=\"top\" bgcolor=\"#ffffff\">\n<table width=\"100%\" border=\"0\" cellspacing=\"0\" cellpadding=\"4\">\n<tbody>\n<tr>\n<td valign=\"top\" width=\"18%\"><img decoding=\"async\" loading=\"lazy\" src=\"http:\/\/www.prolocounpli.it\/newsletter\/loano2012d.JPG\" alt=\"\" width=\"200\" height=\"132\" \/><\/td>\n<td valign=\"top\" width=\"82%\"><strong>Assemblea Nazionale Unpli. Riconfermato Nardocci<\/strong> <em>(dalla newsletter di UNPLI Liguria)<\/em>Nella splendida cornice del &#8220;Loano 2 Village&#8221; si \u00e8 svolta l&#8217;Assemblea Nazionale UNPLI. Un successo straordinario per la Liguria che ha dimostrato di poter ospitare eventi di grande rilievo come questo. &#8220;Per noi \u00e8 stata una sfida straordinaria poter ospitare nella nostra regione l&#8217;Assemblea Nazionale&#8221; Commenta Bruna Terrile, presidente regionale dell&#8217;Unpli Liguria.<\/p>\n<p><a href=\"http:\/\/www.unpliliguria.it\/eventi_leggi.php?id_eventi=795&amp;gett=s\">Leggi tutto<\/a><\/td>\n<\/tr>\n<\/tbody>\n<\/table>\n<\/td>\n<\/tr>\n<tr>\n<td valign=\"top\" bgcolor=\"#ffffff\">\u00a0<\/td>\n<\/tr>\n<tr>\n<td valign=\"top\" bgcolor=\"#ffffff\">\n<table width=\"100%\" border=\"0\" cellspacing=\"0\" cellpadding=\"4\">\n<tbody>\n<tr>\n<td valign=\"top\" width=\"22%\"><img decoding=\"async\" loading=\"lazy\" src=\"http:\/\/www.prolocounpli.it\/newsletter\/loano2012e.jpg\" alt=\"\" width=\"200\" height=\"149\" \/><\/td>\n<td valign=\"top\" width=\"78%\"><strong>Per i soci UNPLI sconti al Loano 2 Village<\/strong> <em>(dalla newsletter di UNPLI Liguria)<\/em>Durante l&#8217;Assemblea Nazionale UNPLI tenutasi a Loano \u00e8 stata stipulata una particolare convenzione tra il Loano 2 Village e tutti gli associati UNPLI. Per tutto l&#8217;anno in corso (fino al 31 dicembre 2013) gli associati potranno usufruire delle tariffe preferenziali scontate del 10% rispetto al tariffario ufficiale di Hotel e Residence tutti i giorni dell&#8217;anno.<\/p>\n<p><a href=\"http:\/\/www.unpliliguria.it\/eventi_leggi.php?id_eventi=810&amp;gett=s\">Leggi tutto<\/a><\/td>\n<\/tr>\n<\/tbody>\n<\/table>\n<\/td>\n<\/tr>\n<tr>\n<td valign=\"top\" bgcolor=\"#ffffff\">\u00a0<\/td>\n<\/tr>\n<tr>\n<td valign=\"top\" bgcolor=\"#ffffff\">\n<table width=\"100%\" border=\"0\" cellspacing=\"0\" cellpadding=\"4\">\n<tbody>\n<tr>\n<td valign=\"top\" width=\"27%\"><img decoding=\"async\" loading=\"lazy\" src=\"http:\/\/www.prolocounpli.it\/newsletter\/carrarafiere.png\" alt=\"\" width=\"236\" height=\"98\" \/><\/td>\n<td valign=\"top\" width=\"73%\"><strong>Sconto a Carrara Fiere per i possessori della Tessera del Socio Pro Loco<\/strong>Su proposta della Pro Loco Aulla e del Consigliere Nazionale Nicola Lo Gatto, il nostro Consulente per il Turismo e Fiere, Ivan Perriera, \u00e8 riuscito ad ottenere una convenzione a favore di tutti i possessori della &#8220;Tessera del Socio Pro Loco&#8221; che potranno, cos\u00ec, ottenere l&#8217;ingresso scontato alla Fiera di Carrara. Le facilitazioni varranno per tutti gli eventi direttamente organizzati da CarraraFiere. Vi consigliamo, quindi, di visionare l&#8217;elenco (in continuo aggiornamento) delle fiere che si terranno presso il nostro complesso fieristico.<br \/>\nQuesto il link: <a href=\"http:\/\/www.carrarafiere.com\/manifestazioni\/elenco-manifestazioni.asp.\">http:\/\/www.carrarafiere.com\/manifestazioni\/elenco-manifestazioni.asp.<\/a><\/td>\n<\/tr>\n<tr>\n<td colspan=\"2\" valign=\"top\">La stessa convenzione \u00e8 stata stipulata per le manifestazioni Big Blue (Nautica) e Outdoors Experience che si svolgeranno a Roma dal 20 al 24 febbraio 3013.<br \/>\nInoltre, per tale manifestazione, tutti i soci in possesso della Tessera, titolari di un&#8217;azienda che volessero acquistare spazi espositivi, otterranno uno sconto del 20% sull&#8217;area nuda.<br \/>\nLa convenzione \u00e8 valida per i Soci di tutta l&#8217;Italia. Lo stesso cercheremo di ottenerlo sulle altre fiere d&#8217;Italia e su quelle che ci segnalerete.<a href=\"http:\/\/www.carrarafiere.com\/index.asp\">Vai al sito di Carrarafiere<\/a><\/td>\n<\/tr>\n<\/tbody>\n<\/table>\n<\/td>\n<\/tr>\n<tr>\n<td valign=\"top\" bgcolor=\"#ffffff\">\u00a0<\/td>\n<\/tr>\n<tr>\n<td valign=\"top\" bgcolor=\"#ffffff\">\n<table width=\"100%\" border=\"0\" cellspacing=\"0\" cellpadding=\"4\">\n<tbody>\n<tr>\n<td valign=\"top\" width=\"30%\"><img decoding=\"async\" loading=\"lazy\" src=\"http:\/\/www.prolocounpli.it\/newsletter\/nontex.png\" alt=\"\" width=\"300\" height=\"152\" \/><\/td>\n<td valign=\"top\" width=\"70%\"><strong>Convenzione con la Nontex<\/strong>Una convenzione molto utile per le Pro Loco Unpli \u00e8 stata sottoscritta con l&#8217;Azienda Nontex, specializzata da oltre trent&#8217;anni nel settore dei tessuti non tessuti (TNT). Ideale per la realizzazione di qualit\u00e0 a basso costo di banner, lunghi tovagliati per tavolate, fondali per spettacoli teatrali ed altro ancora, numerose pro loco stanno gi\u00e0 utilizzando i loro servizi, ora grazie alla convenzione UNPLI, ancora pi\u00f9 convenienti, \u00e8 sufficiente telefonare allo 0574 68 26 71 per girare le nostre esigenze e scoprire lo sconto a noi riservato.<\/p>\n<p><a href=\"http:\/\/www.unioneproloco.it\/images\/nontex.pdf\">Scarica la scheda di approfondimento<\/a><\/td>\n<\/tr>\n<\/tbody>\n<\/table>\n<\/td>\n<\/tr>\n<tr>\n<td valign=\"top\" bgcolor=\"#ffffff\">\u00a0<\/td>\n<\/tr>\n<tr>\n<td valign=\"top\" bgcolor=\"#ffffff\">\n<table width=\"100%\" border=\"0\" cellspacing=\"0\" cellpadding=\"4\">\n<tbody>\n<tr>\n<td valign=\"top\" width=\"23%\"><img decoding=\"async\" loading=\"lazy\" src=\"http:\/\/www.prolocounpli.it\/newsletter\/zoomarine.png\" alt=\"\" width=\"200\" height=\"145\" \/><\/td>\n<td valign=\"top\" width=\"77%\"><strong>Convenzione con Zoomarine<\/strong><strong><\/strong>Stipulata una convenzione col parco divertimenti Zoomarine di Torvaianica (Pomezia &#8211; RM).<br \/>\nStampando il coupon dal link sottostante e presentandolo con la Tessera del Socio Pro Loco presso le casse del Parco, avrete un biglietto omaggio acquistando un biglietto intero.<\/p>\n<p><a href=\"http:\/\/www.prolocounpli.it\/newsletter\/zoomarine.jpg\">Scarica il coupon<\/a><\/td>\n<\/tr>\n<\/tbody>\n<\/table>\n<\/td>\n<\/tr>\n<tr>\n<td valign=\"top\" bgcolor=\"#ffffff\">\u00a0<\/td>\n<\/tr>\n<tr>\n<td valign=\"top\" bgcolor=\"#ffffff\">\n<table width=\"100%\" border=\"0\" cellspacing=\"0\" cellpadding=\"4\">\n<tbody>\n<tr>\n<td valign=\"top\"><strong>Una &#8220;forma&#8221; di solidariet\u00e0<\/strong>:<strong> i dati della raccolta<\/strong>In attesa dei dati definitivi in merito all&#8217;iniziativa &#8220;Una forma di solidariet\u00e0&#8221; per aiutare le aziende colpite dal sisma, divulghiamo i dati provvisori:<\/p>\n<p><strong>150.000 kg circa di parmigiano acquistato<\/strong> per un controvalore di circa <strong>2.000.000 di Euro<\/strong>!<\/td>\n<\/tr>\n<\/tbody>\n<\/table>\n<\/td>\n<\/tr>\n<tr>\n<td valign=\"top\" bgcolor=\"#ffffff\">\u00a0<\/td>\n<\/tr>\n<tr>\n<td valign=\"top\" bgcolor=\"#ff0000\">RICEVIAMO DAL TERRITORIO:<\/td>\n<\/tr>\n<tr>\n<td valign=\"top\" bgcolor=\"#ffffff\">\u00a0<\/td>\n<\/tr>\n<tr>\n<td valign=\"top\" bgcolor=\"#ffffff\">\n<table width=\"100%\" border=\"0\" cellspacing=\"0\" cellpadding=\"4\">\n<tbody>\n<tr>\n<td valign=\"top\" width=\"22%\"><img decoding=\"async\" loading=\"lazy\" src=\"http:\/\/www.prolocounpli.it\/newsletter\/tipicitta.png\" alt=\"\" width=\"200\" height=\"130\" \/><\/td>\n<td valign=\"top\" width=\"78%\"><strong>&#8220;TipiCitt\u00e0: Un Viaggio tra le Pro Loco&#8221; <\/strong>L&#8217;evento rappresenta una grande opportunit\u00e0 di marketing territoriale e di sviluppo del nuovo turismo legato alle peculiarit\u00e0 italiane. Per favorire la consapevolezza del territorio e farne apprezzare le ricchezze, le suggestioni e le migliori tradizioni enogastronomiche italiane, la manifestazione si articoler\u00e0, attraverso l&#8217;installazione di Gazebi dedicati alle localit\u00e0 ospitate. Per l&#8217;occasione la Pro Loco di Roma si occuper\u00e0 anche della distribuzione di materiale divulgativo realizzato appositamente, che informer\u00e0 l&#8217;utenza sulle opportunit\u00e0 culturali, enogastronomiche e folkloristiche presenti. La location Piazza Risorgimento vuole favorire la fruizione toccando una zona di alto traffico pedonale e con un bacino di utenza variegato sia per quanto concerne le fasce di et\u00e0 sia di turisti, vista la prossimit\u00e0 con l&#8217;ingresso ai Musei Vaticani, Piazza San Pietro, l&#8217;ingresso alla metro A fermata Ottaviano e il polo commerciale rappresentato dall&#8217;incrocio tra Via Cola di Rienzo e Via Ottaviano. La manifestazione avr\u00e0 luogo durante il fine settimana del 1\/2 dicembre 2012 con orario d&#8217;apertura degli stand in un intervallo compreso tra le ore 10:00 e le ore 20:00. Gli Stand avranno una metratura di m 3&#215;3 ed un costo di ? 350,00 cad. Possono partecipare o intervenire all&#8217;evento rappresentanti delle Aziende del comparto enogastronomico e delle Pro Loco invitate. Verranno proposte degustazioni di prodotti tipici delle Aziende e delle Pro Loco invitate, con possibilit\u00e0 di vendita dei prodotti stessi. Verr\u00e0, inoltre, distribuito del materiale informativo cartaceo dei partecipanti e anche delle Pro Loco non presenti all&#8217;iniziativa, ma aderenti alla stessa tramite l&#8217;invio di materiale informativo delle medesime Pro Loco, che potr\u00e0 essere distribuito presso uno stand a disposizione dell&#8217;UNPLI Nazionale.<\/td>\n<\/tr>\n<\/tbody>\n<\/table>\n<\/td>\n<\/tr>\n<tr>\n<td valign=\"top\" bgcolor=\"#ffffff\">\u00a0<\/td>\n<\/tr>\n<tr>\n<td valign=\"top\" bgcolor=\"#ffffff\">\n<table width=\"100%\" border=\"0\" cellspacing=\"0\" cellpadding=\"4\">\n<tbody>\n<tr>\n<td valign=\"top\" width=\"22%\"><img decoding=\"async\" loading=\"lazy\" src=\"http:\/\/www.prolocounpli.it\/newsletter\/piroscafo_Oria.png\" alt=\"\" width=\"200\" height=\"110\" \/><\/td>\n<td valign=\"top\" width=\"78%\"><strong>Appello per le Pro Loco<\/strong>Inoltriamo questa richiesta di un gruppo di persone che stanno cercando di contattare i parenti delle vittime di un disastro navale accaduto nel 1944, per far riaffiorare dall&#8217;oblio questo evento dimenticato da 68 anni. Si tratta della vicenda del piroscafo Oria, andato a picco nel febbraio del 1944, con a bordo pi\u00f9 di 4000 italiani. Sul sito <a href=\"http:\/\/www.piroscafooria.it\/\">www.piroscafooria.it<\/a> si possono trovare tutte le informazioni per rispondere all&#8217;appello.<\/td>\n<\/tr>\n<\/tbody>\n<\/table>\n<\/td>\n<\/tr>\n<tr>\n<td valign=\"top\" bgcolor=\"#ffffff\">\u00a0<\/td>\n<\/tr>\n<tr>\n<td valign=\"top\" bgcolor=\"#ffffff\">\n<table width=\"100%\" border=\"0\" cellspacing=\"0\" cellpadding=\"4\">\n<tbody>\n<tr>\n<td valign=\"top\"><strong>La Statua di Giovanni Paolo II A Vuittone &#8211; Estratto dell&#8217;Intervista a Luigino Tacconi Presidente della Pro Loco di Vuittone<\/strong><strong><em>Come \u00e8 nata l&#8217;idea di questa iniziativa?<\/em><\/strong><br \/>\nAbbiamo sentito le famiglie della piazza Giovanni Paolo II ed abbiamo rilevato il loro desiderio di una valorizzazione dei bellissimi spazi di questa nuova piazza e soprattutto un attaccamento alla fede e a questo Papa. Abbiamo pensato che tanto i credenti quanto i non credenti ben sappiano quanto Papa Giovanni paolo II abbia lasciato nella storia dei giorni nostri.<\/p>\n<p><strong><em>Quando sar\u00e0 inaugurata e dove verr\u00e0 posizionata?<\/em><\/strong><br \/>\nLa statua \u00e8 stata ubicata precisamente sulla rotonda di piazza Giovanni Paolo II, l&#8217;inaugurazione \u00e8 avvenuta nella terza domenica di ottobre<\/td>\n<\/tr>\n<\/tbody>\n<\/table>\n<\/td>\n<\/tr>\n<\/tbody>\n<\/table>\n<\/td>\n<\/tr>\n<\/tbody>\n<\/table>\n<p>&nbsp;<\/p>\n<p>&nbsp;<\/p>\n<table width=\"900\" border=\"0\" align=\"center\">\n<tbody>\n<tr>\n<td width=\"900\">\n<table width=\"900\" border=\"0\" cellspacing=\"0\" cellpadding=\"0\">\n<tbody>\n<tr>\n<td width=\"120%\">\n<table width=\"100%\" border=\"1\" cellspacing=\"0\" cellpadding=\"4\">\n<tbody>\n<tr>\n<td bgcolor=\"#ffffff\" width=\"50%\">\n<table width=\"100%\" border=\"0\" cellspacing=\"0\" cellpadding=\"4\">\n<tbody>\n<tr bgcolor=\"#df0d14\">\n<td height=\"2\">\u00a0<\/td>\n<\/tr>\n<tr>\n<td><img decoding=\"async\" loading=\"lazy\" src=\"http:\/\/www.prolocounpli.it\/newsletter\/prolocomotiva.png\" alt=\"\" width=\"900\" height=\"100\" \/><\/td>\n<\/tr>\n<tr bgcolor=\"#df0d14\">\n<td height=\"2\">\u00a0<\/td>\n<\/tr>\n<tr>\n<td><strong><em>ProlocoMotiva \u00e8 la piazza virtuale dove le Pro Loco si incontrano dando vita a scambi continui di tutto ci\u00f2 che riguarda l&#8217;attivit\u00e0, le idee e le esperienze del nostro meraviglioso mondo.<\/em><\/strong><\/td>\n<\/tr>\n<tr>\n<td>\u00a0<\/p>\n<table width=\"100%\" border=\"1\" cellspacing=\"0\" cellpadding=\"0\" align=\"center\">\n<tbody>\n<tr>\n<td align=\"center\" bgcolor=\"#ffcc33\">\n<table width=\"100%\" border=\"1\" cellspacing=\"0\" cellpadding=\"4\">\n<tbody>\n<tr>\n<td colspan=\"2\" bgcolor=\"#ffffff\"><strong>Offerta n\u00b0 1 &#8211; Gazebo Avio e Fly in collaborazione con Artum Agency<\/strong><\/td>\n<\/tr>\n<tr>\n<td valign=\"top\" bgcolor=\"#ffffff\"><img decoding=\"async\" loading=\"lazy\" src=\"http:\/\/www.prolocounpli.it\/newsletter\/modello_Avio.jpg\" alt=\"\" width=\"400\" height=\"300\" \/><br \/>\n<em>Modello Avio <\/em>&nbsp;<\/p>\n<p><img decoding=\"async\" loading=\"lazy\" src=\"http:\/\/www.prolocounpli.it\/newsletter\/modello_Fly2.jpg\" alt=\"\" width=\"400\" height=\"300\" \/><br \/>\n<em>Modello Fly<\/em><\/p>\n<p>&nbsp;<\/p>\n<p><strong>Durante l&#8217;Assemblea Nazionale di Loano la Artum Agency doner\u00e0 5 gazebo a 5 Pro Loco estratte a sorte tra quelle che saranno presenti durante tutti i lavori assembleari!<\/strong><\/td>\n<td align=\"left\" valign=\"top\" bgcolor=\"#ffffff\">Con l&#8217;inizio del nuovo anno abbiamo il piacere di comunicarvi che il 12 gennaio nella sede nazionale dell&#8217;UNPLI \u00e8 stata rinnovata l&#8217;offerta per PROLOCOMOTIVA destinata alle Pro loco iscritte all&#8217;UNPLI con l&#8217;<em><strong>Artum Agency<\/strong><\/em>.<br \/>\nTale offerta manterr\u00e0 tutti i prezzi dei prodotti qui indicati bloccati fino al 29 Febbraio 2012.<br \/>\nI modelli di copertura sono ignifughi e compresi di tutte le certificazioni statiche necessarie.<strong>MODELLO AVIO<\/strong><br \/>\nStruttura portante in acciaio zincato, con palatura interna (diametro 60 cm x 2cm di spessore), scatolato perimetrale superiore cm 40 x 80, munito di copertura in tessuto P.V.C. , grammi 650 metro quadrato, con grado di ignifugazione in classe 2 (secondo le norme francesi italiane e tedesche in rispetto alle norme vigenti), laccato in entrambi i lati, ad alta resistenza.<br \/>\nDisponibili in nove colori: bianco, avorio, giallo, arancio, rosso, verde, azzurro, blu e grigio chiaro.<\/p>\n<p>Gazebo 3&#215;3 = ? 431,00<br \/>\nGazebo 4&#215;4 = ? 460,00<br \/>\nGazebo 5&#215;5 = ? 556,00<br \/>\nGazebo 6&#215;6 = ? 922,00<\/p>\n<p><strong>MODELLO FLY<\/strong><br \/>\nStruttura in acciaio zincato, con palatura esterna (diametro 60 cm x 2cm di spessore), munito di copertura in tessuto P.V.C. , grammi 650 metro quadrato, con grado di ignifugazione in classe 2 (secondo le norme francesi italiane e tedesche in rispetto alle norme vigenti), laccato in entrambi i lati, ad alta resistenza.<br \/>\nDisponibili in nove colori: bianco, avorio, giallo, arancio, rosso, verde, azzurro, blu e grigio chiaro.<\/p>\n<p>Gazebo 3&#215;3 = Euro 354,00<br \/>\nGazebo 4&#215;4 = Euro 430,00<br \/>\nGazebo 5&#215;5 = Euro 520,00<br \/>\nGazebo 6&#215;6 = Euro 862,00<\/p>\n<p>Disponibili due tipologie di pareti: fisse e scorrevoli con certificazione ignifuga<\/p>\n<table width=\"100%\" border=\"1\" cellspacing=\"0\" cellpadding=\"0\">\n<tbody>\n<tr>\n<td>PARETI FISSE<\/td>\n<td>PARETI SCORREVOLI<\/td>\n<\/tr>\n<tr>\n<td>3X3 = Euro 58,00<br \/>\n4X4 = Euro 77,00<br \/>\n5X5 = Euro 94,00<br \/>\n6X6 = Euro 119,00<\/td>\n<td>3X3 = Euro 74,00<br \/>\n4X4 = Euro 98,00<br \/>\n5X5 = Euro 117,00<br \/>\n6X6 = Euro 144,00<\/td>\n<\/tr>\n<\/tbody>\n<\/table>\n<table width=\"100%\" border=\"1\" cellspacing=\"0\" cellpadding=\"0\">\n<tbody>\n<tr>\n<td width=\"50%\">Gronde in PVC<\/td>\n<td width=\"50%\">Gronde in acciaio<\/td>\n<\/tr>\n<tr>\n<td>3&#215;3 = Euro 13,00<br \/>\n4&#215;4 = Euro 16,00<br \/>\n5&#215;5 = Euro 19,00<br \/>\n6&#215;6 = Euro 23,00<\/td>\n<td>3&#215;3 = Euro 24,00<br \/>\n4&#215;4 = Euro 35,00<br \/>\n5&#215;5 = Euro 53,00<br \/>\n6&#215;6 = Euro 67,00<\/td>\n<\/tr>\n<\/tbody>\n<\/table>\n<p>La grammatura \u00e8 650 gr\/mq.<br \/>\nIl prezzo indicato al di sotto di ogni singola finestra \u00e8 da addizionare al prezzo della parete. La <strong>Artum Agency <\/strong>verr\u00e0 incontro alle Pro Loco per le consegne e per i pagamenti dei gazebo. Per ulteriori informazioni e per prenotare il tuo gazebo scrivi a <a href=\"mailto:prolocomotiva@unpli.info\">prolocomotiva@unpli.info<\/a> o chiama lo 06.99.226483.<\/td>\n<\/tr>\n<tr>\n<td colspan=\"2\" bgcolor=\"#ffffff\"><img decoding=\"async\" loading=\"lazy\" src=\"http:\/\/www.prolocounpli.it\/newsletter\/artum.png\" alt=\"\" width=\"700\" height=\"151\" \/><\/td>\n<\/tr>\n<tr>\n<td colspan=\"2\" bgcolor=\"#ffffff\">\u00a0<\/td>\n<\/tr>\n<tr>\n<td colspan=\"2\" bgcolor=\"#ffffff\"><strong>Offerta n\u00b0 2 &#8211; Gilet UNPLI\/Pro Loco<\/strong><\/td>\n<\/tr>\n<tr>\n<td bgcolor=\"#ffffff\"><img decoding=\"async\" loading=\"lazy\" src=\"http:\/\/www.prolocounpli.it\/newsletter\/gilet2.jpg\" alt=\"\" width=\"400\" height=\"300\" \/><\/td>\n<td align=\"left\" valign=\"top\" bgcolor=\"#ffffff\">Molte associazioni che operano sul territorio nazionale hanno una propria divisa che le contraddistingue e le rende riconoscibili. Affinch\u00e9 anche le Pro Loco ed i loro soci si possano distinguere durante le migliaia di iniziative che organizzano ogni anno \u00e8 stata proposta la realizzazione di un <strong>gilet<\/strong> con il logo dell&#8217;<strong>UNPLI<\/strong> e la scritta <strong>Pro Loco\u00ae.<\/strong><br \/>\nCi farebbe ora piacere che questo gilet diventasse la <strong>divisa riconosciuta delle Pro Loco<\/strong> <strong><em>a livello nazionale<\/em><\/strong>.<br \/>\nQueste le caratteristiche del gilet:<\/p>\n<ul type=\"disc\">\n<li>Gilet mod. Safari Blu Royal senza maniche, con taschino trasparente per l&#8217;inserimento e personalizzazione della singola Pro Loco. Varie tasche e taschini con cerniere o chiusura a strappo;<\/li>\n<li>Sul davanti, in alto a sinistra, ricamo applicato del logo colorato UNPLI NAZIONALE e sotto la scritta UNPLI &#8211; Pro Loco Italiane;<\/li>\n<li>Serigrafia sulla schiena con, in alto, in grande la scritta <strong><span style=\"text-decoration: underline;\">PRO LOCO<\/span><\/strong> e in basso <a href=\"http:\/\/www.unioneproloco.it\/\">www.unioneproloco.it<\/a>;<\/li>\n<li>banda reflexible altezza 5 cm sulla schiena.<\/li>\n<li>Possibili 6 taglie:<\/li>\n<\/ul>\n<p>M (47-50) L (51-53) XL (54-56) XXL (57-59) XXXL (60-64) <strong>Taglia S esaurita<\/strong><\/p>\n<p>Prezzo unitario per ogni gilet Euro<strong><em> 13,00 <\/em><\/strong><\/p>\n<p>&nbsp;<\/p>\n<p><a href=\"http:\/\/www.prolocounpli.it\/newsletter\/gilet.doc\"><strong>Leggi tutto e scarica il modulo d&#8217;ordine<\/strong><\/a><\/td>\n<\/tr>\n<tr>\n<td colspan=\"2\" bgcolor=\"#ffffff\">\u00a0<\/td>\n<\/tr>\n<tr>\n<td colspan=\"2\" bgcolor=\"#ffffff\"><strong>Offerta n\u00b0 3 &#8211; Tavoli e panche per manifestazioni in collaborazione con Qualyline<\/strong><\/td>\n<\/tr>\n<tr>\n<td bgcolor=\"#ffffff\" width=\"46%\"><img decoding=\"async\" loading=\"lazy\" src=\"http:\/\/www.prolocounpli.it\/newsletter\/qualyline.jpg\" alt=\"\" width=\"400\" height=\"267\" \/><\/td>\n<td align=\"left\" valign=\"top\" bgcolor=\"#ffffff\" width=\"54%\"><strong>Set Tavolo e due panche Qualyline <\/strong><strong>Prezzo scontato UNPLI: Euro 93 iva esclusa<\/strong><\/p>\n<p><strong><em>Un po&#8217; di notizie:<\/em><\/strong><\/p>\n<ul>\n<li>Le assi vengono essiccate abbassandone il tasso di umidit\u00e0 a ca 10 &#8211; 12% il che garantisce una tenuta delle speciali colle utilizzate per unire i listelli che formano il piano.<\/li>\n<li>La ferramenta proposta \u00e8 sempre in ferro angolare verniciata a polvere!<\/li>\n<li>Nel caso fosse richiesto, si pu\u00f2 eseguire la marchiatura sotto le assi dei tavoli (inclusi nel prezzo riservato alle Pro Loco)<\/li>\n<li>Consegna del prodotto garantita per tutto l&#8217;arco dell&#8217;anno e consegne su tutto il territorio nazionale..<\/li>\n<\/ul>\n<p>Per acquistare il prodotto inviare una email a <a href=\"mailto:prolocomotiva@unpli.info\">prolocomotiva@unpli.info<\/a> con la quantit\u00e0 di pezzi richiesti, un contatto (mail e telefono) e l&#8217;indirizzo per la spedizione.<\/td>\n<\/tr>\n<\/tbody>\n<\/table>\n<table width=\"100%\" border=\"1\" cellspacing=\"0\" cellpadding=\"4\">\n<tbody>\n<tr>\n<td colspan=\"2\" bgcolor=\"#ffffff\">\u00a0<\/td>\n<\/tr>\n<tr>\n<td colspan=\"2\" bgcolor=\"#ffffff\"><strong>Offerta n\u00b0 4 &#8211; Spillette UNPLI<\/strong><\/td>\n<\/tr>\n<tr>\n<td bgcolor=\"#ffffff\" width=\"46%\"><img decoding=\"async\" loading=\"lazy\" src=\"http:\/\/www.prolocounpli.it\/newsletter\/pin.jpg\" alt=\"\" width=\"400\" height=\"261\" \/><\/td>\n<td align=\"left\" valign=\"top\" bgcolor=\"#ffffff\" width=\"54%\"><strong>Spillette in metallo con il logo UNPLI<\/strong>Sono disponibili presso la sede nazionale le spillette in metallo dell&#8217;UNPLI (dimensioni 1,2 x 1,7 cm).<br \/>\nIl costo \u00e8 di 1,50 Euro iva inclusa per spilletta (ordine minimo: 10 pezzi) + 5 Euro di spese di spedizione.<br \/>\nChiunque fosse interessato all&#8217;acquisto pu\u00f2 contattarci scrivendo a <a href=\"mailto:prolocomotiva@unpli.info\">prolocomotiva@unpli.info<\/a> o chiamando in sede allo 0699226483.<\/p>\n<p>Oppure si pu\u00f2 direttamente effettuare un bonifico intestato a:<\/p>\n<p><strong>UNPLI Servizi s.r.l.<br \/>\nCassa di Risparmio di Civitavecchia Ag. Ladispoli 1<br \/>\nIBAN: IT68D0613039530000052371C00<br \/>\nCausale: Acquisto pins Unpli <\/strong><em>(specificando il numero di spille richieste)<br \/>\n<\/em><\/p>\n<p>E successivamente inviare copia del bonifico a <a href=\"mailto:prolocomotiva@unpli.info\">prolocomotiva@unpli.info<\/a> (o via fax allo 0699223348) indicando i dati per la spedizione e per la fatturazione.<\/td>\n<\/tr>\n<tr>\n<td colspan=\"2\" bgcolor=\"#ffffff\">\u00a0<\/td>\n<\/tr>\n<tr>\n<td colspan=\"2\" bgcolor=\"#ffffff\"><strong>Offerta n\u00b0 5 &#8211; Spille personalizzate per le Vostre manifestazioni<\/strong><\/td>\n<\/tr>\n<tr>\n<td valign=\"top\" bgcolor=\"#ffffff\"><img decoding=\"async\" loading=\"lazy\" src=\"http:\/\/www.prolocounpli.it\/newsletter\/pin2.jpg\" alt=\"\" width=\"400\" height=\"400\" \/><\/td>\n<td align=\"left\" valign=\"top\" bgcolor=\"#ffffff\"><strong>Spillette tonde in latta personalizzabili con qualsiasi logo, immagine o scritta<\/strong>Per promuovere i Vostri eventi o da regalare ai Vostri soci spillette di differenti dimensioni (2,5 cm e 5 cm di diametro)<\/p>\n<table width=\"100%\" border=\"1\" cellspacing=\"0\" cellpadding=\"0\">\n<tbody>\n<tr>\n<td><strong>Costi delle spillette diametro 25 mm<\/strong><\/td>\n<td><strong>Costi delle spillette diametro 50 mm:<\/strong><\/td>\n<\/tr>\n<tr>\n<td>Fino a 50 pezzi: 0,70 Euro cad. iva inclusa<br \/>\n100 pezzi: 0,65 Euro cad. iva inclusa<br \/>\n200 pezzi: 0,60 Euro cad. iva inclusa<br \/>\n300 pezzi: 0,55 Euro cad. iva inclusa<br \/>\n500 pezzi: 0,50 Euro cad. iva inclusa<br \/>\n1000 pezzi 0,40 Euro cad. iva inclusa<\/td>\n<td>Fino a 50 pezzi: 0,90 Euro cad. iva inclusa<br \/>\n100 pezzi: 0,85 Euro cad. iva inclusa<br \/>\n200 pezzi: 0,80 Euro cad. iva inclusa<br \/>\n300 pezzi: 0,75 Euro cad. iva inclusa<br \/>\n500 pezzi: 0,70 Euro cad. iva inclusa<br \/>\n1000 pezzi 0,65 Euro cad. iva inclusa<\/td>\n<\/tr>\n<\/tbody>\n<\/table>\n<p>Ordine minimo: 10 pezzi<br \/>\nSpese di spedizione: 5 Euro<br \/>\nPer quantitativi diversi o superiori richiedere un preventivo.<br \/>\nChiunque fosse interessato all&#8217;acquisto pu\u00f2 contattarci scrivendo a <a href=\"mailto:prolocomotiva@unpli.info\">prolocomotiva@unpli.info<\/a> o chiamando in sede allo 0699226483.<br \/>\n(prima di procedere all&#8217;acquisto verr\u00e0 inviata una &#8220;bozza&#8221; da approvare)<\/p>\n<p>Dati per il pagamento tramite bonifico:<br \/>\n<strong>UNPLI Servizi s.r.l.<br \/>\nCassa di Risparmio di Civitavecchia Ag. Ladispoli 1<br \/>\nIBAN: IT68D0613039530000052371C00<br \/>\nCausale: Acquisto spillette <\/strong><em>(specificando il numero di spille richieste)<br \/>\n<\/em>Successivamente al pagamento inviare copia del bonifico a <a href=\"mailto:prolocomotiva@unpli.info\">prolocomotiva@unpli.info<\/a> (o via fax allo 0699223348) indicando i dati per la spedizione e per la fatturazione.<\/td>\n<\/tr>\n<tr>\n<td colspan=\"2\" valign=\"top\" bgcolor=\"#ffffff\"><strong>Offerta n\u00b0 6 &#8211; Bandiere UNPLI<\/strong><\/td>\n<\/tr>\n<tr>\n<td valign=\"top\" bgcolor=\"#ffffff\"><img decoding=\"async\" loading=\"lazy\" src=\"http:\/\/www.prolocounpli.it\/newsletter\/bandiere.jpg\" alt=\"\" width=\"400\" height=\"400\" \/><\/td>\n<td align=\"left\" valign=\"top\" bgcolor=\"#ffffff\"><strong>Bandiere UNPLI bianche o blu (60&#215;95 cm)<\/strong>Bandiere con il logo dell&#8217;UNPLI in tessuto sintetico disponibili in due colori (Bianco e blu) con asola per asta sul lato corto.<\/p>\n<p>Prezzo cadauna Euro 8,50<\/p>\n<p>Spese di spedizione Euro 5,00<\/p>\n<p>Chiunque fosse interessato all&#8217;acquisto pu\u00f2 contattarci scrivendo a <a href=\"mailto:prolocomotiva@unpli.info\">prolocomotiva@unpli.info<\/a> o chiamando in sede allo 0699226483.<\/p>\n<p>Dati per il pagamento tramite bonifico:<br \/>\n<strong>UNPLI Servizi s.r.l.<br \/>\nCassa di Risparmio di Civitavecchia Ag. Ladispoli 1<br \/>\nIBAN: IT68D0613039530000052371C00<br \/>\nCausale: Acquisto bandiere Unpli <\/strong><em>(specificando il numero di bandiere richieste)<\/em><\/p>\n<p><em>S<\/em>uccessivamente al pagamento inviare copia del bonifico a <a href=\"mailto:prolocomotiva@unpli.info\">prolocomotiva@unpli.info<\/a> (o via fax allo 0699223348) indicando i dati per la spedizione e per la fatturazione.<\/td>\n<\/tr>\n<\/tbody>\n<\/table>\n<\/td>\n<\/tr>\n<\/tbody>\n<\/table>\n<p>Per ulteriori informazioni scrivi a <a href=\"mailto:prolocomotiva@unpli.info\">prolocomotiva@unpli.info<\/a> o chiama lo 0699226483<\/td>\n<\/tr>\n<\/tbody>\n<\/table>\n<\/td>\n<\/tr>\n<\/tbody>\n<\/table>\n<\/td>\n<\/tr>\n<tr>\n<td>\u00a0<\/td>\n<\/tr>\n<tr bgcolor=\"#cccccc\">\n<td bgcolor=\"#ffff66\">\n<table width=\"100%\" border=\"0\" cellspacing=\"6\" cellpadding=\"6\">\n<tbody>\n<tr>\n<td>Hanno collaborato alla realizzazione di questa newsletter: Claudio Nardocci, Mario Barone, Guglielmo Nardocci, Gabriele Desiderio, Valerio Bruni, Angelo Lazzari, Elio Dongiovanni, Maria Enrica Rubino &#8211; UNPLINEWS \u00e8 una newsletter inviata dall&#8217;Unione Nazionale Pro Loco d&#8217;Italia<br \/>\nVia Regina Margherita, 21 &#8211; 00055 Ladispoli (RM) &#8211; Tel. 0699226483 &#8211; Fax 0699223348<br \/>\nE -mail <a href=\"mailto:unpli@tiscali.it\">unpli@tiscali.it<\/a> &#8211; <a href=\"mailto:unpli@tiscali.it?subject=Cancellami dalla newsletter\"><strong><em>Clicca qui se non vuoi pi\u00f9 ricevere la newsletter dell&#8217;UNPLI<\/em><\/strong><\/a><\/td>\n<\/tr>\n<\/tbody>\n<\/table>\n<\/td>\n<\/tr>\n<tr>\n<td>\u00a0<\/td>\n<\/tr>\n<\/tbody>\n<\/table>\n<\/td>\n<\/tr>\n<\/tbody>\n<\/table>\n","protected":false},"excerpt":{"rendered":"<p>\u00a0 Foto di Aldo Merlo EditorialeCari amici, scrivo mentre abbiamo ancora negli occhi la bellissima Assemblea di Loano, che per me e per molti \u00e8 stata una delle migliori realizzate durante i 50 anni di vita della nostra Unione, che proprio in quel giorno stavamo festeggiando. Sicuro di interpretare il pensiero di tutti i partecipanti [&hellip;]<\/p>\n","protected":false},"author":29,"featured_media":7101,"comment_status":"open","ping_status":"open","sticky":false,"template":"","format":"standard","meta":[],"categories":[7],"tags":[],"_links":{"self":[{"href":"http:\/\/www.prolocodeliceto.it\/zeroweb\/index.php?rest_route=\/wp\/v2\/posts\/7097"}],"collection":[{"href":"http:\/\/www.prolocodeliceto.it\/zeroweb\/index.php?rest_route=\/wp\/v2\/posts"}],"about":[{"href":"http:\/\/www.prolocodeliceto.it\/zeroweb\/index.php?rest_route=\/wp\/v2\/types\/post"}],"author":[{"embeddable":true,"href":"http:\/\/www.prolocodeliceto.it\/zeroweb\/index.php?rest_route=\/wp\/v2\/users\/29"}],"replies":[{"embeddable":true,"href":"http:\/\/www.prolocodeliceto.it\/zeroweb\/index.php?rest_route=%2Fwp%2Fv2%2Fcomments&post=7097"}],"version-history":[{"count":3,"href":"http:\/\/www.prolocodeliceto.it\/zeroweb\/index.php?rest_route=\/wp\/v2\/posts\/7097\/revisions"}],"predecessor-version":[{"id":7100,"href":"http:\/\/www.prolocodeliceto.it\/zeroweb\/index.php?rest_route=\/wp\/v2\/posts\/7097\/revisions\/7100"}],"wp:featuredmedia":[{"embeddable":true,"href":"http:\/\/www.prolocodeliceto.it\/zeroweb\/index.php?rest_route=\/wp\/v2\/media\/7101"}],"wp:attachment":[{"href":"http:\/\/www.prolocodeliceto.it\/zeroweb\/index.php?rest_route=%2Fwp%2Fv2%2Fmedia&parent=7097"}],"wp:term":[{"taxonomy":"category","embeddable":true,"href":"http:\/\/www.prolocodeliceto.it\/zeroweb\/index.php?rest_route=%2Fwp%2Fv2%2Fcategories&post=7097"},{"taxonomy":"post_tag","embeddable":true,"href":"http:\/\/www.prolocodeliceto.it\/zeroweb\/index.php?rest_route=%2Fwp%2Fv2%2Ftags&post=7097"}],"curies":[{"name":"wp","href":"https:\/\/api.w.org\/{rel}","templated":true}]}}