{"id":7071,"date":"2012-11-14T10:15:05","date_gmt":"2012-11-14T09:15:05","guid":{"rendered":"http:\/\/www.prolocodeliceto.it\/zeroweb\/?p=7071"},"modified":"2012-11-14T10:15:05","modified_gmt":"2012-11-14T09:15:05","slug":"a-proposito-delle-tessere-elrttorali","status":"publish","type":"post","link":"http:\/\/www.prolocodeliceto.it\/zeroweb\/?p=7071","title":{"rendered":"&#8230;A Proposito delle tessere elrttorali&#8230;"},"content":{"rendered":"<p align=\"center\">COMUNICATO STAMPA<\/p>\n<p align=\"center\"><strong>LA PROTESTA DEI LUCERINI CONTINUA E DEVE ANCORA CONTINUARE<\/strong><\/p>\n<p align=\"center\"><strong>\u2026 A proposito delle Tessere Elettorali\u2026<\/strong>\u00a0<\/p>\n<p>Poich\u00e9 da pi\u00f9 parti stanno giungendo domande tese a capire come fare per riottenere le tessere elettorali restituite al Comune durante la protesta dello scorso mese di Agosto, preme a questo Comitato far sapere che:<\/p>\n<p>1.- Le Tessere sono state depositate, dal Sindaco di Lucera, in uno a questo Comitato &#8211; solo delegato alla raccolta -, presso e nelle mani del Prefetto di Foggia, che le ha in legittima ed esclusiva custodia.<\/p>\n<p>2.- Chi volesse riottenere la disponibilit\u00e0 della propria Tessera Elettorale, dovr\u00e0 fare richiesta di restituzione al Prefetto di Foggia, anche tramite il Sindaco del Comune di iscrizione, che \u00e8 il legittimo rappresentante del Governo in sede.<\/p>\n<p>3.- Si fa per\u00f2 presente che: la LIBERA restituzione al rappresentante del Governo della propria Tessera Elettorale ha costituito un chiaro <strong><span style=\"text-decoration: underline;\">segno di protesta<\/span><\/strong> contro il potere e la classe politica che non \u00e8 riuscita a conservare a Lucera il presidio giudiziario, gli uffici finanziari periferici e quant\u2019altro. <strong><span style=\"text-decoration: underline;\">Questa protesta NON E\u2019 ANCORA CESSATA<\/span><\/strong>, anche perch\u00e9 a tutt\u2019oggi nessun provvedimento regressivo della soppressione del Tribunale \u00e8 stato adottato da chicchessia e men che mai dal potere politico e parlamentare.<\/p>\n<p>4.- E\u2019 pur vero che \u00e8 prevista la discussione di una mozione alla Camera dei Deputati per il 19 novembre che <em>impegnerebbe il Governo a rispettare il parere espresso dalla Commissione Giustizia della Camera<\/em>, ma:<\/p>\n<p>a.- ancora non sappiamo se la Camera approver\u00e0 tale mozione:<\/p>\n<p>b.- non sappiamo se altrettanto far\u00e0 il Senato \u2013 che a tutt\u2019oggi tace;<\/p>\n<p>c.- non sappiamo se il Governo intender\u00e0 adeguarsi \u2013 e come \u2013 all\u2019auspicato deliberato parlamentare (cui non resterebbe obbligato se non politicamente, ma ricordiamo che questo Governo si proclama tecnico\u2026!);<\/p>\n<p>d.- abbiamo richiesto a gran voce un emendamento da parte del Senato (che non ha il vincolo della <em>pertinenza<\/em>) che imponga lo slittamento in avanti di almeno due anni dell\u2019entrata in vigore del D.lgs.155\/2012 (emendamento da riproporre poi alla Camera), ma a tutt\u2019oggi non \u00e8 stato presentato. Solo alla Camera \u00e8 stata presentata un emendamento in tal senso dall\u2019On.le Costa, ma \u00e8 stato dichiarato inammissibile (proprio perch\u00e9 in questo ramo del Parlamento vige il principio della pertinenza).<\/p>\n<p align=\"center\"><strong>QUINDI LA NOSTRA TENSIONE E LA NOSTRA PROTESTA NON POSSONO\u2019 AFFIEVOLIRSI E RIMANGONO ALTISSIME.<\/strong><\/p>\n<p>Comprendiamo le esigenze di chi si sta impegnando in questo momento per le ormai famose Primarie da svolgersi di qui e di l\u00e0, dalla sinistra e dalla destra.<\/p>\n<p>Ma noi ci chiediamo:<\/p>\n<p>COSA HANNO FATTO <strong>PER EVITARE LA SOPPRESSIONE<\/strong> DEL NOSTRO TRIBUNALE DI LUCERA TUTTI I SIGNORI CHE ORA SI PROPONGONO COME PREMIER e TUTTE LE FORZE CHE ESSI RAPPRESENTANO?<\/p>\n<p>Restano ancora vivi nelle nostre orecchie i rintocchi delle Campane a Morto del 16 agosto e non possiamo ancora chiedere al nostro Vescovo di farle suonare a distesa!&#8230;..<\/p>\n<p>Il Comitato ritiene che la protesta sia ancora in piena attuazione e il mancato esercizio del diritto elettorale \u2013 anche alle cosiddette Primarie &#8211; debba costituire ancora un chiaro segnale di non condivisione della assoluta carenza di tutela del nostro territorio, sia da parte della classe politica in carica, sia \u2013 in special modo &#8211; di quella che si vuol proporre a condurre il prossimo governo.<\/p>\n<p>Noi notiamo infatti che nessuno ha preso posizione e di alcun genere sia sulla Giustizia sia sulla Geografia Giudiziaria sia sulle esigenze del Personale dei presidi soppressi.<\/p>\n<p>A ciascuno quindi la decisione sul da farsi!<\/p>\n<p>Noi non abbiamo limitato e non intendiamo ovviamente limitare la libert\u00e0 di chicchessia!<\/p>\n<p>&nbsp;<\/p>\n<div><em><span style=\"color: #ff0000;\"><strong>Comitato per la Difesa della Legalit\u00e0 in Capitanata (C.D.L.C.)<\/strong><\/span><\/em><\/div>\n<div>Sede: Sala degli Avvocati presso il Tribunale di Lucera<\/div>\n<div>Contatti:<\/div>\n<div>Presidente: Avv. Raffaele Preziuso &#8211; Lucera &#8211; 3356642063<\/div>\n<div>V. Presidente: Avv. Sabatino Del Priore &#8211; Cagnano Varano &#8211;<\/div>\n<div>Segretario: Avv. Antonio Santacroce &#8211; Lucera &#8211;<\/div>\n<div>Pubb. Rel.: Avv. Pasquale Caso &#8211; Lucera &#8211;<\/div>\n","protected":false},"excerpt":{"rendered":"<p>COMUNICATO STAMPA LA PROTESTA DEI LUCERINI CONTINUA E DEVE ANCORA CONTINUARE \u2026 A proposito delle Tessere Elettorali\u2026\u00a0 Poich\u00e9 da pi\u00f9 parti stanno giungendo domande tese a capire come fare per riottenere le tessere elettorali restituite al Comune durante la protesta dello scorso mese di Agosto, preme a questo Comitato far sapere che: 1.- Le Tessere [&hellip;]<\/p>\n","protected":false},"author":29,"featured_media":7072,"comment_status":"open","ping_status":"open","sticky":false,"template":"","format":"standard","meta":[],"categories":[7],"tags":[],"_links":{"self":[{"href":"http:\/\/www.prolocodeliceto.it\/zeroweb\/index.php?rest_route=\/wp\/v2\/posts\/7071"}],"collection":[{"href":"http:\/\/www.prolocodeliceto.it\/zeroweb\/index.php?rest_route=\/wp\/v2\/posts"}],"about":[{"href":"http:\/\/www.prolocodeliceto.it\/zeroweb\/index.php?rest_route=\/wp\/v2\/types\/post"}],"author":[{"embeddable":true,"href":"http:\/\/www.prolocodeliceto.it\/zeroweb\/index.php?rest_route=\/wp\/v2\/users\/29"}],"replies":[{"embeddable":true,"href":"http:\/\/www.prolocodeliceto.it\/zeroweb\/index.php?rest_route=%2Fwp%2Fv2%2Fcomments&post=7071"}],"version-history":[{"count":1,"href":"http:\/\/www.prolocodeliceto.it\/zeroweb\/index.php?rest_route=\/wp\/v2\/posts\/7071\/revisions"}],"predecessor-version":[{"id":7073,"href":"http:\/\/www.prolocodeliceto.it\/zeroweb\/index.php?rest_route=\/wp\/v2\/posts\/7071\/revisions\/7073"}],"wp:featuredmedia":[{"embeddable":true,"href":"http:\/\/www.prolocodeliceto.it\/zeroweb\/index.php?rest_route=\/wp\/v2\/media\/7072"}],"wp:attachment":[{"href":"http:\/\/www.prolocodeliceto.it\/zeroweb\/index.php?rest_route=%2Fwp%2Fv2%2Fmedia&parent=7071"}],"wp:term":[{"taxonomy":"category","embeddable":true,"href":"http:\/\/www.prolocodeliceto.it\/zeroweb\/index.php?rest_route=%2Fwp%2Fv2%2Fcategories&post=7071"},{"taxonomy":"post_tag","embeddable":true,"href":"http:\/\/www.prolocodeliceto.it\/zeroweb\/index.php?rest_route=%2Fwp%2Fv2%2Ftags&post=7071"}],"curies":[{"name":"wp","href":"https:\/\/api.w.org\/{rel}","templated":true}]}}