{"id":7045,"date":"2012-11-06T15:30:40","date_gmt":"2012-11-06T14:30:40","guid":{"rendered":"http:\/\/www.prolocodeliceto.it\/zeroweb\/?p=7045"},"modified":"2012-11-06T15:30:40","modified_gmt":"2012-11-06T14:30:40","slug":"archeologia-pubblica","status":"publish","type":"post","link":"http:\/\/www.prolocodeliceto.it\/zeroweb\/?p=7045","title":{"rendered":"ARCHEOLOGIA PUBBLICA"},"content":{"rendered":"<p><span style=\"font-family: Arial, Helvetica, sans-serif; font-size: small;\"><span style=\"font-family: Arial, Helvetica, sans-serif; font-size: small;\">\u00a0<\/span><\/span><\/p>\n<p align=\"center\"><span style=\"font-family: Calibri;\">Primo Congresso Nazionale di Archeologia Pubblica <\/span><\/p>\n<p><span style=\"font-family: Calibri;\">Si \u00e8 svolto a Firenze il 29 e 30 ottobre scorsi, nella Sala d\u2019Arme di Palazzo Vecchio, il primo congresso nazionale di archeologia pubblica. Il congresso \u00e8 stato organizzato dall\u2019Universit\u00e0 degli Studi di Firenze e dal Comune di Firenze ed ha puntato i riflettori su soggetti pubblici e privati, interessati a \u201cmettere in produzione\u201d il patrimonio culturale italiano, cercando di andare oltre le dichiarazioni programmatiche. La kermesse culturale ha inteso fornire uno spaccato delle esperienze migliori, scelte nel contesto euro-mediterraneo, che possano trasformare i Beni Archeologici da costo a volano di sviluppo socio-economico per la comunit\u00e0.<?_xml:namespace prefix = o ns = \"urn:schemas-microsoft-com:office:office\" ?><\/span><\/p>\n<p><span style=\"font-family: Calibri;\">Il Congresso \u00e8 stato strutturato in sei sezioni: Archeologia e Identit\u00e0 culturale- chair Guido Vannini (Universit\u00e0 di Firenze); L\u2019archeologo oggi: Figura e formazione &#8211; chair Giuliano Volpe (Rettore Universit\u00e0 di Foggia); L\u2019archeologia comunica con il pubblico- chair Piero Pruneti (Giunti \u2013 Archeologia Viva); Archeologia e sviluppo del territorio- chair Isabella Lapi Ballerini (Direttore Regionale MiBac Toscana \u2013 gi\u00e0 Direttore per la Puglia); Archeonomics: dalla ricerca archeologica all\u2019economia- chair Massimo Montella (Universit\u00e0 degli Studi di Macerata); e Archeologia: dalla Costituzione alla legislazione- chair Andrea Pessina (Soprintendente Archeologico della Toscana).<\/span><\/p>\n<p><span style=\"font-family: Calibri;\">La Fondazione Archeologica Canosina \u00e8 intervenuta nella sezione relativa all\u2019archeologia intesa come sviluppo del territorio.<\/span><\/p>\n<p><span style=\"font-family: Calibri;\">Non \u00e8 stato agevole per il presidente Sabino Silvestri condensare venti anni di attivit\u00e0, nel breve spazio che gli \u00e8 stato concesso, ma il suo intervento, ha comunque catalizzato l\u2019attenzione dei tanti presenti che hanno chiesto ulteriori approfondimenti sul sistema di gestione che la Fondazione ha attuato sul territorio canosino.<\/span><\/p>\n<p><span style=\"font-family: Calibri;\">Il tema dell\u2019intervento \u00e8 stato: \u201cConnubbio fra pubblico e privato \u2013 una scommessa vincente\u201d e si \u00e8 sviluppato per grandi linee su quanto indicato nel form pubblicato sugli abstract: \u201cNasce nel 1993 la voglia di riscatto di una citt\u00e0 che vede i propri \u201cgioielli di famiglia\u201d scoperti e trasferiti nei musei archeologici di tutto il mondo. L\u2019opera della Fondazione parte proprio creando nella citt\u00e0 di Canosa una sede museale adeguata, a disposizione del Ministero, per accogliere e rendere fruibili i reperti, contestualizzandoli (sette sono le mostre archeologiche dal 1993 al 2000) conseguenza diretta di questo primo passo, sar\u00e0 la sottoscrizione di convenzioni con enti pubblici e soggetti privati, per la gestione diretta dei Beni Culturali.<\/span><\/p>\n<p><span style=\"font-family: Calibri;\">La Fondazione Archeologica Canosina \u00e8 una Onlus con personalit\u00e0 giuridica, ha fra le sue propriet\u00e0 immobili, sui quali insistono rilevanze archeologiche, e donazioni di reperti regolarmente dichiarati. Partita da 17 soci fondatori ne conta oggi oltre 1200 sparsi in tutto il mondo. Hanno aderito alla Fondazione la provincia di Barletta Andria Trani, il Comune di Canosa, la Banca di Credito Cooperativo di Canosa e importanti realt\u00e0 economiche che operano sul territorio. Le attivit\u00e0 della Fac vanno dalla manutenzione ordinaria delle aree, reperimento dei fondi per il recupero, il restauro, la valorizzazione e la fruizione dei beni culturali, in collaborazione con varie Soprintendenze. Proprio nel campo della fruizione la Fondazione ha incentrato la sua maggiore attenzione con aperture gratuite, visite guidate e organizzazione di eventi attrattori turistici. Tutto questo ha incrementato in maniera esponenziale il numero di visitatori. A ci\u00f2 si aggiunge la pubblicazione di testi scientifici di carattere archeologico\/storico oltre alla pubblicazione di un periodico trimestrale di carattere archeologico il \u201cTu in daunios\u201d. <\/span><\/p>\n<p><span style=\"font-family: Calibri;\">Il sito della Fondazione <\/span><a href=\"http:\/\/www.canusium.it\/\"><span style=\"font-family: Calibri;\">www.canusium.it<\/span><\/a><span style=\"font-family: Calibri;\"> estremamente completo e ricco in tutti i sui aspetti, ha un elevatissimo numero di visite. L\u2019attivit\u00e0 della Fondazione oggi costituisce un esempio di come un sistema di gestione improntato sulla collaborazione pubblico( il Ministero e gli Enti Locali)- privato possa contribuire a risolvere il problema fondamentale della salvaguardia, della tutela, della valorizzazione e fruizione dei Beni Culturali.\u201d <\/span><\/p>\n<p><span style=\"font-family: Calibri;\">Non sono mancati gli accenni allo sviluppo socio economico della Citt\u00e0 di Canosa e a come ormai per tutti i canosini i Beni Culturali siano una ricchezza principalmente da un punto di vista sociale e successivamente anche da un punto di vista economico. Oggi si \u00e8 fieri di essere gli eredi di cotanta storia e l\u2019orgoglio delle proprie tradizioni e del prorio importante passato \u00e8 il successo maggiore che in questi vent\u2019anni la Fondazione ha raggiunto. <\/span><\/p>\n<p><span style=\"font-family: Calibri;\">Il testimone del Congresso \u00e8 passato alla Puglia, Regione che, a detta di tanti, ha colto in pieno l\u2019importanza dei Beni Culturali come volano per lo sviluppo economico del territorio. <\/span><\/p>\n<p><span style=\"font-family: Calibri;\">Naturale conseguenza di tanti e tali apprezzamenti, sarebbe la celebrazione in Puglia del secondo Congresso Nazionale di Archeologia Pubblica. <\/span><\/p>\n","protected":false},"excerpt":{"rendered":"<p>\u00a0 Primo Congresso Nazionale di Archeologia Pubblica Si \u00e8 svolto a Firenze il 29 e 30 ottobre scorsi, nella Sala d\u2019Arme di Palazzo Vecchio, il primo congresso nazionale di archeologia pubblica. Il congresso \u00e8 stato organizzato dall\u2019Universit\u00e0 degli Studi di Firenze e dal Comune di Firenze ed ha puntato i riflettori su soggetti pubblici e [&hellip;]<\/p>\n","protected":false},"author":29,"featured_media":7046,"comment_status":"open","ping_status":"open","sticky":false,"template":"","format":"standard","meta":[],"categories":[7],"tags":[],"_links":{"self":[{"href":"http:\/\/www.prolocodeliceto.it\/zeroweb\/index.php?rest_route=\/wp\/v2\/posts\/7045"}],"collection":[{"href":"http:\/\/www.prolocodeliceto.it\/zeroweb\/index.php?rest_route=\/wp\/v2\/posts"}],"about":[{"href":"http:\/\/www.prolocodeliceto.it\/zeroweb\/index.php?rest_route=\/wp\/v2\/types\/post"}],"author":[{"embeddable":true,"href":"http:\/\/www.prolocodeliceto.it\/zeroweb\/index.php?rest_route=\/wp\/v2\/users\/29"}],"replies":[{"embeddable":true,"href":"http:\/\/www.prolocodeliceto.it\/zeroweb\/index.php?rest_route=%2Fwp%2Fv2%2Fcomments&post=7045"}],"version-history":[{"count":2,"href":"http:\/\/www.prolocodeliceto.it\/zeroweb\/index.php?rest_route=\/wp\/v2\/posts\/7045\/revisions"}],"predecessor-version":[{"id":7048,"href":"http:\/\/www.prolocodeliceto.it\/zeroweb\/index.php?rest_route=\/wp\/v2\/posts\/7045\/revisions\/7048"}],"wp:featuredmedia":[{"embeddable":true,"href":"http:\/\/www.prolocodeliceto.it\/zeroweb\/index.php?rest_route=\/wp\/v2\/media\/7046"}],"wp:attachment":[{"href":"http:\/\/www.prolocodeliceto.it\/zeroweb\/index.php?rest_route=%2Fwp%2Fv2%2Fmedia&parent=7045"}],"wp:term":[{"taxonomy":"category","embeddable":true,"href":"http:\/\/www.prolocodeliceto.it\/zeroweb\/index.php?rest_route=%2Fwp%2Fv2%2Fcategories&post=7045"},{"taxonomy":"post_tag","embeddable":true,"href":"http:\/\/www.prolocodeliceto.it\/zeroweb\/index.php?rest_route=%2Fwp%2Fv2%2Ftags&post=7045"}],"curies":[{"name":"wp","href":"https:\/\/api.w.org\/{rel}","templated":true}]}}