{"id":6971,"date":"2012-10-29T14:07:21","date_gmt":"2012-10-29T13:07:21","guid":{"rendered":"http:\/\/www.prolocodeliceto.it\/zeroweb\/?p=6971"},"modified":"2012-10-29T14:07:21","modified_gmt":"2012-10-29T13:07:21","slug":"torino-eataly-apre-le-porte","status":"publish","type":"post","link":"http:\/\/www.prolocodeliceto.it\/zeroweb\/?p=6971","title":{"rendered":"TORINO: EATALY APRE LE PORTE&#8230;"},"content":{"rendered":"<p><strong><span style=\"text-decoration: underline;\"><a href=\"http:\/\/www.prolocodeliceto.it\/zeroweb\/wp-content\/uploads\/VENDOLA-STEFANO.jpg\"><img decoding=\"async\" loading=\"lazy\" class=\"aligncenter  wp-image-6972\" title=\"VENDOLA-STEFANO\" src=\"http:\/\/www.prolocodeliceto.it\/zeroweb\/wp-content\/uploads\/VENDOLA-STEFANO.jpg\" alt=\"\" width=\"305\" height=\"216\" \/><\/a>COMUNICATO STAMPA<\/span><\/strong><\/p>\n<p align=\"center\"><strong>TORINO: EATALY APRE LE PORTE ALLA PRIMA PASTA AL 100% PUGLIESE<\/strong><\/p>\n<p align=\"center\">Marchio Prodotti di Qualit\u00e0 Puglia: l\u201984% dei consumatori lo acquisterebbe al supermercato<\/p>\n<p align=\"center\"><strong><em>Farinetti &amp; Mastromauro, insieme per portare fra gli Alti Cibi la semola della Capitanata<\/em><\/strong><\/p>\n<p>&nbsp;<\/p>\n<p>Rimboccarsi le maniche e scendere in campo, al fianco dei contadini, con politiche innovative e di brand. La Regione Puglia, con straordinaria forza, lo sta facendo e ieri sera a Torino al Salone del Gusto ha presentato le novit\u00e0 del marchio Prodotti di Qualit\u00e0 Puglia. Per secoli, c\u2019erano i produttori e il prodotto. Oggi, finalmente, ci sono strumenti di brand del nostro territorio e un marchio riconosciuto dall\u2019Unione Europea.<\/p>\n<p>A Torino la Regione Puglia, in presenza del governatore Nichi Vendola, ha annunciato che il marchio Prodotti di Qualit\u00e0 Puglia &#8211; per ora riservato alle produzioni delle varie filiere (da quella ortofrutticola a quella cerealicola, etc) &#8211; verr\u00e0 esteso anche alla ristorazione, iniziando dalle masserie didattiche. Insomma, si premier\u00e0 con marchio e con visibilit\u00e0 il ristoratore che utilizzer\u00e0 i prodotti con marchio pugliesi. \u201cNoi abbiamo osato, e i risultati stanno arrivando. Anche il governo nazionale, in sede europea, dovrebbe osare di pi\u00f9\u201d, ha affermato in modo sferzante l\u2019assessore regionale alle Risorse Agroalimentari di Puglia Dario Stef\u00e0no.<\/p>\n<p>Di straordinario impatto emozionale la presenza nello spazio istituzionale Puglia al Salone del Gusto del fondatore di Slow Food Carlo Petrini insieme del presidente nazionale Slow Food Roberto Burdese. Lo straordinario giacimento di biodiversit\u00e0 della Puglia \u00e8 emerso, con l\u2019abile conduzione di Federico Quaranta di Decanter, anche con riferimento al granaio d\u2019Italia che \u00e8 la Puglia. C\u2019\u00e8 grande attesa per l\u2019arrivo sul mercato della prima pasta al 100% pugliese doppiamente certificata che si chiama \u201cDedicato\u201d, realizzata dalla storica azienda Granoro di Corato esclusivamente con semola di grano duro della Capitanata. \u201cE\u2019 l\u2019inizio di un percorso, sono solo 14.000 quintali, ma indicano una strada che \u00e8 quella della valorizzazione dei nostri campi di grano\u201d, ha detto emozionatissima Marina Mastromauro che \u00e8 l\u2019amministratore di Granoro (quinto gruppo italiano della pasta). A sorpresa l\u2019annuncio, applauditissimo, da parte di Oscar Farinetti: \u201cEataly a Bari avr\u00e0 Dedicato, la prima pasta al 100% pugliese\u201d. La semplice scelta di mettere in vetrina il \u201csaper fare\u201d ha premiato lo stand di Granoro: visitatori in fila per imparare a fare le orecchiette col food expert Antonella Millarte, ma anche per vedere come si fanno ed indossare i gioielli di pasta Granoro di straordinaria eleganza realizzati da Ama-ti ovvero dalle creative cugine baresi Amalia Conte e Tiziana Russo. Il tutto, appunto, \u201cDedicato\u201d a chi ha la Puglia nel cuore e vuole portarla a tavola. E, per concludere, l\u2019indagine di mercato presentata dalla Regione Puglia: l\u201984% degli intervistati al supermercato acquisterebbe un paniere dedicato alla Puglia, Granoro lo ha gi\u00e0 realizzato e a breve sar\u00e0 disponibile.<\/p>\n<p>In allegato una sintesi dell\u2019indagine di mercato della Regione Puglia.<\/p>\n<p>&nbsp;<\/p>\n<p>\u201c\u2026..Abbiamo ancora rilevato che l\u2019 84,3% degli intervistati ha dichiarato che se il supermercato dove abitualmente fa la spesa facesse una linea dedicata ai prodotti tipici pugliesi a marchio PRODOTTI DI QUALITA\u2019 PUGLIA sarebbe incuriosito tanto da acquistarne uno in almeno un\u2019occasione.<\/p>\n<p>Abbiamo ancora rilevato che il 76,3% degli intervistati se trovasse nei punti vendita che frequenta abitualmente un cesto con diversi prodotti a marchio PRODOTTI DI QUALITA\u2019PUGLIA ad un prezzo accessibile, sarebbe incuriosito tanto da comprarlo.<\/p>\n<p>&nbsp;<\/p>\n<p>&nbsp;<\/p>\n<p>&nbsp;<\/p>\n<p>In allegato foto di: conferenza stampa di ieri sera con Mastromauro, Burdese, Stef\u00e0no e Vendola.<\/p>\n<p>Per saperne di pi\u00f9 cliccare su <a href=\"http:\/\/www.granoro.it\/\">www.granoro.it<\/a>,Granoro eLa pasta che non ti aspetti.<\/p>\n<p>&nbsp;<\/p>\n","protected":false},"excerpt":{"rendered":"<p>COMUNICATO STAMPA TORINO: EATALY APRE LE PORTE ALLA PRIMA PASTA AL 100% PUGLIESE Marchio Prodotti di Qualit\u00e0 Puglia: l\u201984% dei consumatori lo acquisterebbe al supermercato Farinetti &amp; Mastromauro, insieme per portare fra gli Alti Cibi la semola della Capitanata &nbsp; Rimboccarsi le maniche e scendere in campo, al fianco dei contadini, con politiche innovative e [&hellip;]<\/p>\n","protected":false},"author":29,"featured_media":6972,"comment_status":"open","ping_status":"open","sticky":false,"template":"","format":"standard","meta":[],"categories":[7],"tags":[],"_links":{"self":[{"href":"http:\/\/www.prolocodeliceto.it\/zeroweb\/index.php?rest_route=\/wp\/v2\/posts\/6971"}],"collection":[{"href":"http:\/\/www.prolocodeliceto.it\/zeroweb\/index.php?rest_route=\/wp\/v2\/posts"}],"about":[{"href":"http:\/\/www.prolocodeliceto.it\/zeroweb\/index.php?rest_route=\/wp\/v2\/types\/post"}],"author":[{"embeddable":true,"href":"http:\/\/www.prolocodeliceto.it\/zeroweb\/index.php?rest_route=\/wp\/v2\/users\/29"}],"replies":[{"embeddable":true,"href":"http:\/\/www.prolocodeliceto.it\/zeroweb\/index.php?rest_route=%2Fwp%2Fv2%2Fcomments&post=6971"}],"version-history":[{"count":1,"href":"http:\/\/www.prolocodeliceto.it\/zeroweb\/index.php?rest_route=\/wp\/v2\/posts\/6971\/revisions"}],"predecessor-version":[{"id":6973,"href":"http:\/\/www.prolocodeliceto.it\/zeroweb\/index.php?rest_route=\/wp\/v2\/posts\/6971\/revisions\/6973"}],"wp:featuredmedia":[{"embeddable":true,"href":"http:\/\/www.prolocodeliceto.it\/zeroweb\/index.php?rest_route=\/wp\/v2\/media\/6972"}],"wp:attachment":[{"href":"http:\/\/www.prolocodeliceto.it\/zeroweb\/index.php?rest_route=%2Fwp%2Fv2%2Fmedia&parent=6971"}],"wp:term":[{"taxonomy":"category","embeddable":true,"href":"http:\/\/www.prolocodeliceto.it\/zeroweb\/index.php?rest_route=%2Fwp%2Fv2%2Fcategories&post=6971"},{"taxonomy":"post_tag","embeddable":true,"href":"http:\/\/www.prolocodeliceto.it\/zeroweb\/index.php?rest_route=%2Fwp%2Fv2%2Ftags&post=6971"}],"curies":[{"name":"wp","href":"https:\/\/api.w.org\/{rel}","templated":true}]}}