{"id":6948,"date":"2012-10-28T20:08:00","date_gmt":"2012-10-28T19:08:00","guid":{"rendered":"http:\/\/www.prolocodeliceto.it\/zeroweb\/?p=6948"},"modified":"2012-10-29T19:13:05","modified_gmt":"2012-10-29T18:13:05","slug":"deliceto-ricorda-il-luogotenente-michele-saldutto-2","status":"publish","type":"post","link":"http:\/\/www.prolocodeliceto.it\/zeroweb\/?p=6948","title":{"rendered":"DELICETO Ricorda il Luogotenente Michele Saldutto"},"content":{"rendered":"<p>\u00a0 \u00a0\u00a0\u00a0\u00a0\u00a0\u00a0\u00a0\u00a0\u00a0\u00a0\u00a0\u00a0\u00a0\u00a0\u00a0\u00a0\u00a0\u00a0\u00a0\u00a0\u00a0\u00a0\u00a0\u00a0\u00a0\u00a0\u00a0\u00a0\u00a0\u00a0\u00a0\u00a0\u00a0\u00a0\u00a0\u00a0\u00a0\u00a0\u00a0\u00a0\u00a0\u00a0\u00a0\u00a0\u00a0\u00a0\u00a0\u00a0\u00a0\u00a0\u00a0\u00a0\u00a0\u00a0\u00a0\u00a0\u00a0\u00a0\u00a0\u00a0\u00a0\u00a0\u00a0\u00a0\u00a0\u00a0\u00a0\u00a0\u00a0\u00a0\u00a0\u00a0\u00a0\u00a0\u00a0\u00a0\u00a0\u00a0\u00a0\u00a0\u00a0\u00a0\u00a0<\/p>\n<p><strong>\u00a0\u00a0\u00a0\u00a0\u00a0\u00a0\u00a0\u00a0<\/strong>\u00a0<strong>\u00a0\u00a0\u00a0\u00a0\u00a0\u00a0\u00a0\u00a0\u00a0\u00a0\u00a0\u00a0\u00a0\u00a0\u00a0\u00a0\u00a0\u00a0\u00a0\u00a0\u00a0\u00a0\u00a0\u00a0\u00a0\u00a0\u00a0\u00a0\u00a0\u00a0\u00a0\u00a0\u00a0\u00a0\u00a0\u00a0\u00a0\u00a0\u00a0\u00a0\u00a0\u00a0\u00a0 <a href=\"http:\/\/www.prolocodeliceto.it\/zeroweb\/wp-content\/uploads\/saldutto-2.bmp\"><img decoding=\"async\" loading=\"lazy\" class=\"alignnone  wp-image-6964\" title=\"saldutto 2\" src=\"http:\/\/www.prolocodeliceto.it\/zeroweb\/wp-content\/uploads\/saldutto-2.bmp\" alt=\"\" width=\"263\" height=\"172\" \/><\/a><\/strong><\/p>\n<p><strong>DELICETO ricorda il Luogotenente Michele SALDUTTO<\/strong><\/p>\n<p><strong>Il prossimo 4 Novembre, in occasione della Giornata delle Forze Armate, \u00a0la comunit\u00e0 delicetana ricorder\u00e0, \u00a0il\u00a0 Luogotenente dei Carabinieri Michele Saldutto, con lo scoprimento di una targa, posta dall&#8217;Amministrazione Comunale di Deliceto,\u00a0 su di un bellissimo Arco restaurato di Via Sottotenente Scarnecchia, nei pressi della sua casa natia, in pieno centro storico. Il Luogotenente \u00e8\u00a0 scomparso nel mese di giugno del 2007, per il contagio da uranio impoverito, contratto durante le varie missioni nei Balcani tra il 2000 e il 2005.<\/strong><\/p>\n<p><strong>Alla cerimonia, saranno\u00a0 presenti: \u00a0autorit\u00e0 civili, militari e religiose. <\/strong><\/p>\n<p><strong>A soli 19 anni Michele Saldutto, come tanti giovani meridionali, lascia la sua amata Deliceto e si arruola nell&#8217;Arma dei Carabinieri, frequentando la Scuola Allievi Carabinieri di Chieti Scalo. L&#8217;anno dopo viene assegnato alla Stazione Carabinieri di Filadelfia (Catanzaro). Frequenta poi la Scuola Allievi Sottufficiali di Velletri (Roma) e Firenze, nel 1974 entra a far parte del Gruppo Antirapina di Catania e tre anni dopo, sempre in Sicilia, del Nucleo investigativo. Nel febbraio del 1978 \u00e8 assegnato alla Sezione Speciale Anticrimine di Napoli e nel 1989 diventa Comandante della Compagnia Carabinieri di Cerreto Sannita (BN), ruolo che rivestir\u00e0 sino al 2006, data in cui assume l&#8217;incarico di responsabile della sezione Speciale P.G. CC. presso la Procura della Repubblica di Benevento. Nell&#8217;anno 2000 partecipa alla missione di pace in Kosovo come vice comandante della Compagnia di Durazzo,\u00a0 e nel 2005 a Pristina sempre in Albania.<\/strong><\/p>\n<p><strong>Nella sua lunga carriera di servitore dello Stato, Michele Saldutto, si \u00e8 fatto apprezzare soprattutto per il gran senso di solidariet\u00e0 e generosit\u00e0, ricevendo tantissimi attestati di stima ed encomi \u00a0dal Ministero della Difesa, \u00a0per la collaborazione e la lotta alla criminalit\u00e0 organizzata, in 61 Province del territorio nazionale, con la denuncia e l&#8217;arresto di 297 persone appartenenti a pericolosissime organizzazioni camorristiche. Ottiene attestati di compiacimenti\u00a0 dal Generale Carlo Alberto Dalla Chiesa e una Croce commemorativa dalla KFOR (KOSOVO FORCE)\u00a0durante la permanenza \u00a0nei Balcani. Conferite diverse medaglie di bronzo e d&#8217;argento e in particolare l&#8217;onorificenza di Cavaliere,\u00a0 dall&#8217;allora Presidente della Repubblica Azeglio Ciampi. <\/strong><\/p>\n<p><strong>Condivideva due sentimenti: \u00a0l&#8217; amore per la famiglia,\u00a0 la moglie Rosanna Izzo e i tre figli Pietro, Gianluca e Marianna e il suo paese d&#8217;origine, del quale parlava sempre con grande entusiasmo, tanto da chiedere ai suoi familiari, come ultimo desiderio, \u00a0d&#8217;essere sepolto proprio in Deliceto.<\/strong><\/p>\n<p><strong>La sua Deliceto, non lo ha dimenticato, tanto da tributargli il doveroso e opportuno riconoscimento.<\/strong><\/p>\n","protected":false},"excerpt":{"rendered":"<p>\u00a0 \u00a0\u00a0\u00a0\u00a0\u00a0\u00a0\u00a0\u00a0\u00a0\u00a0\u00a0\u00a0\u00a0\u00a0\u00a0\u00a0\u00a0\u00a0\u00a0\u00a0\u00a0\u00a0\u00a0\u00a0\u00a0\u00a0\u00a0\u00a0\u00a0\u00a0\u00a0\u00a0\u00a0\u00a0\u00a0\u00a0\u00a0\u00a0\u00a0\u00a0\u00a0\u00a0\u00a0\u00a0\u00a0\u00a0\u00a0\u00a0\u00a0\u00a0\u00a0\u00a0\u00a0\u00a0\u00a0\u00a0\u00a0\u00a0\u00a0\u00a0\u00a0\u00a0\u00a0\u00a0\u00a0\u00a0\u00a0\u00a0\u00a0\u00a0\u00a0\u00a0\u00a0\u00a0\u00a0\u00a0\u00a0\u00a0\u00a0\u00a0\u00a0\u00a0\u00a0 \u00a0\u00a0\u00a0\u00a0\u00a0\u00a0\u00a0\u00a0\u00a0\u00a0\u00a0\u00a0\u00a0\u00a0\u00a0\u00a0\u00a0\u00a0\u00a0\u00a0\u00a0\u00a0\u00a0\u00a0\u00a0\u00a0\u00a0\u00a0\u00a0\u00a0\u00a0\u00a0\u00a0\u00a0\u00a0\u00a0\u00a0\u00a0\u00a0\u00a0\u00a0\u00a0\u00a0\u00a0\u00a0\u00a0\u00a0\u00a0\u00a0\u00a0\u00a0\u00a0 DELICETO ricorda il Luogotenente Michele SALDUTTO Il prossimo 4 Novembre, in occasione della Giornata delle Forze Armate, \u00a0la comunit\u00e0 delicetana ricorder\u00e0, \u00a0il\u00a0 Luogotenente dei Carabinieri Michele Saldutto, con lo scoprimento di una targa, posta dall&#8217;Amministrazione Comunale di Deliceto,\u00a0 su di un bellissimo Arco restaurato di Via Sottotenente Scarnecchia, nei pressi della sua [&hellip;]<\/p>\n","protected":false},"author":29,"featured_media":0,"comment_status":"open","ping_status":"open","sticky":false,"template":"","format":"standard","meta":[],"categories":[7],"tags":[],"_links":{"self":[{"href":"http:\/\/www.prolocodeliceto.it\/zeroweb\/index.php?rest_route=\/wp\/v2\/posts\/6948"}],"collection":[{"href":"http:\/\/www.prolocodeliceto.it\/zeroweb\/index.php?rest_route=\/wp\/v2\/posts"}],"about":[{"href":"http:\/\/www.prolocodeliceto.it\/zeroweb\/index.php?rest_route=\/wp\/v2\/types\/post"}],"author":[{"embeddable":true,"href":"http:\/\/www.prolocodeliceto.it\/zeroweb\/index.php?rest_route=\/wp\/v2\/users\/29"}],"replies":[{"embeddable":true,"href":"http:\/\/www.prolocodeliceto.it\/zeroweb\/index.php?rest_route=%2Fwp%2Fv2%2Fcomments&post=6948"}],"version-history":[{"count":11,"href":"http:\/\/www.prolocodeliceto.it\/zeroweb\/index.php?rest_route=\/wp\/v2\/posts\/6948\/revisions"}],"predecessor-version":[{"id":6952,"href":"http:\/\/www.prolocodeliceto.it\/zeroweb\/index.php?rest_route=\/wp\/v2\/posts\/6948\/revisions\/6952"}],"wp:attachment":[{"href":"http:\/\/www.prolocodeliceto.it\/zeroweb\/index.php?rest_route=%2Fwp%2Fv2%2Fmedia&parent=6948"}],"wp:term":[{"taxonomy":"category","embeddable":true,"href":"http:\/\/www.prolocodeliceto.it\/zeroweb\/index.php?rest_route=%2Fwp%2Fv2%2Fcategories&post=6948"},{"taxonomy":"post_tag","embeddable":true,"href":"http:\/\/www.prolocodeliceto.it\/zeroweb\/index.php?rest_route=%2Fwp%2Fv2%2Ftags&post=6948"}],"curies":[{"name":"wp","href":"https:\/\/api.w.org\/{rel}","templated":true}]}}