{"id":6936,"date":"2012-10-27T15:24:57","date_gmt":"2012-10-27T14:24:57","guid":{"rendered":"http:\/\/www.prolocodeliceto.it\/zeroweb\/?p=6936"},"modified":"2012-10-27T15:24:57","modified_gmt":"2012-10-27T14:24:57","slug":"canosa-di-puglia-festivita","status":"publish","type":"post","link":"http:\/\/www.prolocodeliceto.it\/zeroweb\/?p=6936","title":{"rendered":"CANOSA DI PUGLIA FESTIVITA&#8217;&#8230;"},"content":{"rendered":"<p>\u00a0<a href=\"http:\/\/www.prolocodeliceto.it\/zeroweb\/wp-content\/uploads\/canosa.jpg\"><img decoding=\"async\" loading=\"lazy\" class=\"aligncenter size-full wp-image-6937\" title=\"canosa\" src=\"http:\/\/www.prolocodeliceto.it\/zeroweb\/wp-content\/uploads\/canosa.jpg\" alt=\"\" width=\"500\" height=\"333\" srcset=\"http:\/\/www.prolocodeliceto.it\/zeroweb\/wp-content\/uploads\/canosa.jpg 500w, http:\/\/www.prolocodeliceto.it\/zeroweb\/wp-content\/uploads\/canosa-300x199.jpg 300w, http:\/\/www.prolocodeliceto.it\/zeroweb\/wp-content\/uploads\/canosa-140x94.jpg 140w\" sizes=\"(max-width: 500px) 100vw, 500px\" \/><\/a><\/p>\n<p align=\"center\"><strong><span style=\"font-family: Times New Roman;\">COMUNICATO<\/span><\/strong>\u00a0<\/p>\n<p align=\"center\">Festivit\u00e0 dei Santi a Canosa di Puglia\u2026.dove vivere la Storia<\/p>\n<p align=\"center\"><em><span style=\"font-family: Times New Roman;\">Canosa di Puglia offre, al visitatore che decider\u00e0 di visitarla, un nuovo punto di visione e una nuova prospettiva di vivere la festivit\u00e0 dei Santi<\/span><\/em><\/p>\n<p><span style=\"font-family: Times New Roman; font-size: medium;\">Il giorno 1 e 2 novembre 2012, la Fondazione Archeologica Canosina Onlus, l\u2019Assessorato alla Cultura e Archeologia del Comune di Canosa e Puglia Imperiale Turismo, promuovono un lungo ponte o un semplice weekend all\u2019insegna della Cultura e del Gusto. <\/span><\/p>\n<p><span style=\"font-family: Times New Roman; font-size: medium;\">Forti dell\u2019esperienza radicata da numerosi anni di esperienza, il binomio \u201ccultura-gusto\u201d, continua ad affascinare le migliaia di persone accorse a visitare i siti archeologici della Capitale Archeologica della Puglia. <\/span><\/p>\n<p><span style=\"font-family: Times New Roman; font-size: medium;\">Per il gioved\u00ec e venerd\u00ec 1-2 novembre 2012, saranno resi fruibili e visitabili dalle 9.00 alle 13.00 e dalle 15.00 alle 18.00, le suggestive aree archeologiche del Parco Archeologico e Naturalistico di San Leucio, gli Ipogei Lagrasta, il Battistero di San Giovanni e il nuovo polo archeologico di Palazzo Iliceto. Nei siti, con ingresso gratuito ma visita guidata obbligatoria, sar\u00e0 possibile assaporare la cultura locale ed immergersi nelle atmosfere senza tempo delle belle rovine canosine. <\/span><\/p>\n<p><span style=\"font-family: Times New Roman; font-size: medium;\">In maniera specifica e tempo permettendo: <\/span><\/p>\n<p><span style=\"font-family: Times New Roman;\"><span style=\"font-size: medium;\">1.<\/span> <span style=\"font-size: medium;\"><strong><span style=\"text-decoration: underline;\">Nel Parco Archeologico e naturalistico di San Leucio<\/span><\/strong>, sar\u00e0 possibile visitare il sito del tempio e del suo Antiquarium. Le guide introdurranno alle nuove scoperte archeologiche dell\u2019ultima campagna di scavi.<\/span><\/span><\/p>\n<p><span style=\"font-family: Times New Roman;\"><span style=\"font-size: medium;\">2.<\/span> <span style=\"font-size: medium;\"><strong><span style=\"text-decoration: underline;\">L\u2019area archeologica degli Ipogei Lagrasta<\/span><\/strong>, sar\u00e0 luogo simbolo della cultura ipogeico-dauna e arricchita, nelle sale del complesso funerario, di una esposizione di copie degli acquerelli dell\u2019archeologo francese Prosper Biardot, risalenti alla fine del XX secolo. Unici, saranno gli abiti dauni della Prof.sa Elena De Ruvo, ricostruiti in occasione della fortunata Notte degli Ipogei 2012.<\/span><\/span><\/p>\n<p><span style=\"font-family: Times New Roman;\"><span style=\"font-size: medium;\">3.<\/span> <span style=\"font-size: medium;\"><strong><span style=\"text-decoration: underline;\">Il Battistero di San Giovanni,<\/span><\/strong> recentemente riaperto alle visite guidate dopo lunghi anni di restauri, sar\u00e0 visitabile in esclusiva dopo il successo delle Open Days di questa estate. La culla del cristianesimo di Puglia, verr\u00e0 introdotta da una guida e sar\u00e0 possibile visionare l\u2019indagine al laser scanner.<\/span><\/span><\/p>\n<p><span style=\"font-family: Times New Roman;\"><span style=\"font-size: medium;\">4.<\/span> <span style=\"font-size: medium;\"><strong><span style=\"text-decoration: underline;\">Il Museo Civico di Palazzo Iliceto, <\/span><\/strong>divenuto sempre pi\u00f9 culla della civilt\u00e0 canosina e luogo espositivo, offre agli ospiti visitatori la ricca collezione municipale.. Di particolare interesse, sar\u00e0 possibile visionare un\u2019artigiana dal vivo che realizza interpretazioni in chiave moderna dei gioielli antichi.<\/span><\/span><\/p>\n<p>&nbsp;<\/p>\n<p align=\"center\">\u00a0<\/p>\n<p align=\"center\">\u00a0<\/p>\n<p align=\"center\"><strong><span style=\"font-family: Times New Roman;\">Info sull\u2019iniziativa e sulle ulteriori proposte di ristorazione e di convenzione alberghiera<\/span><\/strong><\/p>\n<p align=\"center\"><strong><span style=\"font-family: Times New Roman;\">al 333 8856300 o al 328 6650994<\/span><\/strong><\/p>\n<p align=\"center\"><strong><span style=\"font-family: Times New Roman;\">Parcheggio gratuito in Piazza Mercatale<\/span><\/strong><\/p>\n<p align=\"center\">\u00a0<\/p>\n<p align=\"center\">\u00a0<\/p>\n<p align=\"center\">\u00a0<\/p>\n<p align=\"center\">Canosa di Puglia, dove vivere la Storia\u2026..con l\u2019accoglienza e il sorriso di sempre<\/p>\n<p align=\"center\">\u00a0<\/p>\n","protected":false},"excerpt":{"rendered":"<p>\u00a0 COMUNICATO\u00a0 Festivit\u00e0 dei Santi a Canosa di Puglia\u2026.dove vivere la Storia Canosa di Puglia offre, al visitatore che decider\u00e0 di visitarla, un nuovo punto di visione e una nuova prospettiva di vivere la festivit\u00e0 dei Santi Il giorno 1 e 2 novembre 2012, la Fondazione Archeologica Canosina Onlus, l\u2019Assessorato alla Cultura e Archeologia del [&hellip;]<\/p>\n","protected":false},"author":29,"featured_media":6937,"comment_status":"open","ping_status":"open","sticky":false,"template":"","format":"standard","meta":[],"categories":[7],"tags":[],"_links":{"self":[{"href":"http:\/\/www.prolocodeliceto.it\/zeroweb\/index.php?rest_route=\/wp\/v2\/posts\/6936"}],"collection":[{"href":"http:\/\/www.prolocodeliceto.it\/zeroweb\/index.php?rest_route=\/wp\/v2\/posts"}],"about":[{"href":"http:\/\/www.prolocodeliceto.it\/zeroweb\/index.php?rest_route=\/wp\/v2\/types\/post"}],"author":[{"embeddable":true,"href":"http:\/\/www.prolocodeliceto.it\/zeroweb\/index.php?rest_route=\/wp\/v2\/users\/29"}],"replies":[{"embeddable":true,"href":"http:\/\/www.prolocodeliceto.it\/zeroweb\/index.php?rest_route=%2Fwp%2Fv2%2Fcomments&post=6936"}],"version-history":[{"count":1,"href":"http:\/\/www.prolocodeliceto.it\/zeroweb\/index.php?rest_route=\/wp\/v2\/posts\/6936\/revisions"}],"predecessor-version":[{"id":6938,"href":"http:\/\/www.prolocodeliceto.it\/zeroweb\/index.php?rest_route=\/wp\/v2\/posts\/6936\/revisions\/6938"}],"wp:featuredmedia":[{"embeddable":true,"href":"http:\/\/www.prolocodeliceto.it\/zeroweb\/index.php?rest_route=\/wp\/v2\/media\/6937"}],"wp:attachment":[{"href":"http:\/\/www.prolocodeliceto.it\/zeroweb\/index.php?rest_route=%2Fwp%2Fv2%2Fmedia&parent=6936"}],"wp:term":[{"taxonomy":"category","embeddable":true,"href":"http:\/\/www.prolocodeliceto.it\/zeroweb\/index.php?rest_route=%2Fwp%2Fv2%2Fcategories&post=6936"},{"taxonomy":"post_tag","embeddable":true,"href":"http:\/\/www.prolocodeliceto.it\/zeroweb\/index.php?rest_route=%2Fwp%2Fv2%2Ftags&post=6936"}],"curies":[{"name":"wp","href":"https:\/\/api.w.org\/{rel}","templated":true}]}}