{"id":6925,"date":"2012-10-25T12:56:33","date_gmt":"2012-10-25T11:56:33","guid":{"rendered":"http:\/\/www.prolocodeliceto.it\/zeroweb\/?p=6925"},"modified":"2012-10-25T12:57:53","modified_gmt":"2012-10-25T11:57:53","slug":"torino-al-salone-del-gusto","status":"publish","type":"post","link":"http:\/\/www.prolocodeliceto.it\/zeroweb\/?p=6925","title":{"rendered":"TORINO, AL SALONE DEL GUSTO&#8230;"},"content":{"rendered":"<p align=\"center\"><strong><span style=\"text-decoration: underline;\"><a href=\"http:\/\/www.prolocodeliceto.it\/zeroweb\/wp-content\/uploads\/QOCO-ANTO-CHEF.jpg\"><img decoding=\"async\" loading=\"lazy\" class=\"aligncenter  wp-image-6926\" title=\"QOCO-ANTO-CHEF\" src=\"http:\/\/www.prolocodeliceto.it\/zeroweb\/wp-content\/uploads\/QOCO-ANTO-CHEF.jpg\" alt=\"\" width=\"621\" height=\"298\" \/><\/a>COMUNICATO STAMPA<\/span><\/strong><\/p>\n<p align=\"center\"><strong>AL SALONE DEL GUSTO L\u2019ORGOGLIO DI PUGLIA: ORECCHIETTE PASTA SHOW <\/strong><\/p>\n<p align=\"center\">\u201cParla\u201d inglese la prima pasta certificata fatta al 100% da semola del Granaio d\u2019Italia<\/p>\n<p align=\"center\"><strong><em>Appuntamento sabato 27 e domenica 28, ore 11.30-16-17.30 con il tasting di Antonella Millarte<\/em><\/strong><\/p>\n<p align=\"center\"><strong>A Torino anche l\u2019extravergine di Coratina e i pomodori di Andria con i legumi dell\u2019Alta Murgia<\/strong><\/p>\n<p>&nbsp;<\/p>\n<p>\u201cOur hands, our land, from Apulia\u2019s heart\u201d \u2026 Dopo l\u2019anteprima a Orsara di Puglia, circondata dalle emozioni di oltre un centinaio di agricoltori, la prima pasta al 100% pugliese e doppiamente certificata sbarca a Torino. Da oggi sar\u00e0 al Salone del Gusto con una possibilit\u00e0 in pi\u00f9: quella di conquistare il mondo gourmet internazionale.<\/p>\n<p>Brand territoriale e non solo pasta, infatti, caratterizzano il progetto di \u201cDedicato\u201d che lo storico pastificio Granoro di Corato ha messo in pista iniziando dai campi: \u00e8 solo della Capitanata la semola di grano duro utilizzata.<\/p>\n<p>Tutto \u00e8 stato gi\u00e0 predisposto in lingua inglese perch\u00e9, con un prodotto destinato all\u2019Alta Cucina ma ad un costo contenuto grazie all\u2019accordo di filiera con i coltivatori, si mira a dare di pi\u00f9 alla Puglia: una visibilit\u00e0 internazionale. Granoro &#8211; quinto gruppo italiano della pasta &#8211; porter\u00e0 cos\u00ec \u201cDedicato\u201d e i suoi strascinati, rigatoni, linguine e spaghetti non solo in tutta Italia ma oltre i confini nazionali: sono traguardi che i singoli produttori di grano duro difficilmente avrebbero potuto raggiungere.<\/p>\n<p><span style=\"text-decoration: underline;\">Ad illustrare la pasta di \u201cDedicato\u201d saranno la voce e il palato di uno dei migliori 200 wine journalist del mondo Antonella Millarte. L\u2019appuntamento col pasta show &#8211; con narrazione della pasta in inglese e dimostrazione su come fare le orecchiette &#8211; sar\u00e0 sabato 27 e domenica 28 ottobre, ore 11.30\/16\/17.30, al Salone del Gusto di Torino, nello stand Granoro all\u2019interno del Padiglione 3, Postazione 3D 028. <\/span>Stop alla pasta \u201ccanadese\u201d e alla pummarola \u201ccinese\u201d perch\u00e9 con Dedicato, la prima pasta pugliese al 100%, Granoro porta nel mondo anche i pomodori di Andria, l\u2019extravergine di Coratina di Castel del Monte e i legumi dell\u2019Alta Murgia: ecco il vero \u201cpaniere\u201d pugliese!<\/p>\n","protected":false},"excerpt":{"rendered":"<p>COMUNICATO STAMPA AL SALONE DEL GUSTO L\u2019ORGOGLIO DI PUGLIA: ORECCHIETTE PASTA SHOW \u201cParla\u201d inglese la prima pasta certificata fatta al 100% da semola del Granaio d\u2019Italia Appuntamento sabato 27 e domenica 28, ore 11.30-16-17.30 con il tasting di Antonella Millarte A Torino anche l\u2019extravergine di Coratina e i pomodori di Andria con i legumi dell\u2019Alta [&hellip;]<\/p>\n","protected":false},"author":29,"featured_media":6926,"comment_status":"open","ping_status":"open","sticky":false,"template":"","format":"standard","meta":[],"categories":[7],"tags":[],"_links":{"self":[{"href":"http:\/\/www.prolocodeliceto.it\/zeroweb\/index.php?rest_route=\/wp\/v2\/posts\/6925"}],"collection":[{"href":"http:\/\/www.prolocodeliceto.it\/zeroweb\/index.php?rest_route=\/wp\/v2\/posts"}],"about":[{"href":"http:\/\/www.prolocodeliceto.it\/zeroweb\/index.php?rest_route=\/wp\/v2\/types\/post"}],"author":[{"embeddable":true,"href":"http:\/\/www.prolocodeliceto.it\/zeroweb\/index.php?rest_route=\/wp\/v2\/users\/29"}],"replies":[{"embeddable":true,"href":"http:\/\/www.prolocodeliceto.it\/zeroweb\/index.php?rest_route=%2Fwp%2Fv2%2Fcomments&post=6925"}],"version-history":[{"count":3,"href":"http:\/\/www.prolocodeliceto.it\/zeroweb\/index.php?rest_route=\/wp\/v2\/posts\/6925\/revisions"}],"predecessor-version":[{"id":6928,"href":"http:\/\/www.prolocodeliceto.it\/zeroweb\/index.php?rest_route=\/wp\/v2\/posts\/6925\/revisions\/6928"}],"wp:featuredmedia":[{"embeddable":true,"href":"http:\/\/www.prolocodeliceto.it\/zeroweb\/index.php?rest_route=\/wp\/v2\/media\/6926"}],"wp:attachment":[{"href":"http:\/\/www.prolocodeliceto.it\/zeroweb\/index.php?rest_route=%2Fwp%2Fv2%2Fmedia&parent=6925"}],"wp:term":[{"taxonomy":"category","embeddable":true,"href":"http:\/\/www.prolocodeliceto.it\/zeroweb\/index.php?rest_route=%2Fwp%2Fv2%2Fcategories&post=6925"},{"taxonomy":"post_tag","embeddable":true,"href":"http:\/\/www.prolocodeliceto.it\/zeroweb\/index.php?rest_route=%2Fwp%2Fv2%2Ftags&post=6925"}],"curies":[{"name":"wp","href":"https:\/\/api.w.org\/{rel}","templated":true}]}}