{"id":6912,"date":"2012-10-24T22:25:01","date_gmt":"2012-10-24T21:25:01","guid":{"rendered":"http:\/\/www.prolocodeliceto.it\/zeroweb\/?p=6912"},"modified":"2012-10-25T08:25:16","modified_gmt":"2012-10-25T07:25:16","slug":"la-via-francigena","status":"publish","type":"post","link":"http:\/\/www.prolocodeliceto.it\/zeroweb\/?p=6912","title":{"rendered":"LA VIA FRANCIGENA&#8230;"},"content":{"rendered":"<p align=\"center\"><em>\u00a0\u00a0\u00a0\u00a0\u00a0\u00a0\u00a0\u00a0\u00a0\u00a0\u00a0\u00a0\u00a0\u00a0\u00a0\u00a0\u00a0\u00a0 <\/em><em>\u00a0\u00a0\u00a0\u00a0\u00a0\u00a0\u00a0\u00a0\u00a0\u00a0\u00a0\u00a0\u00a0\u00a0\u00a0\u00a0\u00a0\u00a0\u00a0\u00a0\u00a0\u00a0\u00a0\u00a0\u00a0\u00a0\u00a0\u00a0\u00a0\u00a0\u00a0\u00a0\u00a0\u00a0\u00a0\u00a0\u00a0\u00a0\u00a0\u00a0\u00a0\u00a0\u00a0\u00a0\u00a0\u00a0\u00a0\u00a0\u00a0\u00a0\u00a0\u00a0\u00a0\u00a0\u00a0\u00a0\u00a0\u00a0\u00a0\u00a0\u00a0\u00a0\u00a0\u00a0\u00a0\u00a0\u00a0\u00a0\u00a0\u00a0\u00a0\u00a0\u00a0\u00a0\u00a0\u00a0\u00a0\u00a0\u00a0\u00a0\u00a0\u00a0\u00a0\u00a0\u00a0<\/em><\/p>\n<p align=\"center\"><strong>Comunicato Stampa<\/strong><\/p>\n<p>\u00a0\u00a0\u00a0\u00a0\u00a0\u00a0\u00a0\u00a0\u00a0\u00a0\u00a0\u00a0\u00a0\u00a0\u00a0\u00a0 a cura dell&#8217;UNPLI Provinciale Foggia<\/p>\n<p>La Via Francigena, anticamente chiamata Via Francesca o Romea e detta talvolta anche Franchigena, \u00e8 parte di un fascio di vie, dette anche vie Romee, che conduceva alle tre principali mete religiose cristiane dell&#8217;epoca medievale: Santiago de Compostela, Roma e Gerusalemme. I primi documenti d&#8217;archivio che citano l&#8217;esistenza della Via Francigena risalgono al XIII sec..<\/p>\n<p>La presenza di questi percorsi, con la grande quantit\u00e0 di persone provenienti da culture anche molto diverse tra loro, ha permesso un eccezionale passaggio di segni, emblemi, culture e linguaggi dell&#8217;Occidente Cristiano. Ancora oggi sono rintracciabili sul territorio le memorie di questo passaggio che ha strutturato profondamente le forme insediative e le tradizioni dei luoghi attraversati. Un passaggio continuo che ha permesso alle diverse culture europee di comunicare e di venire in contatto, forgiando la base culturale, artistica, economica e politica dell&#8217;Europa moderna.<\/p>\n<p>A partire dal 1994la Via Francigena\u00e8 stata dichiarata &#8220;Itinerario Culturale del Consiglio d&#8217;Europa&#8221; assumendo, alla pari del Cammino di Santiago di Compostela, una dignit\u00e0 sovranazionale.<\/p>\n<p>Negli anni Novanta del secolo XIX \u00e8 nata, per ragioni turistiche pi\u00f9 che storiche, la denominazione Via Sacra Langobardorum per indicare il percorso di pellegrinaggio che partiva da Mont Saint-Michel in Francia e giungeva al Santuario di San Michele Arcangelo di Monte Sant&#8217;Angelo, percorso che \u00e8 lo stesso della Via Francigena.<\/p>\n<p>La ProLocodi Monte S. Angelo, il Comitato Provinciale delle Pro Loco di Capitanata e l\u2019Unpli pugliese gi\u00e0 da molto tempo si stanno interessando al problema. A tal proposito\u00a0la\u00a0 RegionePugliaintende promuovere presso il Consiglio d\u2019Europa il riconoscimento ufficiale del proprio tracciato storico della \u201cVia Francignea\u201d, quale Itinerario Culturale Europeo. A rafforzare l\u2019impegno delle Pro Loco pugliesi nella promozione turistica, il Comitato Regionale dell\u2019Unpli, nei giorni scorsi ha firmato un protocollo d\u2019intesa con l\u2019Agenzia regionale del Turismo \u201cPuglia Promozione\u201d. Una occasione per la promozione dell\u2019intero territorio regionale con le sue componenti naturali, paesaggistiche e culturali, e nel contempo valorizzare le eccellenze capace di promuovere e qualificare l\u2019offerta turistica della Puglia, favorendo la competitivit\u00e0 sui mercati nazionale ed internazionali. Un momento per evidenziare la cooperazione tra pubblico e privato per lo sviluppo di nuove forme di turismo sostenibile, slow, enogastronomico, culturale, giovanile, sociale e religioso e valorizzando gli indotti connessi. \u00a0Il progetto \u201cQR Francigene\u201d sar\u00e0 presentato sabato 27 ottobre 2012 alle ore 10,30, nel quartiere fieristico di Foggia, in occasione della Bitrel,la BorsaInternazionaledel Turismo Religioso, che si svolger\u00e0 nel capoluogo dauno\u00a0 dal 24 al 28 ottobre 2012. Il progetto sar\u00e0 applicato a tutte i percorsi pugliesi \u00e8 sar\u00e0 il primo modello regionale che vedr\u00e0 impegnato, in una rete di notevole interesse, ben 220\/250 Pro Loco della Puglia, il pi\u00f9 grande network proposto dalle associazione turistiche dell\u2019Unpli. Quindi accoglienza ai pellegrini e ai clienti nel mettere a disposizione le peculiarit\u00e0 del territorio. Oramai le Pro Loco della provincia di Foggia sono una realt\u00e0 nel tessuto turistico locale e in quello di promozione del territorio.<\/p>\n<p>&nbsp;<\/p>\n","protected":false},"excerpt":{"rendered":"<p>\u00a0\u00a0\u00a0\u00a0\u00a0\u00a0\u00a0\u00a0\u00a0\u00a0\u00a0\u00a0\u00a0\u00a0\u00a0\u00a0\u00a0\u00a0 \u00a0\u00a0\u00a0\u00a0\u00a0\u00a0\u00a0\u00a0\u00a0\u00a0\u00a0\u00a0\u00a0\u00a0\u00a0\u00a0\u00a0\u00a0\u00a0\u00a0\u00a0\u00a0\u00a0\u00a0\u00a0\u00a0\u00a0\u00a0\u00a0\u00a0\u00a0\u00a0\u00a0\u00a0\u00a0\u00a0\u00a0\u00a0\u00a0\u00a0\u00a0\u00a0\u00a0\u00a0\u00a0\u00a0\u00a0\u00a0\u00a0\u00a0\u00a0\u00a0\u00a0\u00a0\u00a0\u00a0\u00a0\u00a0\u00a0\u00a0\u00a0\u00a0\u00a0\u00a0\u00a0\u00a0\u00a0\u00a0\u00a0\u00a0\u00a0\u00a0\u00a0\u00a0\u00a0\u00a0\u00a0\u00a0\u00a0\u00a0\u00a0\u00a0\u00a0\u00a0\u00a0 Comunicato Stampa \u00a0\u00a0\u00a0\u00a0\u00a0\u00a0\u00a0\u00a0\u00a0\u00a0\u00a0\u00a0\u00a0\u00a0\u00a0\u00a0 a cura dell&#8217;UNPLI Provinciale Foggia La Via Francigena, anticamente chiamata Via Francesca o Romea e detta talvolta anche Franchigena, \u00e8 parte di un fascio di vie, dette anche vie Romee, che conduceva alle tre principali mete religiose cristiane dell&#8217;epoca medievale: Santiago de Compostela, Roma e Gerusalemme. I primi documenti d&#8217;archivio [&hellip;]<\/p>\n","protected":false},"author":29,"featured_media":6913,"comment_status":"open","ping_status":"open","sticky":false,"template":"","format":"standard","meta":[],"categories":[7],"tags":[],"_links":{"self":[{"href":"http:\/\/www.prolocodeliceto.it\/zeroweb\/index.php?rest_route=\/wp\/v2\/posts\/6912"}],"collection":[{"href":"http:\/\/www.prolocodeliceto.it\/zeroweb\/index.php?rest_route=\/wp\/v2\/posts"}],"about":[{"href":"http:\/\/www.prolocodeliceto.it\/zeroweb\/index.php?rest_route=\/wp\/v2\/types\/post"}],"author":[{"embeddable":true,"href":"http:\/\/www.prolocodeliceto.it\/zeroweb\/index.php?rest_route=\/wp\/v2\/users\/29"}],"replies":[{"embeddable":true,"href":"http:\/\/www.prolocodeliceto.it\/zeroweb\/index.php?rest_route=%2Fwp%2Fv2%2Fcomments&post=6912"}],"version-history":[{"count":4,"href":"http:\/\/www.prolocodeliceto.it\/zeroweb\/index.php?rest_route=\/wp\/v2\/posts\/6912\/revisions"}],"predecessor-version":[{"id":6915,"href":"http:\/\/www.prolocodeliceto.it\/zeroweb\/index.php?rest_route=\/wp\/v2\/posts\/6912\/revisions\/6915"}],"wp:featuredmedia":[{"embeddable":true,"href":"http:\/\/www.prolocodeliceto.it\/zeroweb\/index.php?rest_route=\/wp\/v2\/media\/6913"}],"wp:attachment":[{"href":"http:\/\/www.prolocodeliceto.it\/zeroweb\/index.php?rest_route=%2Fwp%2Fv2%2Fmedia&parent=6912"}],"wp:term":[{"taxonomy":"category","embeddable":true,"href":"http:\/\/www.prolocodeliceto.it\/zeroweb\/index.php?rest_route=%2Fwp%2Fv2%2Fcategories&post=6912"},{"taxonomy":"post_tag","embeddable":true,"href":"http:\/\/www.prolocodeliceto.it\/zeroweb\/index.php?rest_route=%2Fwp%2Fv2%2Ftags&post=6912"}],"curies":[{"name":"wp","href":"https:\/\/api.w.org\/{rel}","templated":true}]}}