{"id":6870,"date":"2012-10-19T19:01:42","date_gmt":"2012-10-19T18:01:42","guid":{"rendered":"http:\/\/www.prolocodeliceto.it\/zeroweb\/?p=6870"},"modified":"2012-10-19T19:01:42","modified_gmt":"2012-10-19T18:01:42","slug":"seminario-di-orientamento","status":"publish","type":"post","link":"http:\/\/www.prolocodeliceto.it\/zeroweb\/?p=6870","title":{"rendered":"SEMINARIO DI ORIENTAMENTO"},"content":{"rendered":"<p align=\"center\"><strong><a href=\"http:\/\/www.prolocodeliceto.it\/zeroweb\/wp-content\/uploads\/aforis.jpg\"><img decoding=\"async\" loading=\"lazy\" class=\"aligncenter  wp-image-6873\" title=\"aforis\" src=\"http:\/\/www.prolocodeliceto.it\/zeroweb\/wp-content\/uploads\/aforis.jpg\" alt=\"\" width=\"499\" height=\"349\" \/><\/a><\/strong><\/p>\n<p align=\"center\"><strong>Seminario di orientamento<\/strong><\/p>\n<p align=\"center\"><strong><em>\u201cL\u2019automazione industriale e l\u2019innovazione tecnologica<\/em><\/strong><\/p>\n<p align=\"center\"><strong><em>nelle pratiche per la sostenibilit\u00e0 ambientale\u201d<\/em><\/strong><\/p>\n<p>&nbsp;<\/p>\n<p>Si terr\u00e0 luned\u00ec <strong>22 ottobre 2012, <\/strong>dalle ore <strong>16.00 <\/strong>alle ore <strong>19.00,<\/strong> presso la Sala Consiglio della Provincia di Foggia sita in via Telesforo 25, il seminario di orientamento dal titolo <strong>\u201cL\u2019automazione industriale e l\u2019innovazione tecnologica nelle pratiche per la sostenibilit\u00e0 ambientale\u201d.<\/strong><\/p>\n<p>&nbsp;<\/p>\n<p>L\u2019incontro si configura quale momento di formazione e conoscenza delle opportunit\u00e0 lavorative nel settore dell\u2019automazione industriale, delle energie rinnovabili, della sostenibilit\u00e0 ambientale, oltre a rappresentare l\u2019occasione per approfondire gli obiettivi e le finalit\u00e0 del corso di specializzazione tecnica superiore <strong>E.B.I.F.A. Energy Building Industrial Food Automation-<\/strong><em>\u201c<strong>Tecnico superiore per l\u2019automazione industriale\u201d, <\/strong><\/em>finanziato ad AFORIS Impresa Sociale dalla Provincia di Foggia nell\u2019ambito dell\u2019Avviso FG\/01\/2012 del POR Puglia 2007\/13.<\/p>\n<p>&nbsp;<\/p>\n<p>Sar\u00e0, altres\u00ec, offerta una sintetica ricognizione delle attivit\u00e0 legate alla produzione da Fonti Energetiche Rinnovabili.<\/p>\n<p>Interverranno <em>Gian Maria Gasperi<\/em> e <em>Barbara Torraco<\/em> Direttore Generale e Presidente di A.FO.RI.S -Impresa Sociale, <em>L. Francesco Lallo<\/em>,<em> <\/em>Assessore alle Politiche Attive del Lavoro della Provincia di Foggia, <em>Mauro Genovese, <\/em>Project Manager del corso. I contributi tecnici saranno offerti dai rappresentanti degli enti e delle aziende partner del progetto: <em>Raffaello Iavagnilio<\/em>-Politecnico di Bari, <em>Michele De Stasio<\/em>-Azienda Tekna automazione e controllo, <em>Gianluca Chiariello<\/em>-Arpitel Srl e <em>Luigi Marseglia<\/em>-Lan System.<\/p>\n<p>Per esigenze organizzative \u00e8 indispensabile compilare il modulo di adesione in attach.<\/p>\n<p>&nbsp;<\/p>\n<p>Programma e modulo di iscrizione sono disponibili sul sito: <a href=\"http:\/\/www.aforis.it\/\">www.aforis.it<\/a><\/p>\n<p>&nbsp;<\/p>\n<p>&nbsp;<\/p>\n<p>&nbsp;<\/p>\n<p align=\"center\"><strong>INFO<\/strong><\/p>\n<p align=\"center\"><strong>Mauro Genovese<\/strong><\/p>\n<p align=\"center\">AFORIS IMPRESA SOCIALE<\/p>\n<p align=\"center\">Via Fraccacreta, 68 71121 Foggia<\/p>\n<p align=\"center\">Tel 0881\/633019 fax 0881\/687652<\/p>\n<p align=\"center\"><a href=\"mailto:formazione@aforis.it\">formazione@aforis.it<\/a><\/p>\n<p>&nbsp;<\/p>\n","protected":false},"excerpt":{"rendered":"<p>Seminario di orientamento \u201cL\u2019automazione industriale e l\u2019innovazione tecnologica nelle pratiche per la sostenibilit\u00e0 ambientale\u201d &nbsp; Si terr\u00e0 luned\u00ec 22 ottobre 2012, dalle ore 16.00 alle ore 19.00, presso la Sala Consiglio della Provincia di Foggia sita in via Telesforo 25, il seminario di orientamento dal titolo \u201cL\u2019automazione industriale e l\u2019innovazione tecnologica nelle pratiche per la [&hellip;]<\/p>\n","protected":false},"author":29,"featured_media":6873,"comment_status":"open","ping_status":"open","sticky":false,"template":"","format":"standard","meta":[],"categories":[7],"tags":[],"_links":{"self":[{"href":"http:\/\/www.prolocodeliceto.it\/zeroweb\/index.php?rest_route=\/wp\/v2\/posts\/6870"}],"collection":[{"href":"http:\/\/www.prolocodeliceto.it\/zeroweb\/index.php?rest_route=\/wp\/v2\/posts"}],"about":[{"href":"http:\/\/www.prolocodeliceto.it\/zeroweb\/index.php?rest_route=\/wp\/v2\/types\/post"}],"author":[{"embeddable":true,"href":"http:\/\/www.prolocodeliceto.it\/zeroweb\/index.php?rest_route=\/wp\/v2\/users\/29"}],"replies":[{"embeddable":true,"href":"http:\/\/www.prolocodeliceto.it\/zeroweb\/index.php?rest_route=%2Fwp%2Fv2%2Fcomments&post=6870"}],"version-history":[{"count":2,"href":"http:\/\/www.prolocodeliceto.it\/zeroweb\/index.php?rest_route=\/wp\/v2\/posts\/6870\/revisions"}],"predecessor-version":[{"id":6875,"href":"http:\/\/www.prolocodeliceto.it\/zeroweb\/index.php?rest_route=\/wp\/v2\/posts\/6870\/revisions\/6875"}],"wp:featuredmedia":[{"embeddable":true,"href":"http:\/\/www.prolocodeliceto.it\/zeroweb\/index.php?rest_route=\/wp\/v2\/media\/6873"}],"wp:attachment":[{"href":"http:\/\/www.prolocodeliceto.it\/zeroweb\/index.php?rest_route=%2Fwp%2Fv2%2Fmedia&parent=6870"}],"wp:term":[{"taxonomy":"category","embeddable":true,"href":"http:\/\/www.prolocodeliceto.it\/zeroweb\/index.php?rest_route=%2Fwp%2Fv2%2Fcategories&post=6870"},{"taxonomy":"post_tag","embeddable":true,"href":"http:\/\/www.prolocodeliceto.it\/zeroweb\/index.php?rest_route=%2Fwp%2Fv2%2Ftags&post=6870"}],"curies":[{"name":"wp","href":"https:\/\/api.w.org\/{rel}","templated":true}]}}