{"id":687,"date":"2009-04-20T20:24:01","date_gmt":"2009-04-20T19:24:01","guid":{"rendered":"http:\/\/www.prolocodeliceto.it\/zeroweb\/?p=687"},"modified":"2009-04-21T23:13:13","modified_gmt":"2009-04-21T22:13:13","slug":"687","status":"publish","type":"post","link":"http:\/\/www.prolocodeliceto.it\/zeroweb\/?p=687","title":{"rendered":"U.S. ELCE Deliceto- Stella Azzurra o-o"},"content":{"rendered":"<p><strong><\/strong><strong><font size=\"2\"><\/p>\n<p align=\"center\">Campionato di Seconda Categoria \u2013 Girone A<\/p>\n<p><\/font><\/p>\n<p align=\"center\">Un pareggio ricco di emozioni<\/p>\n<p><font size=\"2\"><\/p>\n<p align=\"center\">12 Gara di ritorno<\/p>\n<p align=\"center\">U.S. Elce Deliceto \u2013 Stella Azzurra: 0-0<\/p>\n<p align=\"center\">di Paco Capano<\/p>\n<p align=\"center\"><a href=\"http:\/\/www.prolocodeliceto.it\/zeroweb\/wp-content\/baldassarro-luigi.jpg\" title=\"baldassarro-luigi.jpg\"><img decoding=\"async\" src=\"http:\/\/www.prolocodeliceto.it\/zeroweb\/wp-content\/baldassarro-luigi.thumbnail.jpg\" alt=\"baldassarro-luigi.jpg\" \/><\/a><\/p>\n<p align=\"center\">&nbsp;<\/p>\n<p align=\"justify\">Dopo la pausa per le feste pasquali, riprende il campionato di seconda categoria con il derby delicetano, un appuntamento attesissimo soprattutto per i tanti tifosi e appassionati del calcio locale.<\/p>\n<p align=\"justify\">In occasione della gara le due societ\u00e0 sportive hanno indetto una raccolta fondi per i terremotati dell\u2019Abruzzo e la comunit\u00e0 delicetana ha risposto prontamente, infatti al 90\u00b0 la somma raggiunta \u00e8 stata pari a \u20ac 341,50 (compreso \u20ac 100,00 offerto da entrambe le societ\u00e0) ed \u00e8 questo il risultato migliore della giornata: a tutti coloro che hanno partecipato all\u2019iniziativa vogliamo rivolgere un ringraziamento particolare!<\/p>\n<p align=\"justify\">Tornando al calcio giocato gli arancioni affrontano la Stella Azzurra da sfavoriti, sia in virt\u00f9 della differenza in classifica, ma anche perch\u00e9 gli ospiti hanno nel proprio organico giocatori esperti e di categorie superiori, mentre l\u2019Elce \u00e8 composta solo da ragazzi delicetani con un et\u00e0 media giovanissima (ben 5 ragazzi del \u201992, appena 17enni e solo Del Tito e Capano al di sopra dei 26 anni) e si possono affidare, come sempre, solo alla forza del proprio gruppo.<\/p>\n<p align=\"justify\">La gara \u00e8 subito maschia e non mancano gli scontri al limite da entrambe le parti (a volte ampliati da scenate cinematografiche a cui, per fortuna, il direttore di gara non &#8220;abbocca&#8221;), la Stella Azzurra si affida al lancio lungo verso gli attaccanti mentre l\u2019Elce cerca di far girare la palla, ma nonostante rapidi capovolgimenti di fronte nessuna delle due squadre riesce a realizzare azioni realmente pericolose.<\/p>\n<p align=\"justify\">Infatti, nonostante qualche mischia in area arancione il portiere Troccola non effettua nessuna parata mentre l\u2019unica parata da registrare \u00e8 quella del portiere ospite che devia in angolo un tiro insidioso del giovane Cappiello Giuseppe.<\/p>\n<p align=\"justify\">Nel secondo tempo il copione non cambia e, nonostante le due squadre si allunghino, entrambi i portieri rimangono inoperosi fino a fine gara, in quanto i difensori di entrambe le squadre concedono poco agli attaccanti.<\/p>\n<p align=\"justify\">La Stella Azzurra si rende pericolosa con qualche mischia in area e su alcuni calci di punizione, i due pi\u00f9 pericolosi sono ribattuti dalla difesa; mentre l\u2019Elce prova a creare azioni ma in pi\u00f9 di un\u2019occasione e tempestivo l\u2019intervento della difesa e nello specifico del capitano Di Taranto Francesco che chiude gli spazi in situazioni pericolosissime. L\u2019unica reale palla goal capita al novantesimo quando, su lancio dell\u2019instancabile Lamatrice Antonio, D\u2019Emilio Michele supera in velocit\u00e0 Di Taranto ma invece di calciare di sinistro, a pochi metri dalla porta, prova a rientrare sul destro e viene rimontato dal difensore. La partita termina cos\u00ec con un giusto pareggio che per\u00f2 per gli arancioni vuol dire molto di pi\u00f9 considerando la posizione di classifica di entrambe le squadre e la differenza di organico delle stesse.<\/p>\n<p align=\"justify\">&nbsp;<\/p>\n<p align=\"justify\">&nbsp;<\/p>\n<p>L\u2019U.S. Elce Deliceto<\/p>\n<p><dir><dir>Troccola AntonioPetrella CiroLombardi Rocco<\/p>\n<p>Baldassarro Luigi<\/p>\n<p>Capano Pasquale<\/p>\n<p>Doto Mariano<\/p>\n<p>Cappiello Giuseppe<\/p>\n<p>Lamatrice Antonio<\/p>\n<p>Del Tito Antonio<\/p>\n<p>Baldassarro Francesco<\/p>\n<p>D\u2019Emilio Michele<\/p>\n<p><\/dir><\/dir>13. Minichella Giuseppe14. Lombardi Michele15. D\u2019Emilio Cristian<\/p>\n<p>16. Frascella Pierluigi<\/p>\n<p>17. Grasso Giuseppe<\/p>\n<p>Assistente tecnico: Biadi Raimondo<\/p>\n<p>Staff tecnico: Doto Alfonso, Mascia Ambrogio e Lamatrice Alfonso<\/p>\n<p>Mister: Ippolito Gerardo<\/p>\n<p align=\"justify\">La quart\u2019ultima gara di Campionato di Seconda Categoria che non aiuta i ragazzi a spostarsi dall\u2019ultima posizione in classifica coincide con la vittoria in casa del volley femminile contro la Pol. Olimpia Apricena. Le atlete delicetane superano gli ospiti con un netto 3-1, superando le stesse in classifica.<\/p>\n<p align=\"justify\">&nbsp;<\/p>\n<p align=\"justify\">Sempre e comunque FORZA ELCE.<\/p>\n<p><\/font><\/strong><\/p>\n","protected":false},"excerpt":{"rendered":"<p>Campionato di Seconda Categoria \u2013 Girone A Un pareggio ricco di emozioni 12 Gara di ritorno U.S. Elce Deliceto \u2013 Stella Azzurra: 0-0 di Paco Capano &nbsp; Dopo la pausa per le feste pasquali, riprende il campionato di seconda categoria con il derby delicetano, un appuntamento attesissimo soprattutto per i tanti tifosi e appassionati del [&hellip;]<\/p>\n","protected":false},"author":29,"featured_media":0,"comment_status":"closed","ping_status":"closed","sticky":false,"template":"","format":"standard","meta":[],"categories":[7],"tags":[],"_links":{"self":[{"href":"http:\/\/www.prolocodeliceto.it\/zeroweb\/index.php?rest_route=\/wp\/v2\/posts\/687"}],"collection":[{"href":"http:\/\/www.prolocodeliceto.it\/zeroweb\/index.php?rest_route=\/wp\/v2\/posts"}],"about":[{"href":"http:\/\/www.prolocodeliceto.it\/zeroweb\/index.php?rest_route=\/wp\/v2\/types\/post"}],"author":[{"embeddable":true,"href":"http:\/\/www.prolocodeliceto.it\/zeroweb\/index.php?rest_route=\/wp\/v2\/users\/29"}],"replies":[{"embeddable":true,"href":"http:\/\/www.prolocodeliceto.it\/zeroweb\/index.php?rest_route=%2Fwp%2Fv2%2Fcomments&post=687"}],"version-history":[{"count":0,"href":"http:\/\/www.prolocodeliceto.it\/zeroweb\/index.php?rest_route=\/wp\/v2\/posts\/687\/revisions"}],"wp:attachment":[{"href":"http:\/\/www.prolocodeliceto.it\/zeroweb\/index.php?rest_route=%2Fwp%2Fv2%2Fmedia&parent=687"}],"wp:term":[{"taxonomy":"category","embeddable":true,"href":"http:\/\/www.prolocodeliceto.it\/zeroweb\/index.php?rest_route=%2Fwp%2Fv2%2Fcategories&post=687"},{"taxonomy":"post_tag","embeddable":true,"href":"http:\/\/www.prolocodeliceto.it\/zeroweb\/index.php?rest_route=%2Fwp%2Fv2%2Ftags&post=687"}],"curies":[{"name":"wp","href":"https:\/\/api.w.org\/{rel}","templated":true}]}}