{"id":6866,"date":"2012-10-19T18:52:17","date_gmt":"2012-10-19T17:52:17","guid":{"rendered":"http:\/\/www.prolocodeliceto.it\/zeroweb\/?p=6866"},"modified":"2012-10-19T18:52:17","modified_gmt":"2012-10-19T17:52:17","slug":"i-grani-del-tavoliere","status":"publish","type":"post","link":"http:\/\/www.prolocodeliceto.it\/zeroweb\/?p=6866","title":{"rendered":"&#8230;I GRANI DEL TAVOLIERE"},"content":{"rendered":"<p><strong><span style=\"text-decoration: underline;\"><a href=\"http:\/\/www.prolocodeliceto.it\/zeroweb\/wp-content\/uploads\/GRANI-DI-PUGLIA-Copia.jpg\"><img decoding=\"async\" loading=\"lazy\" class=\"aligncenter  wp-image-6867\" title=\"GRANI DI PUGLIA (Copia)\" src=\"http:\/\/www.prolocodeliceto.it\/zeroweb\/wp-content\/uploads\/GRANI-DI-PUGLIA-Copia.jpg\" alt=\"\" width=\"453\" height=\"233\" \/><\/a><\/span><\/strong><\/p>\n<p><strong><span style=\"text-decoration: underline;\">COMUNICATO STAMPA<\/span><\/strong><\/p>\n<p align=\"center\"><strong>PUGLIA, LA PRIMA PASTA AUTENTICA \u201cSALVA\u201d I GRANI DEL TAVOLIERE<\/strong><\/p>\n<p align=\"center\"><strong>Stef\u00e0no: \u201cOra ci auguriamo che la scelta di Granoro venga emulata da altri\u201d<\/strong><\/p>\n<p align=\"center\"><strong>\u00a0<\/strong><\/p>\n<p>Core, Ignazio, Iride, Saragolla e Sfinge: ecco i grani della Capitanata per la prima pasta al 100% pugliese. E\u2019 stata presentata, e degustata, questa mattina nella Citt\u00e0 Slow della Daunia che \u00e8 Orsara, con il tocco dello chef Peppe Zullo. Insieme a strascinati, rigatoni, linguine e spaghetti \u2013 per la prima volta \u2013 la pasta del \u201cGranaio d\u2019Italia\u201d &#8211; non ha parlato canadese ma una variet\u00e0 di dialetti della zona di Apricena. Sono oltre 25 i coltivatori della Cooperativa fra Produttori, aderenti alla Legacoop, che con entusiasmo hanno aderito all\u2019accordo di filiera con i Molini De Vita e lo storico pastificio Granoro di Corato. Al bando le mode e le tendenze del momento, per la linea <strong><em>Dedicato<\/em><\/strong> si \u00e8 cercato, setacciato fra le 130 variet\u00e0 del territorio pugliese scegliendo le variet\u00e0 pi\u00f9 vocate alla produzione di pasta di qualit\u00e0. Insomma, non \u00e8 stato facile armonizzare le produzioni di 25 produttori ma i livelli di proteine del grano duro raggiunti sono stati ottimali, ha evidenziato Fernando Di Chio, l\u2019agronomo che ha seguito in campo tutte le attivit\u00e0. Petruzzella, vice presidente nazionale di Legacoop Agroalimentare, insieme al direttore della Cooperativa di Apricena Michele Narciso, hanno sottolineato come il mondo agricolo sia pronto a fare di pi\u00f9: oggi sono 14.000 quintali di semola di grano duro dati a Granoro per la pasta 100% pugliese, ma loro ne producono 600.000. Il punto delicato sono le proteine, indispensabili per la pasta che non scuoce, e su questo fattore \u00e8 tornata la dottoressa Marina Mastromauro (amministratore delegato di Granoro). \u201cNel percorso che ha portato al Marchio Prodotti di qualit\u00e0 Puglia ci siamo battuti per elevare le proteine\u201d, ha ricordato Mastromauro e l\u2019assessore Dario Stef\u00e0no ha aggiunto che\u201dla strada della qualit\u00e0 \u00e8 oramai segnata\u201d.\u00a0 \u201cOggi \u00e8 una giornata altamente significativa. Col progetto di Granoro diventato realt\u00e0 con la prima pasta certificata al 100% pugliese \u2013 ha evidenziato l\u2019assessore regionale alla Risorse Agroalimentari Dario Stef\u00e0no \u2013 trova conferma l\u2019idea di una filiera tutta pugliese e del valore aggiunto che porta al territorio. Mi auguro che dopo l\u2019iniziativa di Granoro possano poi essercene altre\u201d. Al momento di storica importanza hanno partecipato l\u2019assessore provinciale della BAT Franco Caputo, lo chef stella Michelin Vinod Sookar, una delegazione delle Associazioni cuochi del foggiano guidati da Pietro Martinelli, Piero Conte del ristorante Terranima di Bari (premiato dal Gastronauta come miglior ristorante d\u2019Italia 2012) il regista di \u201cFocaccia Blues\u201d Nico Cirasola.<\/p>\n","protected":false},"excerpt":{"rendered":"<p>COMUNICATO STAMPA PUGLIA, LA PRIMA PASTA AUTENTICA \u201cSALVA\u201d I GRANI DEL TAVOLIERE Stef\u00e0no: \u201cOra ci auguriamo che la scelta di Granoro venga emulata da altri\u201d \u00a0 Core, Ignazio, Iride, Saragolla e Sfinge: ecco i grani della Capitanata per la prima pasta al 100% pugliese. E\u2019 stata presentata, e degustata, questa mattina nella Citt\u00e0 Slow della [&hellip;]<\/p>\n","protected":false},"author":29,"featured_media":6867,"comment_status":"open","ping_status":"open","sticky":false,"template":"","format":"standard","meta":[],"categories":[7],"tags":[],"_links":{"self":[{"href":"http:\/\/www.prolocodeliceto.it\/zeroweb\/index.php?rest_route=\/wp\/v2\/posts\/6866"}],"collection":[{"href":"http:\/\/www.prolocodeliceto.it\/zeroweb\/index.php?rest_route=\/wp\/v2\/posts"}],"about":[{"href":"http:\/\/www.prolocodeliceto.it\/zeroweb\/index.php?rest_route=\/wp\/v2\/types\/post"}],"author":[{"embeddable":true,"href":"http:\/\/www.prolocodeliceto.it\/zeroweb\/index.php?rest_route=\/wp\/v2\/users\/29"}],"replies":[{"embeddable":true,"href":"http:\/\/www.prolocodeliceto.it\/zeroweb\/index.php?rest_route=%2Fwp%2Fv2%2Fcomments&post=6866"}],"version-history":[{"count":2,"href":"http:\/\/www.prolocodeliceto.it\/zeroweb\/index.php?rest_route=\/wp\/v2\/posts\/6866\/revisions"}],"predecessor-version":[{"id":6869,"href":"http:\/\/www.prolocodeliceto.it\/zeroweb\/index.php?rest_route=\/wp\/v2\/posts\/6866\/revisions\/6869"}],"wp:featuredmedia":[{"embeddable":true,"href":"http:\/\/www.prolocodeliceto.it\/zeroweb\/index.php?rest_route=\/wp\/v2\/media\/6867"}],"wp:attachment":[{"href":"http:\/\/www.prolocodeliceto.it\/zeroweb\/index.php?rest_route=%2Fwp%2Fv2%2Fmedia&parent=6866"}],"wp:term":[{"taxonomy":"category","embeddable":true,"href":"http:\/\/www.prolocodeliceto.it\/zeroweb\/index.php?rest_route=%2Fwp%2Fv2%2Fcategories&post=6866"},{"taxonomy":"post_tag","embeddable":true,"href":"http:\/\/www.prolocodeliceto.it\/zeroweb\/index.php?rest_route=%2Fwp%2Fv2%2Ftags&post=6866"}],"curies":[{"name":"wp","href":"https:\/\/api.w.org\/{rel}","templated":true}]}}