{"id":6861,"date":"2012-10-17T14:12:41","date_gmt":"2012-10-17T13:12:41","guid":{"rendered":"http:\/\/www.prolocodeliceto.it\/zeroweb\/?p=6861"},"modified":"2012-10-17T14:12:41","modified_gmt":"2012-10-17T13:12:41","slug":"comunicato-stampa-65","status":"publish","type":"post","link":"http:\/\/www.prolocodeliceto.it\/zeroweb\/?p=6861","title":{"rendered":"COMUNICATO STAMPA"},"content":{"rendered":"<p align=\"center\"><a href=\"http:\/\/www.prolocodeliceto.it\/zeroweb\/wp-content\/uploads\/fortezza-svevo-angioina-b.jpg\"><img decoding=\"async\" loading=\"lazy\" class=\"aligncenter  wp-image-6862\" title=\"fortezza-svevo-angioina-b\" src=\"http:\/\/www.prolocodeliceto.it\/zeroweb\/wp-content\/uploads\/fortezza-svevo-angioina-b.jpg\" alt=\"\" width=\"449\" height=\"274\" \/><\/a>COMUNICATO STAMPA<\/p>\n<p align=\"center\">\u00a0<\/p>\n<p>Il Comitato per la Difesa della Legalit\u00e0 in Capitanata, nelle persone degli Avv.ti Lucio Cesarini e Giovanni Tucci, unitamente all\u2019Ordine degli Avvocati del Circondario del Tribunale di Lucera, nelle persone degli Avv.ti Consiglieri Gaetano Giglio e Nicola de Majo, hanno partecipato alla Convention per la conservazione dei Tribunali soppressi in Chiavari il 13 ottobre 2012.<\/p>\n<p>Nel corso della riunione tenutasi alla presenza degli On.li Andrea Orlando, Enrico Costa e Roberto Rao, rispettivamente responsabili per la Giustizia del PD, del PDL e dell\u2019UDC, si \u00e8 ampiamente discusso della mancata osservanza da parte del Governo alle indicazioni date dalle Commissioni Giustizia di Camera e Senato relativamente ai Tribunali di Lucera, Chiavari, Bassano del Grappa, Pinerolo, Rossano Calabro e Tolmezzo, di cui \u00e8 stata poi deliberata la soppressione con il D. Lgv. 155\/2012.<\/p>\n<p>Nonostante si trattasse di pareri non vincolanti, infatti, si \u00e8 sottolineato come questi tribunali avessero comunque i requisiti e le opportune ragioni per essere conservati.<\/p>\n<p>Ciascuno dei rappresentanti presenti ha fatto sentire la propria voce e quella del territorio di appartenenza.<\/p>\n<p>All\u2019esito gli On.li Parlamentari presenti, in particolar modo Andrea Orlando, ha rappresentato la convinzione, ferma restante la necessit\u00e0 della revisione della geografia giudiziaria, che comporta in ogni caso la necessit\u00e0 di sopprimere alcuni presidi giudiziari minori, che i sei Tribunali di cui innanzi, previsti da conservare nel parere della Camera, sono stati ingiustamente esclusi. Essi rappresentano una incongruenza palese, rispetto ad altre realt\u00e0 minoritarie dal punto di vista dell\u2019estensione, del carico di affari e di presenza del tasso di criminalit\u00e0 organizzata e quindi della efficienza stessa dell\u2019amministrazione giudiziaria.<\/p>\n<p>L\u2019On.le Orlando ha anche ribadito la rivedibilit\u00e0 della regola, ormai famosa, dei tre tribunali necessari alla presenza delle Corti di Appello, ritenendola ingiustificata e produttiva di effetti pressoch\u00e9 nefasti (v. per esempio Larino, Vallo della Lucania, Isernia etc.), cos\u00ec come la regola della conservazione dei tribunali provinciali laddove le stesse provincie saranno oggetto di revisione ed alcune di soppressione.<\/p>\n<p>E\u2019 stata esclusa l\u2019opportunit\u00e0 di una nuova legge, che sostituisca la legge delega o comunque i decreti legislativi, sia perch\u00e9 non ci sarebbero i tempi tecnici per poterla discutere ed approvare; sia perch\u00e9 sarebbe foriera di sovrabbondanti richieste anche da parte di entit\u00e0 irrilevanti o di eccessivi particolarismi.<\/p>\n<p>I Parlamentari presenti, su sollecitazione dei Comitati e degli Ordini, hanno assicurato la presentazione di un emendamento che rinvii l\u2019entrata in vigore della legge e della sua efficacia ad almeno tre anni da oggi, consentendo cos\u00ec una corretta ed esaustiva modifica del decreto legislativo.<\/p>\n<p>E\u2019 stato anche formalmente annunciato che \u00e8 stata depositata presso le Camere una mozione che impegni il Governo a rispettare la volont\u00e0 espressa nei pareri delle Camere sulla revisione giudiziaria e che sar\u00e0 discussa entro il prossimo 29 ottobre.<\/p>\n<p>Al termine i Comitati presenti hanno raggiunto l\u2019intesa di poter istituire un cosiddetto Super-Comitato di coordinamento delle attivit\u00e0 di quelli istituiti presso i sei Tribunali di Lucera, Chiavari, Rossano C., Bassano del G., Pinerolo e Tolmezzo, che potrebbe assumere il nome di \u201cSei da Salvare\u201d<\/p>\n<p>A tal proposito questo Comitato \u2013 indicato dagli altri come capofila in Italia per sensibilizzazione ed attivit\u00e0 &#8211; ha invitato gli stessi a partecipare alla Conferenza dei Servizi del 20 ottobre 2012, al fine di istituzionalizzare questa iniziativa proprio nella nostra Citt\u00e0.<\/p>\n<p>&nbsp;<\/p>\n<p align=\"right\">Avv. Raffaele Preziuso &#8211; Presidente<\/p>\n<p>&nbsp;<\/p>\n<div>\u00a0<\/div>\n<p><span style=\"color: #888888;\"><span style=\"color: #888888;\">&#8212;<\/p>\n<p><\/span><\/span><\/p>\n<div><em><span style=\"color: #ff0000;\"><strong>Comitato per la Difesa della Legalit\u00e0 in Capitanata (C.D.L.C.)<\/strong><\/span><\/em><\/div>\n<div>Sede: Sala degli Avvocati presso il Tribunale di Lucera<\/div>\n<div>Contatti:<\/div>\n<div>Presidente: Avv. Raffaele Preziuso &#8211; Lucera &#8211; 3356642063<\/div>\n<div>V. Presidente: Avv. Sabatino Del Priore &#8211; Cagnano Varano &#8211;<\/div>\n<div>Segretario: Avv. Antonio Santacroce &#8211; Lucera &#8211;<\/div>\n<div>Pubb. Rel.: Avv. Pasquale Caso &#8211; Lucera &#8211;<\/div>\n","protected":false},"excerpt":{"rendered":"<p>COMUNICATO STAMPA \u00a0 Il Comitato per la Difesa della Legalit\u00e0 in Capitanata, nelle persone degli Avv.ti Lucio Cesarini e Giovanni Tucci, unitamente all\u2019Ordine degli Avvocati del Circondario del Tribunale di Lucera, nelle persone degli Avv.ti Consiglieri Gaetano Giglio e Nicola de Majo, hanno partecipato alla Convention per la conservazione dei Tribunali soppressi in Chiavari il [&hellip;]<\/p>\n","protected":false},"author":29,"featured_media":6862,"comment_status":"open","ping_status":"open","sticky":false,"template":"","format":"standard","meta":[],"categories":[7],"tags":[],"_links":{"self":[{"href":"http:\/\/www.prolocodeliceto.it\/zeroweb\/index.php?rest_route=\/wp\/v2\/posts\/6861"}],"collection":[{"href":"http:\/\/www.prolocodeliceto.it\/zeroweb\/index.php?rest_route=\/wp\/v2\/posts"}],"about":[{"href":"http:\/\/www.prolocodeliceto.it\/zeroweb\/index.php?rest_route=\/wp\/v2\/types\/post"}],"author":[{"embeddable":true,"href":"http:\/\/www.prolocodeliceto.it\/zeroweb\/index.php?rest_route=\/wp\/v2\/users\/29"}],"replies":[{"embeddable":true,"href":"http:\/\/www.prolocodeliceto.it\/zeroweb\/index.php?rest_route=%2Fwp%2Fv2%2Fcomments&post=6861"}],"version-history":[{"count":2,"href":"http:\/\/www.prolocodeliceto.it\/zeroweb\/index.php?rest_route=\/wp\/v2\/posts\/6861\/revisions"}],"predecessor-version":[{"id":6864,"href":"http:\/\/www.prolocodeliceto.it\/zeroweb\/index.php?rest_route=\/wp\/v2\/posts\/6861\/revisions\/6864"}],"wp:featuredmedia":[{"embeddable":true,"href":"http:\/\/www.prolocodeliceto.it\/zeroweb\/index.php?rest_route=\/wp\/v2\/media\/6862"}],"wp:attachment":[{"href":"http:\/\/www.prolocodeliceto.it\/zeroweb\/index.php?rest_route=%2Fwp%2Fv2%2Fmedia&parent=6861"}],"wp:term":[{"taxonomy":"category","embeddable":true,"href":"http:\/\/www.prolocodeliceto.it\/zeroweb\/index.php?rest_route=%2Fwp%2Fv2%2Fcategories&post=6861"},{"taxonomy":"post_tag","embeddable":true,"href":"http:\/\/www.prolocodeliceto.it\/zeroweb\/index.php?rest_route=%2Fwp%2Fv2%2Ftags&post=6861"}],"curies":[{"name":"wp","href":"https:\/\/api.w.org\/{rel}","templated":true}]}}