{"id":684,"date":"2009-04-19T14:42:14","date_gmt":"2009-04-19T13:42:14","guid":{"rendered":"http:\/\/www.prolocodeliceto.it\/zeroweb\/?p=684"},"modified":"2009-04-19T14:42:14","modified_gmt":"2009-04-19T13:42:14","slug":"lunitre-sede-di-deliceto-presenta-smattia-lenigma-dellapostolo","status":"publish","type":"post","link":"http:\/\/www.prolocodeliceto.it\/zeroweb\/?p=684","title":{"rendered":"L&#8217;UNITRE sede di Deliceto, presenta: S.Mattia l&#8217;enigma dell&#8217;apostolo&#8230;"},"content":{"rendered":"<p>S.MATTIA, L&#8217;ENIGMA DELL&#8217;APOSTOLO E DEL PATRONO. INCONTRO DELL&#8217;UNITRE \u2013Sede di Deliceto<br \/>\na cura di Antonella Catenazzo<\/p>\n<p>E che non si dica pi\u00f9 che Deliceto \u00e8 un paese addormentato. Culturalmente parlando.<br \/>\nIl primo sbadiglio del mattino lo d\u00e0, ancora una volta, l&#8217;UNI3, l&#8217;Universit\u00e0 delle Tre Et\u00e0, che continua l&#8217;impegnativa missione intrapresa con la propria apertura: quella di rendere la cultura accessibile a tutti.<br \/>\nQuello a cui ho assistito ieri \u00e8 stato definito da Beatrice Inneo, direttrice dei corsi dell&#8217;UNI3 di Deliceto, il primo incontro culturale nell&#8217;ambito delle iniziative organizzate dall&#8217;Universit\u00e0.<br \/>\nErano presenti, al tavolo dei relatori, il dott. Antonio Montanino, assessore provinciale, la professoressa Rina Di Giorgio Cavaliere, responsabile UNI3, l&#8217;avvocato Mattia Iossa, docente del corso di Storia del Territorio e la neodottoressa Caterina Russo, vera protagonista dell&#8217;incontro. In veste di moderatore, il giornalista Michele Campanaro.<br \/>\nDopo i tradizionali saluti introduttivi, in cui tutti hanno espresso il loro apprezzamento per le attivit\u00e0 portate avanti dall&#8217;UNI3 e i migliori auguri per il lavoro futuro e il raggiungimento di obbiettivi sempre pi\u00f9 soddisfacenti, la parola \u00e8 passata a Mattia Iossa e a Caterina Russo.<br \/>\nL&#8217;avvocato Iossa, dopo aver ricordato l&#8217;importanza della conoscenza della storia del proprio territorio, insomma, delle proprie origini, ha colto il pretesto che la presenza della dott.ssa Russo offriva per ricordare la necessit\u00e0 di inculcare nei ragazzi l&#8217;amore, appunto, per la storia di questo territorio.<br \/>\nHa lodato il lavoro di ricerca e di analisi svolto dalla dott.ssa Russo ed espresso l&#8217;auspicio che altri, magari con il supporto delle autorit\u00e0, seguano il suo esempio.<br \/>\nEd eccoci al nocciolo dell&#8217;incontro.<br \/>\nPerch\u00e8, in definitiva, l&#8217;incontro, che aveva come tema: &#8220;S.Mattia. l&#8217;enigma dell&#8217;Apostolo e del Patrono&#8221; \u00e8 stato l&#8217;occasione per evidenziare il brillante lavoro di ricerca della dott.ssa Russo, che si \u00e8 da poco laureata con una tesi proprio su questo argomento.<br \/>\nLa dott.ssa Russo ha infatti esposto la sua tesi, durante l&#8217;incontro, in cui, a dispetto della carenza delle informazioni a sua disposizione, ha sviscerato, il pi\u00f9 accuratamente possibile e con magnifica chiarezza, la storia di S. Mattia apostolo.<br \/>\nIn definitiva, un pezzo di storia del paese, in quanto S. Mattia, seppur nei cuori del popolo forse \u00e8 secondo al Beato Benvenuto (esatto, Beato, non ancora Santo), rimane comunque il principale patrono di Deliecto, assieme alla Madonna dell&#8217;Olmitello.<br \/>\nUna tesi molto ben strutturata, quella della dott.ssa Russo, che ha effettuato accurate ricerche sulla statua oggi venerata (fatta costruire dai marchesi Miroballo nel &#8216;600) e sulla diffusione del culto di S.Mattia fra i nobili e tra il popolo. Una tesi che rivaluta la figura del Santo ai nostri occhi perch\u00e8 sembra che nella prima met\u00e0 del &#8216;900 fosse caduto proprio in bassa fortuna, poveretto, il tutto a maggior gloria del Beato Benvenuto. E solo negli ultimi decenni, forse soprattutto legando il suo nome ai tradizionali fal\u00f2 del 24 febbraio, la considerazione per S. Mattia \u00e8 risalita nei cuori dei delicetani.<br \/>\nInsomma, una tesi davvero interessante, soprattutto nell&#8217;ambito dello studio della nostra cultura e delle nostre radici.<br \/>\nNon resta che augurarsi che qualche istituzione, come ha suggerito l&#8217;avv. Iossa, si accorga del lodevole lavoro svolto dalla dott.ssa Russo e da altri ragazzi e inizi a sostenerli (hai visto mai), magari con la pubblicazione di queste tesi, che non restino pi\u00f9 a prendere polvere su uno scaffale ma diano luce a un frammento del nostro passato.<\/p>\n","protected":false},"excerpt":{"rendered":"<p>S.MATTIA, L&#8217;ENIGMA DELL&#8217;APOSTOLO E DEL PATRONO. INCONTRO DELL&#8217;UNITRE \u2013Sede di Deliceto a cura di Antonella Catenazzo E che non si dica pi\u00f9 che Deliceto \u00e8 un paese addormentato. Culturalmente parlando. Il primo sbadiglio del mattino lo d\u00e0, ancora una volta, l&#8217;UNI3, l&#8217;Universit\u00e0 delle Tre Et\u00e0, che continua l&#8217;impegnativa missione intrapresa con la propria apertura: quella [&hellip;]<\/p>\n","protected":false},"author":29,"featured_media":0,"comment_status":"open","ping_status":"open","sticky":false,"template":"","format":"standard","meta":[],"categories":[7],"tags":[],"_links":{"self":[{"href":"http:\/\/www.prolocodeliceto.it\/zeroweb\/index.php?rest_route=\/wp\/v2\/posts\/684"}],"collection":[{"href":"http:\/\/www.prolocodeliceto.it\/zeroweb\/index.php?rest_route=\/wp\/v2\/posts"}],"about":[{"href":"http:\/\/www.prolocodeliceto.it\/zeroweb\/index.php?rest_route=\/wp\/v2\/types\/post"}],"author":[{"embeddable":true,"href":"http:\/\/www.prolocodeliceto.it\/zeroweb\/index.php?rest_route=\/wp\/v2\/users\/29"}],"replies":[{"embeddable":true,"href":"http:\/\/www.prolocodeliceto.it\/zeroweb\/index.php?rest_route=%2Fwp%2Fv2%2Fcomments&post=684"}],"version-history":[{"count":0,"href":"http:\/\/www.prolocodeliceto.it\/zeroweb\/index.php?rest_route=\/wp\/v2\/posts\/684\/revisions"}],"wp:attachment":[{"href":"http:\/\/www.prolocodeliceto.it\/zeroweb\/index.php?rest_route=%2Fwp%2Fv2%2Fmedia&parent=684"}],"wp:term":[{"taxonomy":"category","embeddable":true,"href":"http:\/\/www.prolocodeliceto.it\/zeroweb\/index.php?rest_route=%2Fwp%2Fv2%2Fcategories&post=684"},{"taxonomy":"post_tag","embeddable":true,"href":"http:\/\/www.prolocodeliceto.it\/zeroweb\/index.php?rest_route=%2Fwp%2Fv2%2Ftags&post=684"}],"curies":[{"name":"wp","href":"https:\/\/api.w.org\/{rel}","templated":true}]}}