{"id":6825,"date":"2012-10-09T22:11:14","date_gmt":"2012-10-09T21:11:14","guid":{"rendered":"http:\/\/www.prolocodeliceto.it\/zeroweb\/?p=6825"},"modified":"2012-10-11T14:21:33","modified_gmt":"2012-10-11T13:21:33","slug":"newsletter-gal-meridaunia-4","status":"publish","type":"post","link":"http:\/\/www.prolocodeliceto.it\/zeroweb\/?p=6825","title":{"rendered":"MERIDAUNIA a favore delle politiche ambientali"},"content":{"rendered":"<p><a href=\"http:\/\/www.prolocodeliceto.it\/zeroweb\/wp-content\/uploads\/gal6.jpg\"><img decoding=\"async\" loading=\"lazy\" class=\"aligncenter  wp-image-6827\" title=\"gal\" src=\"http:\/\/www.prolocodeliceto.it\/zeroweb\/wp-content\/uploads\/gal6.jpg\" alt=\"\" width=\"362\" height=\"224\" \/><\/a><\/p>\n<p align=\"center\"><strong>Meridaunia a favore delle politiche ambientali<\/strong><br \/>\n<em>Partner di un evento di sensibilizzazione e confronto tenutosi a Bruxelles durante gli Open Days<\/em><\/p>\n<p align=\"center\">\u00a0<\/p>\n<p>In occasione degli \u201cOpen Days 2012 \u2013 la Settimana Europea delle Regioni e delle Citt\u00e0\u201d, l\u2019evento di confronto e di discussione delle politiche europee in atto, ma soprattutto dei percorsi di sviluppo in costruzione per gli anni futuri che si tiene ogni anno a Bruxelles, si \u00e8 svolta, il 10 ottobre, la conferenza dal titolo \u201cPoli ecologici: guide per la crescita dell\u2019economia delle regioni e per l\u2019internazionalizzazione\u201d.<br \/>\nL\u2019iniziativa \u00e8 stata promossa da EcoClup, il polo inglese pi\u00f9 all\u2019avanguardia in Europa per lo sviluppo economico e ambientale formato da eco-aziende, per la maggior parte attive nei settori dell\u2019energia sostenibile, acqua, servizi ambientali, trasporti e costruzioni sostenibili.<br \/>\nE\u2019 una delle realt\u00e0 pi\u00f9 importanti in Europa, formata da 13 soggetti attivi in 10 paesi impegnati a creare migliori opportunit\u00e0 per la crescita e internazionalizzazione delle aziende eco-sostenibili: Austria, Danimarca, Finlandia, Francia, Germania, Ungheria, Olanda, Spagna, Svezia e, ovviamente, Gran Bretagna. Tra i partner di Ecoclup anche il GAL Meridaunia, che lo scorso aprile ha sottoscritto un accordo di adesione a firma del direttore di Meridaunia, Daniele Borrelli e Gareth Jones Project manager della <em>EcoClup. <\/em><em><br \/>\n<\/em>La presenza di Meridaunia nella partnership diventa un modo per assistere a processi di avanguardia nel settore delle energie rinnovabili e della gestione delle acque, processi che, il GAL ha intenzione di riportare sul proprio territorio di riferimento. E, allo stesso tempo, per essere protagonisti in eventi in cui si discutono le politiche ecologiche che nei prossimi anni interesseranno l\u2019intera Europa.<\/p>\n<p>Come, appunto, la conferenza di Bruxelles, momento informativo rivolto agli esperti e decision makers a livello locale e regionale per le opportunit\u00e0 economiche rappresentate dai Poli dell\u2019ambiente e dell\u2019energia e, allo stesso tempo, momento di scambio tra i rappresentanti dei gruppi provenienti da tutta Europa e oltre, e tra questi il GAL Meridaunia ultimamente che ha sostenuto con forza le amministrazioni dei Comuni dei Monti Dauni nel loro processo di realizzazione di impianti per l\u2019efficientemente energetico.<\/p>\n<p>Oltre alla discussione di politiche europee in questo settore, l\u2019evento \u00e8 stato l\u2019occasione per presentare le esperienze di successo dei Poli e il loro contributo agli obiettivi di rispetto dell\u2019ambiente e del clima, insieme alla crescita economica, impiego e internazionalizzazione.<\/p>\n<p>Antonella Caggese<\/p>\n<p>Ufficio Comunicazione<\/p>\n<p>GAL Meridaunia<\/p>\n<p>&nbsp;<\/p>\n<p>&nbsp;<\/p>\n","protected":false},"excerpt":{"rendered":"<p>Meridaunia a favore delle politiche ambientali Partner di un evento di sensibilizzazione e confronto tenutosi a Bruxelles durante gli Open Days \u00a0 In occasione degli \u201cOpen Days 2012 \u2013 la Settimana Europea delle Regioni e delle Citt\u00e0\u201d, l\u2019evento di confronto e di discussione delle politiche europee in atto, ma soprattutto dei percorsi di sviluppo in [&hellip;]<\/p>\n","protected":false},"author":29,"featured_media":6781,"comment_status":"open","ping_status":"open","sticky":false,"template":"","format":"standard","meta":[],"categories":[7],"tags":[],"_links":{"self":[{"href":"http:\/\/www.prolocodeliceto.it\/zeroweb\/index.php?rest_route=\/wp\/v2\/posts\/6825"}],"collection":[{"href":"http:\/\/www.prolocodeliceto.it\/zeroweb\/index.php?rest_route=\/wp\/v2\/posts"}],"about":[{"href":"http:\/\/www.prolocodeliceto.it\/zeroweb\/index.php?rest_route=\/wp\/v2\/types\/post"}],"author":[{"embeddable":true,"href":"http:\/\/www.prolocodeliceto.it\/zeroweb\/index.php?rest_route=\/wp\/v2\/users\/29"}],"replies":[{"embeddable":true,"href":"http:\/\/www.prolocodeliceto.it\/zeroweb\/index.php?rest_route=%2Fwp%2Fv2%2Fcomments&post=6825"}],"version-history":[{"count":4,"href":"http:\/\/www.prolocodeliceto.it\/zeroweb\/index.php?rest_route=\/wp\/v2\/posts\/6825\/revisions"}],"predecessor-version":[{"id":6829,"href":"http:\/\/www.prolocodeliceto.it\/zeroweb\/index.php?rest_route=\/wp\/v2\/posts\/6825\/revisions\/6829"}],"wp:featuredmedia":[{"embeddable":true,"href":"http:\/\/www.prolocodeliceto.it\/zeroweb\/index.php?rest_route=\/wp\/v2\/media\/6781"}],"wp:attachment":[{"href":"http:\/\/www.prolocodeliceto.it\/zeroweb\/index.php?rest_route=%2Fwp%2Fv2%2Fmedia&parent=6825"}],"wp:term":[{"taxonomy":"category","embeddable":true,"href":"http:\/\/www.prolocodeliceto.it\/zeroweb\/index.php?rest_route=%2Fwp%2Fv2%2Fcategories&post=6825"},{"taxonomy":"post_tag","embeddable":true,"href":"http:\/\/www.prolocodeliceto.it\/zeroweb\/index.php?rest_route=%2Fwp%2Fv2%2Ftags&post=6825"}],"curies":[{"name":"wp","href":"https:\/\/api.w.org\/{rel}","templated":true}]}}