{"id":6820,"date":"2012-10-09T13:34:35","date_gmt":"2012-10-09T12:34:35","guid":{"rendered":"http:\/\/www.prolocodeliceto.it\/zeroweb\/?p=6820"},"modified":"2012-10-09T13:34:35","modified_gmt":"2012-10-09T12:34:35","slug":"a-chi-appartieni","status":"publish","type":"post","link":"http:\/\/www.prolocodeliceto.it\/zeroweb\/?p=6820","title":{"rendered":"&#8220;A CHI APPARTIENI?&#8221;&#8230;"},"content":{"rendered":"<p align=\"center\"><strong><a href=\"http:\/\/www.prolocodeliceto.it\/zeroweb\/wp-content\/uploads\/Manifesto-L\u00e8P_A-chi-appartieni_small.jpg\"><img decoding=\"async\" loading=\"lazy\" class=\"aligncenter  wp-image-6821\" title=\"Manifesto L\u00e8P_A chi appartieni_small\" src=\"http:\/\/www.prolocodeliceto.it\/zeroweb\/wp-content\/uploads\/Manifesto-L\u00e8P_A-chi-appartieni_small.jpg\" alt=\"\" width=\"285\" height=\"241\" \/><\/a>\u201cA CHI APPARTIENI?\u201d: a Troia un film scandalo e un dibattito su lavoro e meritocrazia<\/strong><\/p>\n<p>&nbsp;<\/p>\n<p align=\"center\">\u00a0<\/p>\n<p align=\"center\"><em>Saranno presenti gli autori del film e l\u2019Assessore regionale al Lavoro Elena Gentile<\/em><em><\/em><\/p>\n<p align=\"center\"><strong><span style=\"font-size: large;\">Troja, Gioved\u00ec 11 Ottobre 2012 ore 19.30 \u2013 Cine-Teatro \u201cPidocchietto\u201d<\/span><\/strong><\/p>\n<p>\u201cA chi appartieni\u201d? Con questa domanda si \u00e8 soliti apostrofare qui da noi chiunque non sia stato in qualche modo socialmente \u201cschedato\u201d. Domandare &#8220;a chi appartieni?&#8221; \u00e8 la cosa pi\u00f9 semplice da fare perch\u00e9 non bisogna scomodarsi troppo ad ascoltare l\u2019interlocutore: basta il cognome e tutto il resto \u00e8 come se fosse stato gi\u00e0 detto. Domandare &#8220;a chi appartieni&#8221; qui da noi non \u00e8 soltanto chiedere chi \u00e8 la tua famiglia o chi \u00e8 il tuo \u201cgruppo di amici\u201d, ma vuol dire in realt\u00e0 definire in un secondo \u201cchi sei\u201d, ignorando il fatto che ogni uomo e ogni donna sono degli immensi patrimoni di unicit\u00e0 e che ogni individuo \u00e8 solo ci\u00f2 che sceglie di essere. \u201cA chi appartieni?\u201d \u00e8 anche la domanda che spesso ti fanno se cerchi lavoro. E dalla tua risposta, purtroppo, dipende allo stesso tempo l\u2019esito del colloquio di lavoro. Il merito, i talenti, il curriculum e le abilit\u00e0 di ciascuno il pi\u00f9 delle volte non contano, perch\u00e9 la sola cosa che importa per il potente di turno \u00e8 sapere \u201ca chi appartieni\u201d.<\/p>\n<p>\u00c8 per questo che il Movimento Politico &#8220;Libert\u00e0 \u00e8 Partecipazione&#8221; ha deciso di proiettare un film scandalo, che sta facendo molto parlare di s\u00e9 e che prende come titolo la fatidica domanda: <strong>\u201cA CHI APPARTIENI? \u201d. <\/strong>La proiezione &#8211; dibattito<strong> <\/strong>avr\u00e0 luogo a <strong>Troia, l\u201911 Ottobre 2012 alle ore 19.30 presso il Cine Teatro \u201cPidocchietto\u201d. <\/strong>Il medio metraggio \u00e8 opera di Gianluigi Belsito e Michele M. Caricola (che saranno presenti all\u2019iniziativa) ed \u00e8 interpretato da Luigi Di Schiena, Francesco Paolo Palmese, Claudia Lerro e Francesco Carrassi. <strong>\u201c<\/strong><em><strong>A chi appartieni?<\/strong><\/em><strong>\u201d \u00e8 la storia di un giovane laureato, con un curriculum brillante e ottime premesse per il futuro che, di fronte alla dura realt\u00e0 italiana della ricerca di lavoro, resta invischiato in un mestiere che mai avrebbe immaginato. <\/strong>La pellicola estremizza infatti le conseguenze della precariet\u00e0 giovanile, inscenando la storia di Paolo, laureato senza sbocchi, che finir\u00e0 per prostituirsi.<\/p>\n<p>L\u2019iniziativa ha un duplice obiettivo: da un lato vuole denunciare una situazione che \u00e8 divenuta insostenibile per tutti i cittadini che sono in cerca di lavoro e sono costretti a scontrarsi con la piaga del lavoro precario, del lavoro nero e soprattutto con la piaga del clientelismo e delle raccomandazioni. Dall\u2019altro essa punta a <strong>presentare delle alternative e delle opportunit\u00e0 per tutti i \u201ccapaci e meritevoli\u201d che la raccomandazione non ce l\u2019hanno e non la vogliono<\/strong> ma hanno invece talenti, capacit\u00e0, energie e passioni. Per questo nel corso della conferenza sar\u00e0 presentato il <strong>Piano Straordinario del lavoro <\/strong>della Regione Puglia e saranno presentate le tante opportunit\u00e0 di accesso a finanziamenti per tutti i giovani che hanno potenzialit\u00e0 e idee ma non hanno \u2026 nessun santo in paradiso. All\u2019iniziativa parteciperanno: <strong>Elena GENTILE<\/strong>, Assessore al Welfare e Politiche Sociali della Regione Puglia, <strong>Gianluigi BELSITO<\/strong> e <strong>Michele M. CARICOLA<\/strong>, autori del film.<\/p>\n<p align=\"right\"><strong><br \/>\n<\/strong><\/p>\n<p align=\"right\"><strong>Movimento Politico \u201cLibert\u00e0 \u00e8 Partecipazione\u201d<\/strong><\/p>\n<p align=\"right\"><strong><em><a href=\"http:\/\/www.movimentolep.blogspot.com\/\">www.movimentolep.blogspot.com<\/a> <\/em><\/strong><strong><em><\/em><\/strong><\/p>\n<p align=\"right\"><strong><a href=\"mailto:liber.par@gmail.com\">liber.par@gmail.com<\/a> <\/strong><\/p>\n<p align=\"right\"><strong>Tel. 347\/2668932<\/strong><\/p>\n","protected":false},"excerpt":{"rendered":"<p>\u201cA CHI APPARTIENI?\u201d: a Troia un film scandalo e un dibattito su lavoro e meritocrazia &nbsp; \u00a0 Saranno presenti gli autori del film e l\u2019Assessore regionale al Lavoro Elena Gentile Troja, Gioved\u00ec 11 Ottobre 2012 ore 19.30 \u2013 Cine-Teatro \u201cPidocchietto\u201d \u201cA chi appartieni\u201d? Con questa domanda si \u00e8 soliti apostrofare qui da noi chiunque non [&hellip;]<\/p>\n","protected":false},"author":29,"featured_media":6821,"comment_status":"open","ping_status":"open","sticky":false,"template":"","format":"standard","meta":[],"categories":[7],"tags":[],"_links":{"self":[{"href":"http:\/\/www.prolocodeliceto.it\/zeroweb\/index.php?rest_route=\/wp\/v2\/posts\/6820"}],"collection":[{"href":"http:\/\/www.prolocodeliceto.it\/zeroweb\/index.php?rest_route=\/wp\/v2\/posts"}],"about":[{"href":"http:\/\/www.prolocodeliceto.it\/zeroweb\/index.php?rest_route=\/wp\/v2\/types\/post"}],"author":[{"embeddable":true,"href":"http:\/\/www.prolocodeliceto.it\/zeroweb\/index.php?rest_route=\/wp\/v2\/users\/29"}],"replies":[{"embeddable":true,"href":"http:\/\/www.prolocodeliceto.it\/zeroweb\/index.php?rest_route=%2Fwp%2Fv2%2Fcomments&post=6820"}],"version-history":[{"count":2,"href":"http:\/\/www.prolocodeliceto.it\/zeroweb\/index.php?rest_route=\/wp\/v2\/posts\/6820\/revisions"}],"predecessor-version":[{"id":6823,"href":"http:\/\/www.prolocodeliceto.it\/zeroweb\/index.php?rest_route=\/wp\/v2\/posts\/6820\/revisions\/6823"}],"wp:featuredmedia":[{"embeddable":true,"href":"http:\/\/www.prolocodeliceto.it\/zeroweb\/index.php?rest_route=\/wp\/v2\/media\/6821"}],"wp:attachment":[{"href":"http:\/\/www.prolocodeliceto.it\/zeroweb\/index.php?rest_route=%2Fwp%2Fv2%2Fmedia&parent=6820"}],"wp:term":[{"taxonomy":"category","embeddable":true,"href":"http:\/\/www.prolocodeliceto.it\/zeroweb\/index.php?rest_route=%2Fwp%2Fv2%2Fcategories&post=6820"},{"taxonomy":"post_tag","embeddable":true,"href":"http:\/\/www.prolocodeliceto.it\/zeroweb\/index.php?rest_route=%2Fwp%2Fv2%2Ftags&post=6820"}],"curies":[{"name":"wp","href":"https:\/\/api.w.org\/{rel}","templated":true}]}}