{"id":681,"date":"2009-04-15T11:10:55","date_gmt":"2009-04-15T10:10:55","guid":{"rendered":"http:\/\/www.prolocodeliceto.it\/zeroweb\/?p=681"},"modified":"2009-04-15T11:41:39","modified_gmt":"2009-04-15T10:41:39","slug":"la-processione-del-venerdi-santo-a-deliceto","status":"publish","type":"post","link":"http:\/\/www.prolocodeliceto.it\/zeroweb\/?p=681","title":{"rendered":"La Processione del Venerd\u00ec Santo a Deliceto"},"content":{"rendered":"<h1 style=\"margin: 0cm 0cm 0pt\"><font size=\"5\"><font face=\"Times New Roman\">\n<personname ProductID=\"LA PROCESSIONE DEL\" w:st=\"on\">LA PROCESSIONE DEL<\/personname> VENERDI SANTO<\/font><\/font><\/h1>\n<p style=\"margin: 0cm 0cm 0pt\" class=\"MsoNormal\"><span style=\"font-size: 8pt\"><font face=\"Times New Roman\">A cura di Antonella Catenazzo<\/font><\/span><\/p>\n<p><span style=\"font-size: 8pt\"><font face=\"Times New Roman\"><\/font><\/span> <font face=\"Times New Roman\"> <\/font><\/p>\n<p style=\"margin: 0cm 0cm 0pt\" class=\"MsoNormal\"><font face=\"Times New Roman\">Le vacanze di Pasqua sono finite e adesso, con buona pace, bisogna tornare alla vita di prima, a digerire agnelli e colombe. Dopotutto, in barba alla crisi, se \u00e8 festa che si festeggi.<\/font><\/p>\n<p style=\"margin: 0cm 0cm 0pt\" class=\"MsoNormal\"><font face=\"Times New Roman\">Magari con moderazione. Arrivati ad un epoca in cui, per qualsiasi festa, prevale l\u2019aspetto consumistico su quello originario, chi sa se qualcuno ancora identifica ancora\n<personname ProductID=\"la Pasqua\" w:st=\"on\">la Pasqua<\/personname> con la resurrezione di Cristo e non solo con un uovo di cioccolata.<\/font><\/p>\n<p style=\"margin: 0cm 0cm 0pt\" class=\"MsoNormal\"><font face=\"Times New Roman\">La tradizione dei riti ci viene in soccorso, con ulivi che simboleggiano palme, canti di flagellazione e mattinate di sole illuminate da un festoso concerto di campane.<\/font><\/p>\n<p style=\"margin: 0cm 0cm 0pt\" class=\"MsoNormal\"><font face=\"Times New Roman\">\u00c8 iniziata e finita questa settimana Santa ed io, per dovere di cronaca, l\u2019ho osservata passare coi suoi riti annualmente puntuale. Ed uno di essi, come ogni anno mi ha colpito.<\/font><\/p>\n<p style=\"margin: 0cm 0cm 0pt\" class=\"MsoNormal\"><font face=\"Times New Roman\">La storia di Cristo durante la settimana Santa \u00e8 come un film hollywoodiano: ha il lieto fine, nella resurrezione della mattina di Pasqua. \u00c8 il momento in cui si tira il fiato e si dimenticano i momenti d\u2019angoscia. Ma io ho sempre trovato l\u2019happy ending una parte noiosa e banale dei film e il rito che da sempre pi\u00f9 mi affascina della Pasqua \u00e8 la processione del Venerd\u00ec Santo.<\/font><\/p>\n<p style=\"margin: 0cm 0cm 0pt\" class=\"MsoNormal\"><font face=\"Times New Roman\">Quest\u2019anno, sempre per dovere di cronaca, dopo molti anni di latitanza, ci sono andata di nuovo; tenendo per mano il ricordo di quando, bambina, ci andavo accompagnata dalla nonna.<\/font><\/p>\n<p style=\"margin: 0cm 0cm 0pt\" class=\"MsoNormal\"><font face=\"Times New Roman\">Dopo tanti anni, ancora tutto rimane come lo ricordavo.<\/font><\/p>\n<p style=\"margin: 0cm 0cm 0pt\" class=\"MsoNormal\"><font face=\"Times New Roman\">Durante la processione ho portato come al solito con me il blocchetto per gli appunti, ma quando ho potuto finalmente mettermi al computer ho deciso di lasciarlo da parte e di affidarmi al ricordo.<\/font><\/p>\n<p style=\"margin: 0cm 0cm 0pt\" class=\"MsoNormal\"><font face=\"Times New Roman\">Ed io ricordo l\u2019ingresso della Chiesa Madre affollato di gente, la processione che pian piano prende forma, con in testa le statue di Ges\u00f9 Morto e della Madonna addolorata.<\/font><\/p>\n<p style=\"margin: 0cm 0cm 0pt\" class=\"MsoNormal\"><font face=\"Times New Roman\">Sono statue tragiche, angoscianti: Ges\u00f9 disteso, coperto da un velo bianco, il corpo martoriato di ferite che sgorgano sangue; Maria vestita di nero, nero il velo che ha in testa, il viso distorto dal dolore.<\/font><\/p>\n<p style=\"margin: 0cm 0cm 0pt\" class=\"MsoNormal\"><font face=\"Times New Roman\">I portatori si caricano in spalla le statue e, preceduti da una croce di legno nero, si avviano lungo il percorso.<\/font><\/p>\n<p style=\"margin: 0cm 0cm 0pt\" class=\"MsoNormal\"><font face=\"Times New Roman\">Ed \u00e8 un percorso difficile, a tratti impervio, perch\u00e9 in alcuni punti, ad esempio nel centro storico, le vie sono strette e scoscese, e il peso sulle spalle \u00e8 grande. Spesso la processione si ferma perch\u00e9 i portatori possano darsi il cambio.<\/font><\/p>\n<p style=\"margin: 0cm 0cm 0pt\" class=\"MsoNormal\"><font face=\"Times New Roman\">\u00c8 un percorso lungo e faticoso perch\u00e9 Deliceto \u00e8 praticamente un paese di montagna e, anche se non \u00e8 molto esteso, \u00e8 un continuo susseguirsi di discese e salite.<\/font><\/p>\n<p style=\"margin: 0cm 0cm 0pt\" class=\"MsoNormal\"><font face=\"Times New Roman\">Ma la processione avanza, dolorosa, intonando \u201cSono stati i miei peccati, Ges\u00f9 mio, perdon, piet\u00e0\u2026\u201d<\/font><\/p>\n<p style=\"margin: 0cm 0cm 0pt\" class=\"MsoNormal\"><font face=\"Times New Roman\">Avanza nell\u2019aria mite del tramonto, si snoda per tutto il paese, fremente come una creatura viva. E forse c\u2019\u00e8 chi ci \u00e8 andato solo per usanza, o solo per farsi vedere, ma l\u2019atmosfera \u00e8 autentica e dopo un po\u2019 che si cammina prende un po\u2019 tutti.<\/font><\/p>\n<p style=\"margin: 0cm 0cm 0pt\" class=\"MsoNormal\"><font face=\"Times New Roman\">Anche me che sono qui in mezzo e mi guardo intorno. E vedo le facce delle vecchiette che i canti li sanno a memoria e non intonano solo il ritornello, delle signore che procedono al braccio dei mariti, dei bambini tenuti per mano da mamme e nonne che puntano il ditino verso la statua di Maria chiedendo con candore infantile: \u201cPerch\u00e9 piange?\u201d<\/font><\/p>\n<p style=\"margin: 0cm 0cm 0pt\" class=\"MsoNormal\"><font face=\"Times New Roman\">Seguo la creatura vivente che avanza, continuando a cantare, finch\u00e8 il cielo diventa scuro e la creatura si infrange sulla porta della Chiesa da dove \u00e8 partita.<\/font><\/p>\n<p style=\"margin: 0cm 0cm 0pt\" class=\"MsoNormal\"><font face=\"Times New Roman\">Mi guardo intorno. E ci sono di nuovo solo uomini e donne.<\/font><\/p>\n","protected":false},"excerpt":{"rendered":"<p>LA PROCESSIONE DEL VENERDI SANTO A cura di Antonella Catenazzo Le vacanze di Pasqua sono finite e adesso, con buona pace, bisogna tornare alla vita di prima, a digerire agnelli e colombe. Dopotutto, in barba alla crisi, se \u00e8 festa che si festeggi. Magari con moderazione. Arrivati ad un epoca in cui, per qualsiasi festa, [&hellip;]<\/p>\n","protected":false},"author":29,"featured_media":0,"comment_status":"open","ping_status":"open","sticky":false,"template":"","format":"standard","meta":[],"categories":[7],"tags":[],"_links":{"self":[{"href":"http:\/\/www.prolocodeliceto.it\/zeroweb\/index.php?rest_route=\/wp\/v2\/posts\/681"}],"collection":[{"href":"http:\/\/www.prolocodeliceto.it\/zeroweb\/index.php?rest_route=\/wp\/v2\/posts"}],"about":[{"href":"http:\/\/www.prolocodeliceto.it\/zeroweb\/index.php?rest_route=\/wp\/v2\/types\/post"}],"author":[{"embeddable":true,"href":"http:\/\/www.prolocodeliceto.it\/zeroweb\/index.php?rest_route=\/wp\/v2\/users\/29"}],"replies":[{"embeddable":true,"href":"http:\/\/www.prolocodeliceto.it\/zeroweb\/index.php?rest_route=%2Fwp%2Fv2%2Fcomments&post=681"}],"version-history":[{"count":0,"href":"http:\/\/www.prolocodeliceto.it\/zeroweb\/index.php?rest_route=\/wp\/v2\/posts\/681\/revisions"}],"wp:attachment":[{"href":"http:\/\/www.prolocodeliceto.it\/zeroweb\/index.php?rest_route=%2Fwp%2Fv2%2Fmedia&parent=681"}],"wp:term":[{"taxonomy":"category","embeddable":true,"href":"http:\/\/www.prolocodeliceto.it\/zeroweb\/index.php?rest_route=%2Fwp%2Fv2%2Fcategories&post=681"},{"taxonomy":"post_tag","embeddable":true,"href":"http:\/\/www.prolocodeliceto.it\/zeroweb\/index.php?rest_route=%2Fwp%2Fv2%2Ftags&post=681"}],"curies":[{"name":"wp","href":"https:\/\/api.w.org\/{rel}","templated":true}]}}