{"id":6807,"date":"2012-10-04T14:07:32","date_gmt":"2012-10-04T13:07:32","guid":{"rendered":"http:\/\/www.prolocodeliceto.it\/zeroweb\/?p=6807"},"modified":"2012-10-10T12:59:40","modified_gmt":"2012-10-10T11:59:40","slug":"gal-incontro-di-informazione","status":"publish","type":"post","link":"http:\/\/www.prolocodeliceto.it\/zeroweb\/?p=6807","title":{"rendered":"A BRUXELLES si promuovono i prodotti dop e doc dei Monti Dauni"},"content":{"rendered":"<p align=\"center\"><strong><a href=\"http:\/\/www.prolocodeliceto.it\/zeroweb\/wp-content\/uploads\/gal4.jpg\"><img decoding=\"async\" loading=\"lazy\" class=\"aligncenter  wp-image-6809\" title=\"gal\" src=\"http:\/\/www.prolocodeliceto.it\/zeroweb\/wp-content\/uploads\/gal4.jpg\" alt=\"\" width=\"367\" height=\"264\" \/><\/a><\/strong><\/p>\n<p align=\"center\">\n<p align=\"center\"><strong>A Bruxelles si promuovono i prodotti dop e doc dei Monti Dauni<\/strong><\/p>\n<p align=\"center\"><em>L\u201911 ottobre, ad una Tavola Rotonda a cui partecipa il GAL Meridaunia<\/em><\/p>\n<p>&nbsp;<\/p>\n<p>Si chiama \u201cKey Q\u201d il progetto, all\u2019interno del programma di cooperazione comunitaria IPA Adriatica, finalizzato allo sviluppo sostenibile del turismo attraverso la valorizzazione di prodotti tipici locali. L\u2019alta qualit\u00e0 dei prodotti agroalimentari con una precisa connotazione territoriale \u00e8 la chiave per un prolungamento della stagione turistica delle aree dell\u2019Europa Adriatica: questo il tema al centro della giornata di lavoro prevista l\u201911 ottobre 2012, presso l\u2019Ufficio di Coordinamento della Regione Molise a Bruxelles, organizzato dalla Regione Istriana con la partecipazione di Italia, Croazia e Bosnia Erzegovina. L\u2019obiettivo dell\u2019evento di Bruxelles \u00e8 di promuovere uno scambio di esperienze riguardo la certificazione di prodotto che passa attraverso la certificazione degli stessi operatori che producono e promuovono questi prodotti sul territorio.<\/p>\n<p>Momento importante dei lavori, sar\u00e0 la Tavola Rotonda nella quale i rappresentanti dei territori partner di progetto presenteranno le loro esperienze in ambito di promozione di prodotti di qualit\u00e0. Tra questi, anche Meridaunia, che con l\u2019intervento del direttore Daniele Borrelli, proporr\u00e0 un modello di sviluppo turistico e, quindi turistico, attraverso la promozione di prodotti a marchio dop e doc. Nello specifico, si porteranno le esperienze dell\u2019Olio Dop Dauno e del vino Doc Tavoliere (Nero di Troia) e il valore aggiunto che la certificazione ottenuta ha dato non solo ai prodotti in s\u00e9, ma all\u2019intera area dei Monti Dauni e della Capitanata in generale.<\/p>\n<p>Presenti alla Tavola Rotonda, Giovanni Zonin, direttore di Scuola Centrale Formazione, Davide Fava, Fondazione DemoCenterSipe, Valtiero Mazzotti della Regione Emilia Romagna, un rappresentante della Regione Marche e Carolina Gario di AREPO, la rete di governi regionali e di associazioni di produttori che opera nel settore dei prodotti di origine con lo scopo di promuovere e difendere gli interessi dei produttori e dei consumatori delle Regioni europee impegnate nella valorizzazione dei prodotti agroalimentari di qualit\u00e0.<\/p>\n<p>Al termine degli incontri programmati, \u00e8 previsto un momento di degustazione dei prodotti di qualit\u00e0 offerti dalle diverse aree europee. Per i Monti Dauni, il GAL Meridaunia proporr\u00e0 l\u2019Olio Dop Dauno e il vino Doc Tavoliere Nero di Troia.<\/p>\n<p>&nbsp;<\/p>\n<p>&nbsp;<\/p>\n<p>Antonella Caggese<\/p>\n<p>Ufficio Comunicazione<\/p>\n<p>GAL Meridaunia<\/p>\n","protected":false},"excerpt":{"rendered":"<p>A Bruxelles si promuovono i prodotti dop e doc dei Monti Dauni L\u201911 ottobre, ad una Tavola Rotonda a cui partecipa il GAL Meridaunia &nbsp; Si chiama \u201cKey Q\u201d il progetto, all\u2019interno del programma di cooperazione comunitaria IPA Adriatica, finalizzato allo sviluppo sostenibile del turismo attraverso la valorizzazione di prodotti tipici locali. L\u2019alta qualit\u00e0 dei [&hellip;]<\/p>\n","protected":false},"author":29,"featured_media":6781,"comment_status":"open","ping_status":"open","sticky":false,"template":"","format":"standard","meta":[],"categories":[7],"tags":[],"_links":{"self":[{"href":"http:\/\/www.prolocodeliceto.it\/zeroweb\/index.php?rest_route=\/wp\/v2\/posts\/6807"}],"collection":[{"href":"http:\/\/www.prolocodeliceto.it\/zeroweb\/index.php?rest_route=\/wp\/v2\/posts"}],"about":[{"href":"http:\/\/www.prolocodeliceto.it\/zeroweb\/index.php?rest_route=\/wp\/v2\/types\/post"}],"author":[{"embeddable":true,"href":"http:\/\/www.prolocodeliceto.it\/zeroweb\/index.php?rest_route=\/wp\/v2\/users\/29"}],"replies":[{"embeddable":true,"href":"http:\/\/www.prolocodeliceto.it\/zeroweb\/index.php?rest_route=%2Fwp%2Fv2%2Fcomments&post=6807"}],"version-history":[{"count":6,"href":"http:\/\/www.prolocodeliceto.it\/zeroweb\/index.php?rest_route=\/wp\/v2\/posts\/6807\/revisions"}],"predecessor-version":[{"id":6811,"href":"http:\/\/www.prolocodeliceto.it\/zeroweb\/index.php?rest_route=\/wp\/v2\/posts\/6807\/revisions\/6811"}],"wp:featuredmedia":[{"embeddable":true,"href":"http:\/\/www.prolocodeliceto.it\/zeroweb\/index.php?rest_route=\/wp\/v2\/media\/6781"}],"wp:attachment":[{"href":"http:\/\/www.prolocodeliceto.it\/zeroweb\/index.php?rest_route=%2Fwp%2Fv2%2Fmedia&parent=6807"}],"wp:term":[{"taxonomy":"category","embeddable":true,"href":"http:\/\/www.prolocodeliceto.it\/zeroweb\/index.php?rest_route=%2Fwp%2Fv2%2Fcategories&post=6807"},{"taxonomy":"post_tag","embeddable":true,"href":"http:\/\/www.prolocodeliceto.it\/zeroweb\/index.php?rest_route=%2Fwp%2Fv2%2Ftags&post=6807"}],"curies":[{"name":"wp","href":"https:\/\/api.w.org\/{rel}","templated":true}]}}