{"id":680,"date":"2009-04-15T11:11:27","date_gmt":"2009-04-15T10:11:27","guid":{"rendered":"http:\/\/www.prolocodeliceto.it\/zeroweb\/?p=680"},"modified":"2009-04-16T19:26:33","modified_gmt":"2009-04-16T18:26:33","slug":"maestri-delicetani-nel-mondo","status":"publish","type":"post","link":"http:\/\/www.prolocodeliceto.it\/zeroweb\/?p=680","title":{"rendered":"Maestri delicetani nel mondo"},"content":{"rendered":"<p><strong><\/strong><strong><font size=\"4\"><\/p>\n<p align=\"center\">Maestri delicetani nel mondo<\/p>\n<p><\/font><\/p>\n<p align=\"center\">Alla scoperta di personaggi che hanno dato lustro al nostro paese<\/p>\n<p align=\"center\"><a href=\"http:\/\/www.prolocodeliceto.it\/zeroweb\/wp-content\/armando-di-francesco.jpg\" title=\"armando-di-francesco.jpg\"><img decoding=\"async\" loading=\"lazy\" width=\"95\" src=\"http:\/\/www.prolocodeliceto.it\/zeroweb\/wp-content\/armando-di-francesco.jpg\" alt=\"armando-di-francesco.jpg\" height=\"129\" style=\"width: 95px; height: 129px\" \/><\/a><\/p>\n<p align=\"justify\">&nbsp;<\/p>\n<p><\/strong><font size=\"2\"><\/p>\n<p align=\"justify\">Chi conosce la storia del nostro paese sa che essa \u00e8 attraversata da tanti uomini illustri, che hanno avuto i loro natali a Deliceto ma che si sono fatti apprezzare in giro per l\u2019Italia e nel mondo. Parliamo di musicisti, giuristi, letterati, dottori, scienziati e quant\u2019altro, che provenivano, per lo pi\u00f9, da famiglie aristocratiche o alto borghesi. Ma anche le classi sociali, per cos\u00ec dire, meno abbienti, hanno contribuito a dare lustro al nostro paese, allevando e formando figli che si sono fatti conoscere, nei vari campi d\u2019azione, per le loro grandi ed innate capacit\u00e0. Vi racconto proprio la vita e la storia di uno di questi: il maestro restauratore <strong>Armando Di Francesco<\/strong>, nato a Deliceto il primo maggio del 1933 da Luigi, maestro di musica e scultore di legno, e da Rosaria Sene. Come spesso succedeva all\u2019inizio del secolo scorso, specie nelle famiglie numerose, e nel nostro caso parliamo di undici persone, di cui ben nove figli, Armando, in giovane et\u00e0 dovette abbandonare la sua terra e cercarsi un avvenire altrove. Si trasferisce a Barge in provincia di Cuneo, dove, in seguito, lo raggiunge anche il resto della famiglia. Dopo qualche anno arriva in Liguria a Moglio d\u2019Alassio, provincia di Savona, qui conosce la donna che diventer\u00e0 sua moglie ed ivi si stabilisce definitivamente, diventando padre di una figlia, Rosanna. Apre un proprio laboratorio di restauro mobili nella vicina <strong>Alassio, in vico Piemonte<\/strong>, dove esercita per decenni la sua professione d\u2019ebanista, con maestria, competenza, professionalit\u00e0 e passione, riportando allo stato originale mobili antichi di pregiata fattura. Gli Alassini finiscono per innamorarsene e la loro stima nei confronti del maestro delicetano cresce a tal punto che quando egli, qualche anno fa, manifesta la propria intenzione di attaccare gli attrezzi al chiodo, per raggiunti limiti d\u2019et\u00e0, decidono di dar vita ad una petizione per fargli cambiare idea. Un\u2019iniziativa che \u00e8 gi\u00e0 di per s\u00e9 il segno di una grande stima, nonch\u00e9 riconoscimento della sua opera. A settantasei anni, ora, forse, metter\u00e0 da parte l\u2019arte, per godersi la vecchiaia, o magari non riuscir\u00e0 a staccarsi del tutto dal banco di lavoro che, in oltre cinquant\u2019anni, ha visto passare mobili di rango appartenuti alle pi\u00f9 note famiglie piemontesi, lombarde e della riviera ligure di ponente. Qualunque sia il seguito di questa storia, nel rispetto di quelle che saranno le sue scelte di vita, noi Delicetani siamo orgogliosi del maestro Armando Di Francesco e facendoci interpreti del pensiero del sindaco, <strong>Benvenuto Nigro<\/strong>, dell\u2019Amministrazione Comunale e di tutta la cittadinanza, diamo merito e riconoscimento alla sua arte che ha fatto conoscere ed apprezzare il nostro paese in quella parte d\u2019Italia, dicendogli semplicemente: <strong>Grazie<\/strong>!<\/p>\n<p align=\"justify\">&nbsp;<\/p>\n<p><strong><\/p>\n<p align=\"right\">Michele Roselli<\/p>\n<p><\/strong><\/font><\/p>\n","protected":false},"excerpt":{"rendered":"<p>Maestri delicetani nel mondo Alla scoperta di personaggi che hanno dato lustro al nostro paese &nbsp; Chi conosce la storia del nostro paese sa che essa \u00e8 attraversata da tanti uomini illustri, che hanno avuto i loro natali a Deliceto ma che si sono fatti apprezzare in giro per l\u2019Italia e nel mondo. Parliamo di [&hellip;]<\/p>\n","protected":false},"author":29,"featured_media":0,"comment_status":"open","ping_status":"open","sticky":false,"template":"","format":"standard","meta":[],"categories":[7],"tags":[],"_links":{"self":[{"href":"http:\/\/www.prolocodeliceto.it\/zeroweb\/index.php?rest_route=\/wp\/v2\/posts\/680"}],"collection":[{"href":"http:\/\/www.prolocodeliceto.it\/zeroweb\/index.php?rest_route=\/wp\/v2\/posts"}],"about":[{"href":"http:\/\/www.prolocodeliceto.it\/zeroweb\/index.php?rest_route=\/wp\/v2\/types\/post"}],"author":[{"embeddable":true,"href":"http:\/\/www.prolocodeliceto.it\/zeroweb\/index.php?rest_route=\/wp\/v2\/users\/29"}],"replies":[{"embeddable":true,"href":"http:\/\/www.prolocodeliceto.it\/zeroweb\/index.php?rest_route=%2Fwp%2Fv2%2Fcomments&post=680"}],"version-history":[{"count":0,"href":"http:\/\/www.prolocodeliceto.it\/zeroweb\/index.php?rest_route=\/wp\/v2\/posts\/680\/revisions"}],"wp:attachment":[{"href":"http:\/\/www.prolocodeliceto.it\/zeroweb\/index.php?rest_route=%2Fwp%2Fv2%2Fmedia&parent=680"}],"wp:term":[{"taxonomy":"category","embeddable":true,"href":"http:\/\/www.prolocodeliceto.it\/zeroweb\/index.php?rest_route=%2Fwp%2Fv2%2Fcategories&post=680"},{"taxonomy":"post_tag","embeddable":true,"href":"http:\/\/www.prolocodeliceto.it\/zeroweb\/index.php?rest_route=%2Fwp%2Fv2%2Ftags&post=680"}],"curies":[{"name":"wp","href":"https:\/\/api.w.org\/{rel}","templated":true}]}}