{"id":6740,"date":"2012-09-27T20:05:06","date_gmt":"2012-09-27T19:05:06","guid":{"rendered":"http:\/\/www.prolocodeliceto.it\/zeroweb\/?p=6740"},"modified":"2012-10-01T21:10:20","modified_gmt":"2012-10-01T20:10:20","slug":"puliamo-il-mondo","status":"publish","type":"post","link":"http:\/\/www.prolocodeliceto.it\/zeroweb\/?p=6740","title":{"rendered":"PULIAMO IL MONDO"},"content":{"rendered":"<p align=\"center\"><strong>LEGAMBIENTE A RIGNANO GARGANICO PER \u201cPULIAMO IL MONDO\u201d<\/strong><\/p>\n<p align=\"center\"><strong><a href=\"http:\/\/www.prolocodeliceto.it\/zeroweb\/wp-content\/uploads\/legamb.jpg\"><img decoding=\"async\" loading=\"lazy\" class=\"aligncenter size-full wp-image-6749\" title=\"legamb\" src=\"http:\/\/www.prolocodeliceto.it\/zeroweb\/wp-content\/uploads\/legamb.jpg\" alt=\"\" width=\"283\" height=\"178\" \/><\/a><\/strong><\/p>\n<p align=\"center\"><em>L&#8217;iniziativa ha il fine di ripulire zone degradate da rifiuti di ogni genere, segnalando alle autorit\u00e0 competenti eventuali reati ambientali a danno del territorio e del patrimonio ambientale.<\/em><\/p>\n<p>&nbsp;<\/p>\n<p><span><strong>Rignano Garganico<\/strong> sar\u00e0 protagonista della <strong>XX edizione di &#8220;Puliamo il Mondo&#8221;<\/strong>, versione italiana organizzata da <strong>Legambiente<\/strong> del pi\u00f9 grande evento di volontariato ambientale nel mondo: <strong>&#8220;Clean Up the World&#8221;<\/strong>. I volontari del Cigno daranno vita nel piccolo paese garganico a <strong>tre giorni di attivit\u00e0<\/strong> che vedranno protagonisti gli <strong>studenti dell&#8217;Istituto Comprensivo &#8220;San Giovanni Bosco&#8221;<\/strong>.<\/span><\/p>\n<p><span><br \/>\n<\/span><\/p>\n<p><span>L\u2019iniziativa, che vede il supporto del <strong>Comune di Rignano Garganico<\/strong>, prender\u00e0 il via <strong>venerd\u00ec 28 settembre<\/strong> con un <strong>laboratorio sul riciclo dei rifiuti e la salvaguardia dell&#8217;ambiente<\/strong> rivolto agli studenti delle <strong>classi elementari<\/strong>; si continua con lo stesso laboratorio anche <strong>sabato 29 settembre<\/strong>, questa volta con gli alunni delle <strong>scuole medie<\/strong>. Saranno <strong>centosessanta<\/strong> gli studenti coinvolti nell\u2019attivit\u00e0 didattica.<br \/>\n<\/span><\/p>\n<p><span><br \/>\n<\/span><\/p>\n<p><span><strong>Domenica 30 settembre, dalle ore 9.00<\/strong>, volontari di Legambiente e della Protezione Civile ANVVFC, cittadini e famiglie ripuliranno la <strong>Dolina Centopozzi<\/strong>, la seconda per grandezza nel Gargano dopo quella di Pozzatina in agro di Sannicandro Garganico. Il luogo trae il suo nome dai numerosi pozzi creati dall\u2019uomo, oggi in parte interrati, una volta utilizzati come cisterne di acqua. Oggi, cavalli allo stato brado e vacche podoliche sono gli abitanti di uno dei posti pi\u00f9 suggestivi del Parco Nazionale del Gargano.<br \/>\n<\/span><\/p>\n<p><span><br \/>\n<\/span><\/p>\n<p><span>&#8220;Con la ventesima edizione di Puliamo il Mondo \u2013 spiega <strong>Francesco Tarantini<\/strong>, presidente di <strong>Legambiente Puglia<\/strong> \u2013 vogliamo dimostrare che c&#8217;\u00e8 una Puglia che ama la sua terra ed \u00e8 consapevole di quanto sia importante adottare uno stile ecosostenibile e produrre meno rifiuti. Il volontariato \u2013 continua Tarantini \u2013 \u00e8 un&#8217;immensa ricchezza, una risorsa importante per l&#8217;intera comunit\u00e0 dove la coesione sociale, la bellezza dei luoghi e la qualit\u00e0 ambientale possono essere le chiavi vincenti per rilanciare il<br \/>\nostro paese&#8221;.<\/span><\/p>\n<p><span><br \/>\n<\/span><\/p>\n<p><span><strong>Legambiente<\/strong> \u00e8 la prima associazione ambientalista italiana che, da pi\u00f9 di trent&#8217;anni, lotta per la salvaguardia del territorio e il rispetto delle leggi a tutela dell&#8217;importante patrimonio ambientale che il Belpaese custodisce. Grazie a Legambiente, termini come &#8220;Ecomafia&#8221; sono entrati nel vocabolario non solo degli addetti ai lavori, ma anche della gente comune: un impegno a trecentosessanta gradi che pone in prima linea migliaia di volontari sparsi per tutto lo stivale.<\/span><\/p>\n<p><span><br \/>\n<\/span><\/p>\n<p><span>Per informazioni su Puliamo Il Mondo a Rignano Garganico: <strong>347.5667173<\/strong><\/span><\/p>\n<p><span><em>\u00a0<\/em><\/span><br \/>\n&#8212;<br \/>\n<span style=\"font-size: large;\"><strong>Giorgio Ventricelli<\/strong><\/span><br \/>\n<em>Giornalista, Addetto Stampa e Comunicatore Ambientale<\/em><\/p>\n<p>cell. 347.5667173<br \/>\nTwitter @Giorgioven<br \/>\nSkype giorgio.ventricelli<br \/>\n<a href=\"http:\/\/giorgioventricelli.wordpress.com\/\">http:\/\/giorgioventricelli.wordpress.com<\/a><\/p>\n","protected":false},"excerpt":{"rendered":"<p>LEGAMBIENTE A RIGNANO GARGANICO PER \u201cPULIAMO IL MONDO\u201d L&#8217;iniziativa ha il fine di ripulire zone degradate da rifiuti di ogni genere, segnalando alle autorit\u00e0 competenti eventuali reati ambientali a danno del territorio e del patrimonio ambientale. &nbsp; Rignano Garganico sar\u00e0 protagonista della XX edizione di &#8220;Puliamo il Mondo&#8221;, versione italiana organizzata da Legambiente del pi\u00f9 [&hellip;]<\/p>\n","protected":false},"author":29,"featured_media":6784,"comment_status":"open","ping_status":"open","sticky":false,"template":"","format":"standard","meta":[],"categories":[7],"tags":[],"_links":{"self":[{"href":"http:\/\/www.prolocodeliceto.it\/zeroweb\/index.php?rest_route=\/wp\/v2\/posts\/6740"}],"collection":[{"href":"http:\/\/www.prolocodeliceto.it\/zeroweb\/index.php?rest_route=\/wp\/v2\/posts"}],"about":[{"href":"http:\/\/www.prolocodeliceto.it\/zeroweb\/index.php?rest_route=\/wp\/v2\/types\/post"}],"author":[{"embeddable":true,"href":"http:\/\/www.prolocodeliceto.it\/zeroweb\/index.php?rest_route=\/wp\/v2\/users\/29"}],"replies":[{"embeddable":true,"href":"http:\/\/www.prolocodeliceto.it\/zeroweb\/index.php?rest_route=%2Fwp%2Fv2%2Fcomments&post=6740"}],"version-history":[{"count":8,"href":"http:\/\/www.prolocodeliceto.it\/zeroweb\/index.php?rest_route=\/wp\/v2\/posts\/6740\/revisions"}],"predecessor-version":[{"id":6743,"href":"http:\/\/www.prolocodeliceto.it\/zeroweb\/index.php?rest_route=\/wp\/v2\/posts\/6740\/revisions\/6743"}],"wp:featuredmedia":[{"embeddable":true,"href":"http:\/\/www.prolocodeliceto.it\/zeroweb\/index.php?rest_route=\/wp\/v2\/media\/6784"}],"wp:attachment":[{"href":"http:\/\/www.prolocodeliceto.it\/zeroweb\/index.php?rest_route=%2Fwp%2Fv2%2Fmedia&parent=6740"}],"wp:term":[{"taxonomy":"category","embeddable":true,"href":"http:\/\/www.prolocodeliceto.it\/zeroweb\/index.php?rest_route=%2Fwp%2Fv2%2Fcategories&post=6740"},{"taxonomy":"post_tag","embeddable":true,"href":"http:\/\/www.prolocodeliceto.it\/zeroweb\/index.php?rest_route=%2Fwp%2Fv2%2Ftags&post=6740"}],"curies":[{"name":"wp","href":"https:\/\/api.w.org\/{rel}","templated":true}]}}