{"id":658,"date":"2009-04-01T11:20:55","date_gmt":"2009-04-01T10:20:55","guid":{"rendered":"http:\/\/www.prolocodeliceto.it\/zeroweb\/?p=658"},"modified":"2009-04-03T20:36:26","modified_gmt":"2009-04-03T19:36:26","slug":"per-lelce-oltre-i-risultati-sportivi-solo-segnali-positivi","status":"publish","type":"post","link":"http:\/\/www.prolocodeliceto.it\/zeroweb\/?p=658","title":{"rendered":"Per l&#8217;Elce, oltre i risultati sportivi, solo segnali positivi"},"content":{"rendered":"<p>Campionato di Seconda Categoria \u2013 Girone A<br \/>\nPer l\u2019U.S. Elce, oltre i risultati sportivi, solo segnali positivi<br \/>\nDi Paco Capano<\/p>\n<p><a href=\"http:\/\/www.prolocodeliceto.it\/zeroweb\/wp-content\/mister-baldassarro.jpg\" title=\"mister-baldassarro.jpg\"><img decoding=\"async\" src=\"http:\/\/www.prolocodeliceto.it\/zeroweb\/wp-content\/mister-baldassarro.thumbnail.jpg\" alt=\"mister-baldassarro.jpg\" \/><\/a><\/p>\n<p>Dopo la turbolenta sconfitta interna contro il Matinum (1-3) e quella pi\u00f9 ammissibile in casa del Monte S. Angelo (4-0) nel recupero infrasettimanale l\u2019Elce si prepara alla difficilissima trasferta di domenica mattina contro la Nuova Daunia. A poche giornate dalla fine del campionato l\u2019Elce \u00e8 sul baratro della retrocessione diretta, la speranza \u00e8 sempre l\u2019ultima a morire, ma risalire la china sembra davvero un impresa ardua.<br \/>\nComunque quello che ci piace ancora una volta far notare \u00e8 lo spirito con cui la squadra affronta giorno dopo giorno le varie difficolt\u00e0 e le varie vicissitudine che le accadano, dimostrando come i valori stessi su cui si poggia la storia dell\u2019U.S. Elce Deliceto siano gli elementi fondamentali di una continua e costante vittoria.<br \/>\nDeliceto, un paese di circa 4.000 anime, l\u2019U.S. Elce un gruppo compatto di circa 20 elementi, nessun campione, nessun fenomeno del calcio, ma solo tanta passione e tanta voglia di stare insieme e divertirsi nello spirito di crescita personale e aggregazione sociale tra i ragazzi del nostro paese. Ed \u00e8 questa la vittoria che ancora una volta ci ritroviamo a commentare.<br \/>\nCerto le numerose sconfitte hanno minato la squadra, creando anche tensioni nel gruppo, ma in ogni momento, dopo la rabbia iniziale ha prevalso la gioia del divertimento, infatti credo che sia pi\u00f9 facile vincere un campionato e diventare amici pi\u00f9 che perderlo, cos\u00ec, e rimanere comunque uniti. La soddisfazione pi\u00f9 grande \u00e8 stata quella ricevuta a Monte S. Angelo quando, dopo una sconfitta di 4-0, il dirigente avversario ha rivolto complimenti alla societ\u00e0 e a tutti i giocatori perch\u00e9 \u201c\u00e8 difficile trovare una squadra che onori cos\u00ec il campionato, fino all\u2019ultima giornata, anche quando la situazione non \u00e8 delle migliori\u201d.<br \/>\nPer carit\u00e0 quanto detto \u00e8 sicuramente discutibile e forse per alcuni impensabile ma fare sport per noi vuol dire soprattutto creare aggregazione, puntando sui valori come l\u2019integrit\u00e0, la solidariet\u00e0 e lo spirito di gruppo.<br \/>\nRitornando al calcio giocato c\u2019\u00e8 poco da commentare, l\u2019occasione sciupata in casa contro il Matinum, che avrebbe permesso ai ragazzi arancioni di portarsi a 2 punti dall\u2019Orsara ancora pesa mentre la trasferta a Monte S. Angelo (in 11 uomini contati, a causa del turno infrasettimanale) \u00e8 molto pi\u00f9 plausibile anche perch\u00e9 si affrontava una squadra in volata play off.<\/p>\n<p>L\u2019ennesima domenica amara per la prima squadra coincide con la fine del campionato allievi che in casa dell\u2019Ascoli Satriano viene sconfitto 2-1 (rete di Pontone Giovanni). I ragazzi arancioni, che hanno disputato un discreto campionato hanno chiuso al 6 posto (met\u00e0 classifica) ma cosa pi\u00f9 importante, hanno dimostrato buone prospettive per il futuro, essendo loro stessi i giocatori della prossima prima squadra arancione.<br \/>\nI giovanissimi invece si confermano rivelazione del Campionato e dopo la sconfitta esterna a Lucera per 3-0, sabato termineranno il campionato nel recupero interno contro l\u2019Ascoli Satriano. Il risultato dell\u2019ultima gara non sminuir\u00e0 il rendimento di una squadra \u201cintraprendente\u201d che, oltre all\u2019entusiasmo raccolto attorno a se, chiuder\u00e0 questo campionato al 3 posto.<br \/>\nIl merito di questi risultati positivi \u00e8 da dividere tra la societ\u00e0 e gli atleti ma un grande plauso va rivolto a mister Baldassarro Michele che, alla sua prima esperienza da allenatore, ha brillantemente diretto le due squadre (con enorme fatica ed impegno), raccogliendo attorno a se consensi e ammirazione.<\/p>\n<p>In ultimo le ragazze del volley che nell\u2019ultima gara sono state sconfitte in casa dall\u2019ASD Padre Pio di San Giovanni Rotondo per 0-3. Le atlete delicetane, che hanno fin\u2019ora disputato un buon campionato (considerando che quest\u2019anno \u00e8 ripartita la pallavolo dopo anni di inattivit\u00e0) domenica saranno di scena ad Ischitella alla ricerca di punti preziosi per risalire la china ed ottenere cos\u00ec un piazzamento migliore.<\/p>\n<p>Considerando tutte le squadre della societ\u00e0 sono ben 80 tra atleti e atlete delicetane che ogni giorno si impegnano nelle varie attivit\u00e0 sportive.<\/p>\n<p>Sempre e comunque FORZA ELCE.<\/p>\n","protected":false},"excerpt":{"rendered":"<p>Campionato di Seconda Categoria \u2013 Girone A Per l\u2019U.S. Elce, oltre i risultati sportivi, solo segnali positivi Di Paco Capano Dopo la turbolenta sconfitta interna contro il Matinum (1-3) e quella pi\u00f9 ammissibile in casa del Monte S. Angelo (4-0) nel recupero infrasettimanale l\u2019Elce si prepara alla difficilissima trasferta di domenica mattina contro la Nuova [&hellip;]<\/p>\n","protected":false},"author":29,"featured_media":0,"comment_status":"open","ping_status":"open","sticky":false,"template":"","format":"standard","meta":[],"categories":[7],"tags":[],"_links":{"self":[{"href":"http:\/\/www.prolocodeliceto.it\/zeroweb\/index.php?rest_route=\/wp\/v2\/posts\/658"}],"collection":[{"href":"http:\/\/www.prolocodeliceto.it\/zeroweb\/index.php?rest_route=\/wp\/v2\/posts"}],"about":[{"href":"http:\/\/www.prolocodeliceto.it\/zeroweb\/index.php?rest_route=\/wp\/v2\/types\/post"}],"author":[{"embeddable":true,"href":"http:\/\/www.prolocodeliceto.it\/zeroweb\/index.php?rest_route=\/wp\/v2\/users\/29"}],"replies":[{"embeddable":true,"href":"http:\/\/www.prolocodeliceto.it\/zeroweb\/index.php?rest_route=%2Fwp%2Fv2%2Fcomments&post=658"}],"version-history":[{"count":0,"href":"http:\/\/www.prolocodeliceto.it\/zeroweb\/index.php?rest_route=\/wp\/v2\/posts\/658\/revisions"}],"wp:attachment":[{"href":"http:\/\/www.prolocodeliceto.it\/zeroweb\/index.php?rest_route=%2Fwp%2Fv2%2Fmedia&parent=658"}],"wp:term":[{"taxonomy":"category","embeddable":true,"href":"http:\/\/www.prolocodeliceto.it\/zeroweb\/index.php?rest_route=%2Fwp%2Fv2%2Fcategories&post=658"},{"taxonomy":"post_tag","embeddable":true,"href":"http:\/\/www.prolocodeliceto.it\/zeroweb\/index.php?rest_route=%2Fwp%2Fv2%2Ftags&post=658"}],"curies":[{"name":"wp","href":"https:\/\/api.w.org\/{rel}","templated":true}]}}