{"id":652,"date":"2009-04-01T21:36:31","date_gmt":"2009-04-01T20:36:31","guid":{"rendered":"http:\/\/www.prolocodeliceto.it\/zeroweb\/?p=652"},"modified":"2009-04-01T21:38:17","modified_gmt":"2009-04-01T20:38:17","slug":"premio-a-mazza-in-ricordo-di-un-uomo-straordinario","status":"publish","type":"post","link":"http:\/\/www.prolocodeliceto.it\/zeroweb\/?p=652","title":{"rendered":"Premio A. Mazza, in ricordo di un uomo straordinario"},"content":{"rendered":"<p>PREMIO A. MAZZA, IN RICORDO DI UN UOMO STRAORDINARIO<br \/>\nA cura di Antonella Catenazzo<\/p>\n<p>Quest\u2019anno come tutti gli anni, dal lontano 1958, il 31 marzo presso le Scuole Elementari, si \u00e8 ripetuto il tradizionale appuntamento con l\u2019assegnazione del Premio Mazza.<br \/>\nAppuntamento che anche i pi\u00f9 piccoli conoscono e che aspettano per due motivi: il riconoscimento dei loro meriti scolastici e la speranza di ottenere il premio.<br \/>\nQuesto evento prende appunto il nome dal suo ideatore, Alessandro Mazza, illustre cittadino di Deliceto, che alla sua morte, nel 1918, stabil\u00ec come ultima volont\u00e0 che i suoi averi fossero destinati all\u2019istituzione di un evento che premiasse gli alunni pi\u00f9 meritevoli delle Scuole Elementari (che allora arrivavano fino alla sesta classe).<br \/>\nUn importante avvenimento scolastico, e penso sia la preside Antonia Pasquariello la persona ideale con cui parlarne.<br \/>\nMi riceve in presidenza, e quando le chiedo di parlarmi di Alessandro Mazza mi mostra il ritratto di un uomo dal volto gentile, l\u2019uomo il cui nome porta la Scuola Elementare che lei ora dirige.<br \/>\n\u201cEra un uomo lungimirante, un grande uomo\u201d dice la preside \u201cla sua idea di premiare gli alunni pi\u00f9 meritevoli stimola i ragazzi ad una competizione positiva nello studio.\u201d<br \/>\nSotto il ritratto \u00e8 riportato un breve testo di Alessandro Mazza. La preside Pasquariello lo legge per me con un senso di profondo rispetto. \u201cQuesto era il suo testamento morale. E queste parole sono molto significative: parlano di un uomo molto legato alla sua professione, all\u2019idea della patria e del bene collettivo.\u201d<br \/>\nMi racconta poi che la sua ultima richiesta, in cambio, fu che egli potesse essere ricordato, assieme al fratello, con un fiore sulla sua tomba. Ecco perch\u00e9 questo 31 ottobre la preside, con una rappresentanza di alunni, si \u00e8 recata al cimitero e qui, presso la tomba del benefattore, \u00e8 stato letto il brano riportato sotto il ritratto ed e stata recitata una preghiera.<br \/>\nMi spiega che \u00e8 per volont\u00e0 dello stesso Mazza che il premio si tiene il 31 marzo, data di morte del fratello a cui egli era evidentemente assai legato.<br \/>\nMazza stabil\u00ec inoltre che l\u2019assegnazione del premio agli alunni migliori dovesse avvenire mediante sorteggio da svolgersi davanti all\u2019intera cittadinanza.<br \/>\n\u201cPer alunni migliori lui intendeva quelli che prendevano dal 7 in su\u201d specifica la preside \u201cma \u00e8 ovvio che si parla di tempi in cui prendere un sette significava impegnarsi duramente. Cosa che oggi, quando fioccano gli 8, i 9, i 10, non sempre succede.\u201d<br \/>\nComunque a quest\u2019uomo va il merito di avere riconosciuto l\u2019importanza dell\u2019istruzione primaria in un epoca in cui, soprattutto nei paesini del sud, la cultura veniva messa in secondo piano rispetto al lavoro.<br \/>\n\u201cQuesta era perci\u00f2 anche un\u2019opportunit\u00e0 per i bambini meno abbienti\u201d mi spiega la preside. \u201cE forse, se Alessandro Mazza avesse specificato anche questo tra i requisiti dei candidati, sarebbe stato meglio.\u201d<br \/>\nSi tratta pur sempre di un grande stimolo per gli alunni. L\u2019orgoglio di essere tra i pi\u00f9 bravi della classe.<br \/>\n\u201cSi, \u00e8 vero\u201d ammette la preside \u201c\u00e8 una cosa che si avverte soprattutto da parte dei bambini pi\u00f9 piccoli.\u201d<br \/>\nPensa che gli alunni percepiscano il premio come uno stimolo esclusivamente materiale? Le chiedo.<br \/>\n\u201cNo, non solo\u201d \u00e8 la sua risposta \u201cpenso che avvertano anche la soddisfazione di poter essere definiti i migliori\u201d.<\/p>\n","protected":false},"excerpt":{"rendered":"<p>PREMIO A. MAZZA, IN RICORDO DI UN UOMO STRAORDINARIO A cura di Antonella Catenazzo Quest\u2019anno come tutti gli anni, dal lontano 1958, il 31 marzo presso le Scuole Elementari, si \u00e8 ripetuto il tradizionale appuntamento con l\u2019assegnazione del Premio Mazza. Appuntamento che anche i pi\u00f9 piccoli conoscono e che aspettano per due motivi: il riconoscimento [&hellip;]<\/p>\n","protected":false},"author":29,"featured_media":0,"comment_status":"open","ping_status":"open","sticky":false,"template":"","format":"standard","meta":[],"categories":[7],"tags":[],"_links":{"self":[{"href":"http:\/\/www.prolocodeliceto.it\/zeroweb\/index.php?rest_route=\/wp\/v2\/posts\/652"}],"collection":[{"href":"http:\/\/www.prolocodeliceto.it\/zeroweb\/index.php?rest_route=\/wp\/v2\/posts"}],"about":[{"href":"http:\/\/www.prolocodeliceto.it\/zeroweb\/index.php?rest_route=\/wp\/v2\/types\/post"}],"author":[{"embeddable":true,"href":"http:\/\/www.prolocodeliceto.it\/zeroweb\/index.php?rest_route=\/wp\/v2\/users\/29"}],"replies":[{"embeddable":true,"href":"http:\/\/www.prolocodeliceto.it\/zeroweb\/index.php?rest_route=%2Fwp%2Fv2%2Fcomments&post=652"}],"version-history":[{"count":0,"href":"http:\/\/www.prolocodeliceto.it\/zeroweb\/index.php?rest_route=\/wp\/v2\/posts\/652\/revisions"}],"wp:attachment":[{"href":"http:\/\/www.prolocodeliceto.it\/zeroweb\/index.php?rest_route=%2Fwp%2Fv2%2Fmedia&parent=652"}],"wp:term":[{"taxonomy":"category","embeddable":true,"href":"http:\/\/www.prolocodeliceto.it\/zeroweb\/index.php?rest_route=%2Fwp%2Fv2%2Fcategories&post=652"},{"taxonomy":"post_tag","embeddable":true,"href":"http:\/\/www.prolocodeliceto.it\/zeroweb\/index.php?rest_route=%2Fwp%2Fv2%2Ftags&post=652"}],"curies":[{"name":"wp","href":"https:\/\/api.w.org\/{rel}","templated":true}]}}