{"id":645,"date":"2009-03-30T12:09:17","date_gmt":"2009-03-30T11:09:17","guid":{"rendered":"http:\/\/www.prolocodeliceto.it\/zeroweb\/?p=645"},"modified":"2009-03-31T20:08:44","modified_gmt":"2009-03-31T19:08:44","slug":"festa-della-donna-2009","status":"publish","type":"post","link":"http:\/\/www.prolocodeliceto.it\/zeroweb\/?p=645","title":{"rendered":"Festa della donna 2009"},"content":{"rendered":"<p><strong><\/strong><strong><font size=\"4\"><\/p>\n<p align=\"center\">Festa della donna 2009<\/p>\n<p><\/font><\/p>\n<p align=\"center\">Il modo garbato di festeggiare nell\u2019Associazione Culturale Delicetana<\/p>\n<p align=\"center\"><a href=\"http:\/\/www.prolocodeliceto.it\/zeroweb\/wp-content\/festa-della-donna-deliceto.jpg\" title=\"festa-della-donna-deliceto.jpg\"><img decoding=\"async\" loading=\"lazy\" width=\"147\" src=\"http:\/\/www.prolocodeliceto.it\/zeroweb\/wp-content\/festa-della-donna-deliceto.thumbnail.jpg\" alt=\"festa-della-donna-deliceto.jpg\" height=\"85\" style=\"width: 147px; height: 85px\" \/><\/a><\/p>\n<p><\/strong><font size=\"2\"><\/p>\n<p align=\"justify\">L\u2019Associazione Culturale Delicetana, nata per le famiglie, \u00e8 stata voluta espressamente come luogo e occasione di incontro anche per le donne, escluse dai luoghi frequentati abitualmente dai mariti. Di conseguenza, ha sempre avuto come sua manifestazione principale la festa della donna. Se l\u20198 marzo non capita di sabato, la festa \u00e8 spostata al sabato precedente o successivo pi\u00f9 vicini, per dar modo anche ai soci di fuori di partecipare, senza preoccupazioni di orario per il rientro. Quest\u2019anno \u00e8 stata anticipata a sabato 7. <strong>E\u2019 una serata che le famiglie passano insieme in allegria, in cui alla donna \u00e8 riservato il posto d\u2019onore.<\/strong> L\u2019organizzazione \u00e8 dei soli uomini, senza che per le donne trapeli nulla: esse non sanno quale sar\u00e0 la cena, n\u00e9 dovranno preoccuparsi di nulla. Saranno <strong>servite e riverite dagli uomini<\/strong>. I ruoli sono invertiti: sono gli uomini a provvedere a tutto, magari pasticciando un po\u2019; ad apparecchiare e sparecchiare, a fare le porzioni, a portare i cibi a tavola, a riempire i bicchieri, ad assicurarsi che non manchi nulla; ad alzarsi mille volta da tavola. A fine cena, che \u00e8 una ricca cena, dall\u2019antipasto alla immancabile torta mimosa, alle donne viene consegnato un omaggio, un ricordino della serata, che pu\u00f2 andare da una piantina, ad una confezione di dolciumi, ad un libro.<\/p>\n<p align=\"justify\">L\u2019aspetto pi\u00f9 simpatico \u00e8 forse l\u2019altro omaggio che viene fatto alle donne ad inizio serata: un intrattenimento che pu\u00f2 essere uno spettacolino di prosa, di musica leggera o di orchestra da camera. <strong>Quest\u2019anno vi \u00e8 stato un recital di poesie ad opera del Siparietto<\/strong>, insignito pochi giorni prima dalla Pro loco del premio Deliceto 2009 per il settore spettacolo. Poesie non barbose n\u00e9 sdolcinate, ma simpatiche, spiritose, sul tema della donna e dell\u2019amore. Il titolo \u00e8 stato, infatti, &#8220;Amore, amor&#8221;; le poesie hanno spaziato dal napoletano, al romanesco di Trilussa, al linguaggio essenziale di autori moderni, trovando un pubblico attento e divertito. Uno spettacolino non lungo, garbato; con la recitazione \u2013 vivacizzata da accenni scenici &#8211; di <strong>Gaetano Doto, Marta Nigro, Maria Pisano<\/strong>, su musiche originali di <strong>Alfonso Ingegno<\/strong>, dallo stesso eseguite, per la regia di Mattia Iossa. Insomma, serata diversa, arricchita dal consueto omaggio del rametto di mimosa da parte dell\u2019Amministrazione Comunale; passata insieme e non in contrapposizione; occasione per riconoscere ed esaltare in maniera simpatica ed armoniosa &#8211; ed all\u2019interno della famiglia &#8211; il ruolo indispensabile della donna.<\/p>\n<p align=\"justify\">&nbsp;<\/p>\n<p><strong>Mattia Iossa<\/strong><\/p>\n<p><\/font><\/p>\n","protected":false},"excerpt":{"rendered":"<p>Festa della donna 2009 Il modo garbato di festeggiare nell\u2019Associazione Culturale Delicetana L\u2019Associazione Culturale Delicetana, nata per le famiglie, \u00e8 stata voluta espressamente come luogo e occasione di incontro anche per le donne, escluse dai luoghi frequentati abitualmente dai mariti. Di conseguenza, ha sempre avuto come sua manifestazione principale la festa della donna. Se l\u20198 [&hellip;]<\/p>\n","protected":false},"author":29,"featured_media":0,"comment_status":"open","ping_status":"open","sticky":false,"template":"","format":"standard","meta":[],"categories":[7],"tags":[],"_links":{"self":[{"href":"http:\/\/www.prolocodeliceto.it\/zeroweb\/index.php?rest_route=\/wp\/v2\/posts\/645"}],"collection":[{"href":"http:\/\/www.prolocodeliceto.it\/zeroweb\/index.php?rest_route=\/wp\/v2\/posts"}],"about":[{"href":"http:\/\/www.prolocodeliceto.it\/zeroweb\/index.php?rest_route=\/wp\/v2\/types\/post"}],"author":[{"embeddable":true,"href":"http:\/\/www.prolocodeliceto.it\/zeroweb\/index.php?rest_route=\/wp\/v2\/users\/29"}],"replies":[{"embeddable":true,"href":"http:\/\/www.prolocodeliceto.it\/zeroweb\/index.php?rest_route=%2Fwp%2Fv2%2Fcomments&post=645"}],"version-history":[{"count":0,"href":"http:\/\/www.prolocodeliceto.it\/zeroweb\/index.php?rest_route=\/wp\/v2\/posts\/645\/revisions"}],"wp:attachment":[{"href":"http:\/\/www.prolocodeliceto.it\/zeroweb\/index.php?rest_route=%2Fwp%2Fv2%2Fmedia&parent=645"}],"wp:term":[{"taxonomy":"category","embeddable":true,"href":"http:\/\/www.prolocodeliceto.it\/zeroweb\/index.php?rest_route=%2Fwp%2Fv2%2Fcategories&post=645"},{"taxonomy":"post_tag","embeddable":true,"href":"http:\/\/www.prolocodeliceto.it\/zeroweb\/index.php?rest_route=%2Fwp%2Fv2%2Ftags&post=645"}],"curies":[{"name":"wp","href":"https:\/\/api.w.org\/{rel}","templated":true}]}}