{"id":642,"date":"2009-03-27T21:46:54","date_gmt":"2009-03-27T20:46:54","guid":{"rendered":"http:\/\/www.prolocodeliceto.it\/zeroweb\/?p=642"},"modified":"2009-03-30T12:18:54","modified_gmt":"2009-03-30T11:18:54","slug":"la-scuola-pubblica-e-un-bene-comune","status":"publish","type":"post","link":"http:\/\/www.prolocodeliceto.it\/zeroweb\/?p=642","title":{"rendered":"La scuola pubblica \u00e8 un bene comune"},"content":{"rendered":"<p>\u201cPiccoli comuni, grande scuola\u201d<br \/>\nLa scuola pubblica \u00e8 un bene comune<\/p>\n<p>Gioved\u00ec 2 Aprile alle ore 17:00 presso la Sala Europa del Comune di Deliceto si terr\u00e0 un importantissimo convegno dal tema: \u201cQuale futuro per i bambini e le scuole dei piccoli comuni del Subappennino Dauno?\u201d<br \/>\nL\u2019evento, ospitato dal Comune di Deliceto, \u00e8 organizzato da Legambiente Puglia e ANCI Puglia (Associazione Nazionale Comuni Italiani) e ci\u00f2 testimonia l\u2019importanza che il nostro paese ha assunto sul proprio territorio diventando un punto di riferimento per tutti. L\u2019 incontro \u00e8 stato programmato per discutere dei disagi e delle iniziative necessarie per garantire alla popolazione la presenza della scuola come presidio della qualit\u00e0 culturale e sociale sul territorio.<br \/>\n\u00abOspitare una conferenza di tale importanza \u00e8 per noi un onore ed un piacere \u2013 afferma il Sindaco Benvenuto Nigro \u2013 sia per i relatori che verranno ma soprattutto poich\u00e9 tutelare l\u2019istruzione e la scuola vuol dire garantire la crescita culturale ed economica di un territorio e ci\u00f2 deve essere garantito a chiunque\u00bb.<br \/>\nAd aprire il convegno, oltre al Sindaco di Deliceto Nigro vi sar\u00e0 Tonino Soldo (Presidente Legambiente Circolo di Foggia) e in scaletta sono poi previsti gli interventi di:<\/p>\n<p>\u2022 Michele Lamacchia &#8211; Presidente ANCI Puglia;<br \/>\n\u2022 Maria Maran\u00f2 &#8211; Coordinatrice nazionale Legambiente Scuola e Formazione;<br \/>\n\u2022 Antonia Pasquariello &#8211; Dirigente Scolastico IC di Deliceto;<br \/>\n\u2022 Francesco Tarantini &#8211; Presidente Legambiente Puglia;<br \/>\n\u2022 Ruggiero Francavilla &#8211; Dirigente Ufficio Scolastico &#8211; Regione Puglia;<br \/>\n\u2022 Giuseppe De Sabato &#8211; Dirigente Ufficio Scolastico &#8211; Provincia di Foggia;<br \/>\n\u2022 Michele Boccamazzo &#8211; Sindaco di Casalvecchio di Puglia;<br \/>\n\u2022 Maria Elvira Consiglio &#8211; Assessore Politiche Scolastiche &#8211; Provincia di Foggia.<\/p>\n<p>Inoltre vi sar\u00e0 anche la partecipazione di Domenico Lomelo, Assessore alla Pubblica Istruzione della Regione Puglia e ci\u00f2 testimonia l\u2019importanza e per la conferenza \u00e8 prevista grandissima partecipazione da parte di sindaci, dirigenti didattici, genitori e insegnanti provenienti da tutta la regione Puglia.<\/p>\n","protected":false},"excerpt":{"rendered":"<p>\u201cPiccoli comuni, grande scuola\u201d La scuola pubblica \u00e8 un bene comune Gioved\u00ec 2 Aprile alle ore 17:00 presso la Sala Europa del Comune di Deliceto si terr\u00e0 un importantissimo convegno dal tema: \u201cQuale futuro per i bambini e le scuole dei piccoli comuni del Subappennino Dauno?\u201d L\u2019evento, ospitato dal Comune di Deliceto, \u00e8 organizzato da [&hellip;]<\/p>\n","protected":false},"author":29,"featured_media":0,"comment_status":"open","ping_status":"open","sticky":false,"template":"","format":"standard","meta":[],"categories":[7],"tags":[],"_links":{"self":[{"href":"http:\/\/www.prolocodeliceto.it\/zeroweb\/index.php?rest_route=\/wp\/v2\/posts\/642"}],"collection":[{"href":"http:\/\/www.prolocodeliceto.it\/zeroweb\/index.php?rest_route=\/wp\/v2\/posts"}],"about":[{"href":"http:\/\/www.prolocodeliceto.it\/zeroweb\/index.php?rest_route=\/wp\/v2\/types\/post"}],"author":[{"embeddable":true,"href":"http:\/\/www.prolocodeliceto.it\/zeroweb\/index.php?rest_route=\/wp\/v2\/users\/29"}],"replies":[{"embeddable":true,"href":"http:\/\/www.prolocodeliceto.it\/zeroweb\/index.php?rest_route=%2Fwp%2Fv2%2Fcomments&post=642"}],"version-history":[{"count":0,"href":"http:\/\/www.prolocodeliceto.it\/zeroweb\/index.php?rest_route=\/wp\/v2\/posts\/642\/revisions"}],"wp:attachment":[{"href":"http:\/\/www.prolocodeliceto.it\/zeroweb\/index.php?rest_route=%2Fwp%2Fv2%2Fmedia&parent=642"}],"wp:term":[{"taxonomy":"category","embeddable":true,"href":"http:\/\/www.prolocodeliceto.it\/zeroweb\/index.php?rest_route=%2Fwp%2Fv2%2Fcategories&post=642"},{"taxonomy":"post_tag","embeddable":true,"href":"http:\/\/www.prolocodeliceto.it\/zeroweb\/index.php?rest_route=%2Fwp%2Fv2%2Ftags&post=642"}],"curies":[{"name":"wp","href":"https:\/\/api.w.org\/{rel}","templated":true}]}}