{"id":638,"date":"2009-03-18T20:51:33","date_gmt":"2009-03-18T19:51:33","guid":{"rendered":"http:\/\/www.prolocodeliceto.it\/zeroweb\/?p=638"},"modified":"2009-03-26T21:40:23","modified_gmt":"2009-03-26T20:40:23","slug":"scuola-per-esperti-di-certificazione-ambientale","status":"publish","type":"post","link":"http:\/\/www.prolocodeliceto.it\/zeroweb\/?p=638","title":{"rendered":"Scuola per esperti di certificazione ambientale"},"content":{"rendered":"<p>A tutti gli organi di stampa<br \/>\n(con preghiera di massima diffusione) <\/p>\n<p>COMUNICATO <\/p>\n<p>SCUOLA PER ESPERTI DI CERTIFICAZIONE AMBIENTALE <\/p>\n<p>ESAMI FINALI PER LA  3^ EDIZIONE <\/p>\n<p>Sabato 28 marzo p.v., a partire dalle ore 9.00, si terranno, presso l?istituto ?R. Gorjux? in Bari, gli esami finali della 3^ Edizione della Scuola EMAS ed ECOLABEL della Regione Puglia che ha interessato i settori della Pubblica Amministrazione, dell?Agroindustria ed i Servizi di Ricettivit\u00e0 Turistica. <\/p>\n<p>Le  attivit\u00e0 formative, iniziate a maggio 2008, si sono sostanziate  in una densa fase d?aula ed in una specifica attivit\u00e0 di Project Work. L?attivit\u00e0 di certificazione \u00e8 stata centrata, in ambito EMAS, sui comuni di Casamassima  e Fragagnano e sulle aziende agroindustriali ?Oliveti d?Italia? di Andria, ?Caroli? di Martina Franca e ?Casaltrinit\u00e0? di Trinitapoli. <\/p>\n<p>In ambito ECOLABEL l?attivit\u00e0 di certificazione ha riguardato il ?Grand Hotel Olimpo? di Alberobello, l?Hotel ?Palazzo Baldi? di Galatina, l?Hotel ?Gabbiano? di Marina di Pulsano e l?Agriturismo ? Villa La Fenice? di Trinitapoli. <\/p>\n<p>La Commissione di Valutazione Finale sar\u00e0 presieduta dall?Ing. Giuseppe Gravina, Responsabile del Servizio Prevenzione Individuale e Collettiva dell?ARPA Puglia e sar\u00e0 composta dai rappresentanti degli Enti partner. <\/p>\n<p>Sar\u00e0, altres\u00ec, presente la dott.ssa Stefania Minestrini, Responsabile Nazionale settore ECOLABEL dell?ISPRA (ex APAT). <\/p>\n<p>I corsisti che si qualificheranno Consulenti EMAS e Consulenti ECOLABEL saranno inseriti nel Registro Nazionale dei Consulenti Esperti in Certificazione Ambientale dell?ISPRA e nel Registro della Regione Puglia. <\/p>\n<p>INFO:                                     <\/p>\n<p>Scuola EMAS ed Ecolabel della Regione Puglia <\/p>\n<p>Tel 080\/5857937 <\/p>\n","protected":false},"excerpt":{"rendered":"<p>A tutti gli organi di stampa (con preghiera di massima diffusione) COMUNICATO SCUOLA PER ESPERTI DI CERTIFICAZIONE AMBIENTALE ESAMI FINALI PER LA 3^ EDIZIONE Sabato 28 marzo p.v., a partire dalle ore 9.00, si terranno, presso l?istituto ?R. Gorjux? in Bari, gli esami finali della 3^ Edizione della Scuola EMAS ed ECOLABEL della Regione Puglia [&hellip;]<\/p>\n","protected":false},"author":29,"featured_media":0,"comment_status":"open","ping_status":"open","sticky":false,"template":"","format":"standard","meta":[],"categories":[7],"tags":[],"_links":{"self":[{"href":"http:\/\/www.prolocodeliceto.it\/zeroweb\/index.php?rest_route=\/wp\/v2\/posts\/638"}],"collection":[{"href":"http:\/\/www.prolocodeliceto.it\/zeroweb\/index.php?rest_route=\/wp\/v2\/posts"}],"about":[{"href":"http:\/\/www.prolocodeliceto.it\/zeroweb\/index.php?rest_route=\/wp\/v2\/types\/post"}],"author":[{"embeddable":true,"href":"http:\/\/www.prolocodeliceto.it\/zeroweb\/index.php?rest_route=\/wp\/v2\/users\/29"}],"replies":[{"embeddable":true,"href":"http:\/\/www.prolocodeliceto.it\/zeroweb\/index.php?rest_route=%2Fwp%2Fv2%2Fcomments&post=638"}],"version-history":[{"count":0,"href":"http:\/\/www.prolocodeliceto.it\/zeroweb\/index.php?rest_route=\/wp\/v2\/posts\/638\/revisions"}],"wp:attachment":[{"href":"http:\/\/www.prolocodeliceto.it\/zeroweb\/index.php?rest_route=%2Fwp%2Fv2%2Fmedia&parent=638"}],"wp:term":[{"taxonomy":"category","embeddable":true,"href":"http:\/\/www.prolocodeliceto.it\/zeroweb\/index.php?rest_route=%2Fwp%2Fv2%2Fcategories&post=638"},{"taxonomy":"post_tag","embeddable":true,"href":"http:\/\/www.prolocodeliceto.it\/zeroweb\/index.php?rest_route=%2Fwp%2Fv2%2Ftags&post=638"}],"curies":[{"name":"wp","href":"https:\/\/api.w.org\/{rel}","templated":true}]}}