{"id":629,"date":"2009-03-21T21:15:00","date_gmt":"2009-03-21T20:15:00","guid":{"rendered":"http:\/\/www.prolocodeliceto.it\/zeroweb\/?p=629"},"modified":"2009-03-27T21:48:41","modified_gmt":"2009-03-27T20:48:41","slug":"quattro-proposte-per-valorizzare-lemigrazione-nel-mondo","status":"publish","type":"post","link":"http:\/\/www.prolocodeliceto.it\/zeroweb\/?p=629","title":{"rendered":"Quattro proposte per valorizzare l&#8217;emigrazione nel mondo"},"content":{"rendered":"<p>Quattro proposte per valorizzare l\u2019emigrazione nel Mondo<\/p>\n<p>Il Coordinamento Nazionale Piccoli Comun Italiani impegnato a promuovere e valorizzare le piccole comunit\u00e0 locali ritiene centrale la ripresa di una riflessione seria sulla storia dell\u2019emigrazione italiana nel Mondo come occasione di crescita e di sviluppo delle future generazioni. Il Coordinamento intende impegnare il Governo italiano, il Parlamento italiano, le Regioni italiane, i Comuni italiani ed il mondo della cultura e della formazione a partire dalla scuola e dall\u2019Universit\u00e0 intorno a proposte serie e nello stesso tempo di grande attualit\u00e0 con il nostro tempo. Le proposte avanzate sono quattro: 1) Istituzione Giornata Nazionale dell\u2019Emigrazione da svolgersi in un giorno stabilito dell\u2019anno di concerto con le Comunit\u00e0 italiane residenti negli USA e nel Mondo; 2) Istituzione corsi di laurea specifici sulla storia dell\u2019emigrazione transoceanica e nordeuropea; 3) Inserimento nei testi scolastici di una sezione (capitolo) espressamente dedicata all\u2019emigrazione italiana nel Mondo; 4) Assunzione nella toponomastica locale di un toponimo con specifico riferimento all\u2019emigrazione.<br \/>\n\u201cLa nostra storia di popolo di emigranti \u00e8 legata a doppio filo agli Stati Uniti in maniera particolare e con l\u2019Amministrazione Obama vogliamo contribuire a realizzare un disegno di pace e di prosperit\u00e0 nel Mondo \u2013 le dichiarazioni del Portavoce di Piccoli Comuni, Virgilio Caivano \u2013 la grande migrazione colp\u00ec in maniera particolare proprio le piccole comunit\u00e0 locali ed oggi abbiamo la possibilit\u00e0 di costruire condizioni per un ritorno delle nuove generazioni di italoamericani alle proprie origini, alla fonte della propria storia familiare\u201d.<br \/>\nIl progetto e le proposte avanzate hanno come riferimento Vincenzo Di Lalla, responsabile dell\u2019area emigrazioni del Coordinamento Piccoli Comuni. Per eventuale comunicazioni infopiccolicomuni@gmail.com<br \/>\nL&#8217;Addetto Stampa<br \/>\nAndrea Gisoldi<\/p>\n","protected":false},"excerpt":{"rendered":"<p>Quattro proposte per valorizzare l\u2019emigrazione nel Mondo Il Coordinamento Nazionale Piccoli Comun Italiani impegnato a promuovere e valorizzare le piccole comunit\u00e0 locali ritiene centrale la ripresa di una riflessione seria sulla storia dell\u2019emigrazione italiana nel Mondo come occasione di crescita e di sviluppo delle future generazioni. Il Coordinamento intende impegnare il Governo italiano, il Parlamento [&hellip;]<\/p>\n","protected":false},"author":29,"featured_media":0,"comment_status":"open","ping_status":"open","sticky":false,"template":"","format":"standard","meta":[],"categories":[7],"tags":[],"_links":{"self":[{"href":"http:\/\/www.prolocodeliceto.it\/zeroweb\/index.php?rest_route=\/wp\/v2\/posts\/629"}],"collection":[{"href":"http:\/\/www.prolocodeliceto.it\/zeroweb\/index.php?rest_route=\/wp\/v2\/posts"}],"about":[{"href":"http:\/\/www.prolocodeliceto.it\/zeroweb\/index.php?rest_route=\/wp\/v2\/types\/post"}],"author":[{"embeddable":true,"href":"http:\/\/www.prolocodeliceto.it\/zeroweb\/index.php?rest_route=\/wp\/v2\/users\/29"}],"replies":[{"embeddable":true,"href":"http:\/\/www.prolocodeliceto.it\/zeroweb\/index.php?rest_route=%2Fwp%2Fv2%2Fcomments&post=629"}],"version-history":[{"count":0,"href":"http:\/\/www.prolocodeliceto.it\/zeroweb\/index.php?rest_route=\/wp\/v2\/posts\/629\/revisions"}],"wp:attachment":[{"href":"http:\/\/www.prolocodeliceto.it\/zeroweb\/index.php?rest_route=%2Fwp%2Fv2%2Fmedia&parent=629"}],"wp:term":[{"taxonomy":"category","embeddable":true,"href":"http:\/\/www.prolocodeliceto.it\/zeroweb\/index.php?rest_route=%2Fwp%2Fv2%2Fcategories&post=629"},{"taxonomy":"post_tag","embeddable":true,"href":"http:\/\/www.prolocodeliceto.it\/zeroweb\/index.php?rest_route=%2Fwp%2Fv2%2Ftags&post=629"}],"curies":[{"name":"wp","href":"https:\/\/api.w.org\/{rel}","templated":true}]}}