{"id":6189,"date":"2012-08-08T21:13:13","date_gmt":"2012-08-08T20:13:13","guid":{"rendered":"http:\/\/www.prolocodeliceto.it\/zeroweb\/?p=6189"},"modified":"2012-08-08T21:16:07","modified_gmt":"2012-08-08T20:16:07","slug":"occupata-sede-telethon","status":"publish","type":"post","link":"http:\/\/www.prolocodeliceto.it\/zeroweb\/?p=6189","title":{"rendered":"OCCUPATA SEDE TELETHON&#8230;"},"content":{"rendered":"<p>&nbsp;<\/p>\n<p><a href=\"http:\/\/www.prolocodeliceto.it\/zeroweb\/wp-content\/uploads\/548955_4243321651577_958401590_n1.jpg\"><img decoding=\"async\" loading=\"lazy\" class=\"alignnone size-thumbnail wp-image-6192\" title=\"548955_4243321651577_958401590_n[1]\" src=\"http:\/\/www.prolocodeliceto.it\/zeroweb\/wp-content\/uploads\/548955_4243321651577_958401590_n1-150x150.jpg\" alt=\"\" width=\"150\" height=\"150\" srcset=\"http:\/\/www.prolocodeliceto.it\/zeroweb\/wp-content\/uploads\/548955_4243321651577_958401590_n1-150x150.jpg 150w, http:\/\/www.prolocodeliceto.it\/zeroweb\/wp-content\/uploads\/548955_4243321651577_958401590_n1-184x184.jpg 184w, http:\/\/www.prolocodeliceto.it\/zeroweb\/wp-content\/uploads\/548955_4243321651577_958401590_n1-67x67.jpg 67w, http:\/\/www.prolocodeliceto.it\/zeroweb\/wp-content\/uploads\/548955_4243321651577_958401590_n1-130x130.jpg 130w, http:\/\/www.prolocodeliceto.it\/zeroweb\/wp-content\/uploads\/548955_4243321651577_958401590_n1-140x140.jpg 140w, http:\/\/www.prolocodeliceto.it\/zeroweb\/wp-content\/uploads\/548955_4243321651577_958401590_n1-200x200.jpg 200w\" sizes=\"(max-width: 150px) 100vw, 150px\" \/><\/a>OCCUPATA SEDE TELETHON DI FOGGIA DA DUE FAMIGLIE SENZA FISSA DIMORA<\/p>\n<p><span style=\"font-size: large;\">La sede di Foggia di Telethon, Fondazione nazionale per la ricerca sulle malattie genetiche, \u00e8 stata occupata nel pomeriggio di oggi da due famiglie senza fissa dimora.\u00a0 Sul posto, sono intervenuti gli agenti della Polizia Municipale di Foggia che sono riusciti ad entrare all&#8217;interno dei locali ed hanno constatato l&#8217;effrazione e l&#8217;occupazione. Il presidente del Coordinamento Provinciale Foggia di Telethon, Nico Palatella, \u00e8 accorso sul luogo per verificare la situazione, ed ha cominciato a dialogare con le due donne che al momento occupano la sede, insieme ad un bambino di due anni, per cercare una soluzione.<\/span><\/p>\n<p>&#8220;Sono molto dispiaciuto dell&#8217;accaduto avendo appurato che le persone in questione sono sull&#8217;orlo della disperazione ed hanno, comunque, dignitosamente conservato quanto contenuto negli uffici e quindi materiale informatico, attrezzature ed oggetti vari&#8221;. Palatella continua: &#8220;E&#8217; la dimostrazione di come questa citt\u00e0 come poche altre manifesti un crescente disagio sociale che sfocia in azioni come questa, e della cui gravit\u00e0 legale e giudiziaria forse nemmeno le signore interessate sono consapevoli&#8221;. Conclude Palatella: &#8220;Domani proceder\u00f2 alle comunicazioni d&#8217;obbligo alla Fondazione Nazionale Telethon in quanto \u00e8 mio dovere segnalare l&#8217;accaduto, augurandomi un buon esito della questione ed alla mia citt\u00e0 di conoscere giorni migliori; Telethon raccoglie fondi per la ricerca e la cura delle malattie genetiche, Foggia inizi a raccogliere fondi per risolvere i suoi problemi, prima che la situazione sfugga di mano anche alle Forze dell&#8217;Ordine, sempre pi\u00f9 impegnate in una battaglia quotidiana causata dalla miseria e dalle difficolt\u00e0&#8221;.<\/p>\n<p>Le donne hanno raccontato di essere senza fissa dimora e di aspettare da anni, ormai, un alloggio nelle case popolari, vivendo quotidianamente questa situazione di disagio. Pi\u00f9 volte, raccontano, hanno dovuto occupare altre abitazioni per dare un tetto alla propria famiglia: &#8220;Sono gi\u00e0 cinque volte che occupiamo &#8211; racconta Maria, nome di fantasia per tutelare la privacy della donna &#8211; mio marito lavorava per la Connecting People che gestiva i servizi di assistenza a Borgo Mezzanone, ma \u00e8 stato licenziato a febbraio perch\u00e9 la ditta ha perso l&#8217;appalto in favore della Croce Rossa Italiana&#8221;. Maria continua: &#8220;Mio figlio ha due anni ed \u00e8 affetto da un nodulo fibrotico al collo: il prossimo anno dovr\u00e0 subire un intervento ma non ci hanno assicurato che il problema si risolver\u00e0. Ogni tre mesi siamo costretti a far visitare il bambino da specialisti a pagamento perch\u00e8 le liste di attesa della sanit\u00e0 pubblica sono lunghissime&#8221;.<\/p>\n<p>Le fa eco Giovanna, anche questo nome di fantasia, che ha un marito disoccupato, e un figlio di quindici anni affetto da epilessia ed una figlia di ventiquattro anni che soffre di crisi asmatica: &#8220;Io soffro di depressione a causa di quello che sto subendo &#8211; racconta disperata Giovanna, che continua &#8211; da aprile dormiamo in auto perch\u00e9 siamo stati sfrattati di casa dopo che mio marito ha perso il lavoro&#8221;.<\/p>\n<p>Le due donne raccontano che il Comune propone alle famiglie di cercare un alloggio cui provveder\u00e0, poi, a pagare il canone di affitto, ma che gi\u00e0 in passato, il Comune stesso non ha onorato gli accordi presi con i proprietari delle case che altro non hanno potuto fare che sfrattare gli inquilini. &#8220;Non ci fidiamo del Comune e delle sue promesse di pagare gli affitti: non riescono a mantenerle e noi ne subiamo le conseguenze&#8221;, dichiarano le due donne. Le famiglie hanno fatto richiesta di alloggio per le case popolari, ma devono attendere che la graduatoria vada ad esaurimento: &#8220;C&#8217;\u00e8 gente che \u00e8 riuscita a passare avanti e ad ottenere la casa prima degli altri e non sappiamo come, ma possiamo immaginarlo &#8211; gridano a gran voce Maria e Giovanna che concludono con una confessione agghiacciante che, se vera, non solo deve far riflettere, ma dovrebbe promuovere una forte azione delle Forze dell&#8217;Ordine per reprimere la cosa: &#8220;C&#8217;\u00e8 una donna che conosciamo che ha subito un ricatto sessuale in cambio dell&#8217;alloggio&#8221;.<\/p>\n<p><br clear=\"all\" \/><br \/>\n&#8212;<br \/>\n<span style=\"font-size: large;\"><strong>Giorgio Ventricelli<\/strong><\/span><br \/>\n<em>giornalista, addetto stampa e comunicazione ambientale<\/em><\/p>\n<p>cell. 347.5667173<br \/>\nTwitter @Giorgioven<br \/>\nSkype giorgio.ventricelli<br \/>\n<a href=\"http:\/\/giorgioventricelli.wordpress.com\/\">http:\/\/giorgioventricelli.wordpress.com<\/a><\/p>\n","protected":false},"excerpt":{"rendered":"<p>&nbsp; OCCUPATA SEDE TELETHON DI FOGGIA DA DUE FAMIGLIE SENZA FISSA DIMORA La sede di Foggia di Telethon, Fondazione nazionale per la ricerca sulle malattie genetiche, \u00e8 stata occupata nel pomeriggio di oggi da due famiglie senza fissa dimora.\u00a0 Sul posto, sono intervenuti gli agenti della Polizia Municipale di Foggia che sono riusciti ad entrare [&hellip;]<\/p>\n","protected":false},"author":29,"featured_media":6192,"comment_status":"open","ping_status":"open","sticky":false,"template":"","format":"standard","meta":[],"categories":[7],"tags":[],"_links":{"self":[{"href":"http:\/\/www.prolocodeliceto.it\/zeroweb\/index.php?rest_route=\/wp\/v2\/posts\/6189"}],"collection":[{"href":"http:\/\/www.prolocodeliceto.it\/zeroweb\/index.php?rest_route=\/wp\/v2\/posts"}],"about":[{"href":"http:\/\/www.prolocodeliceto.it\/zeroweb\/index.php?rest_route=\/wp\/v2\/types\/post"}],"author":[{"embeddable":true,"href":"http:\/\/www.prolocodeliceto.it\/zeroweb\/index.php?rest_route=\/wp\/v2\/users\/29"}],"replies":[{"embeddable":true,"href":"http:\/\/www.prolocodeliceto.it\/zeroweb\/index.php?rest_route=%2Fwp%2Fv2%2Fcomments&post=6189"}],"version-history":[{"count":2,"href":"http:\/\/www.prolocodeliceto.it\/zeroweb\/index.php?rest_route=\/wp\/v2\/posts\/6189\/revisions"}],"predecessor-version":[{"id":6193,"href":"http:\/\/www.prolocodeliceto.it\/zeroweb\/index.php?rest_route=\/wp\/v2\/posts\/6189\/revisions\/6193"}],"wp:featuredmedia":[{"embeddable":true,"href":"http:\/\/www.prolocodeliceto.it\/zeroweb\/index.php?rest_route=\/wp\/v2\/media\/6192"}],"wp:attachment":[{"href":"http:\/\/www.prolocodeliceto.it\/zeroweb\/index.php?rest_route=%2Fwp%2Fv2%2Fmedia&parent=6189"}],"wp:term":[{"taxonomy":"category","embeddable":true,"href":"http:\/\/www.prolocodeliceto.it\/zeroweb\/index.php?rest_route=%2Fwp%2Fv2%2Fcategories&post=6189"},{"taxonomy":"post_tag","embeddable":true,"href":"http:\/\/www.prolocodeliceto.it\/zeroweb\/index.php?rest_route=%2Fwp%2Fv2%2Ftags&post=6189"}],"curies":[{"name":"wp","href":"https:\/\/api.w.org\/{rel}","templated":true}]}}