{"id":614,"date":"2009-03-01T09:45:58","date_gmt":"2009-03-01T08:45:58","guid":{"rendered":"http:\/\/www.prolocodeliceto.it\/zeroweb\/?p=614"},"modified":"2009-03-10T20:24:19","modified_gmt":"2009-03-10T19:24:19","slug":"due-tempi-due-partite-due-risultati","status":"publish","type":"post","link":"http:\/\/www.prolocodeliceto.it\/zeroweb\/?p=614","title":{"rendered":"Due tempi, due partite, due risultati"},"content":{"rendered":"<p><strong><font size=\"2\"><\/p>\n<p align=\"center\"><a href=\"http:\/\/www.prolocodeliceto.it\/zeroweb\/wp-content\/cappiello-giuseppe.jpg\" title=\"cappiello-giuseppe.jpg\"><img decoding=\"async\" loading=\"lazy\" width=\"102\" src=\"http:\/\/www.prolocodeliceto.it\/zeroweb\/wp-content\/cappiello-giuseppe.thumbnail.jpg\" alt=\"cappiello-giuseppe.jpg\" height=\"143\" style=\"width: 102px; height: 143px\" \/><\/a>Campionato di Seconda Categoria \u2013 Girone A<\/p>\n<p><\/font><\/p>\n<p align=\"center\">Due tempi, due partite, due risultati<\/p>\n<p><font size=\"2\"><\/p>\n<p align=\"center\">7 Gara di ritorno<\/p>\n<p align=\"center\">Viestese &#8211; U.S. Elce Deliceto: 3-1<\/p>\n<p align=\"center\">&nbsp;<\/p>\n<p align=\"center\">di Paco Capano<\/p>\n<p align=\"center\">L\u2019Elce affronta la trasferta di Vieste con il rientro di alcune pedine importanti ma purtroppo, a causa dell\u2019assenza, tra infortuni e squalifiche, di altri giocatori, mister Ippolito si ritrova nuovamente con una formazione obbligata. I presupposti e la notevole differenza di punti fanno presagire una gara a senso unico e invece non \u00e8 cos\u00ec. Il primo tempo dei ragazzi delicetani \u00e8 praticamente da incorniciare, la squadra arancione schiaccia in difesa gli avversari costruendo 5 nette palle goal, facendo innervosire una Viestese incapace di creare un solo pericolo alla porta difesa dal rientrante Troccola Antonio.<\/p>\n<p align=\"justify\">Bellissime le giocate di inizio gara, dopo alcuni tiri da lontano, nascono sulla sinistra ben 3 occasioni da rete ma, prima Lamatrice Antonio e poi Lombardi Rocco non riescono, a pochi passi dalla porta, a centrare il bersaglio. Ancora Lamatrice pericoloso che impensierisce il portiere locale, con una punizione su cui l\u2019estremo difensore \u00e8 bravo ad intervenire, poi Del Tito Antonio che sciupa due clamorose palle da rete, la seconda di testa a due passi dalla porta.<\/p>\n<p align=\"justify\">Purtroppo per\u00f2, la dura legge del calcio paga sempre e quindi goal mangiato goal subito. Al rientro dagli spogliatoi, alla prima disattenzione difensiva delicetana, la Viestese passa in vantaggio con il capitano che raccoglie un preciso passaggio da centrocampo e, da dentro l\u2019area, batte il portiere Troccola con un lento ma precisissimo tiro che colpisce il palo e si insacca in rete. L\u2019Elce \u00e8 tramortita e la Viestese prova ad approfittarne prima con il capitano che da lontano colpisce il palo sulla cui ribattuta l\u2019altro attaccante non riesce a centrare il bersaglio a porta sguarnita. Riordinate le idee prova a ripartire l\u2019Elce e dopo poco mister Ippolito opta per la difesa a 3 spostando Doto Mariano a centrocampo per dare pi\u00f9 incisivit\u00e0 alla mossa offensiva ma esponendosi cos\u00ec a rischi pi\u00f9 alti. L\u2019Elce va vicino alla rete con una punizione dal limite dell\u2019area, dopo l\u2019atterramento di Del Tito che l\u2019arbitro decreta fuori area, ma la stessa termina fuori. Dopo alcuni capovolgimenti di fronte, i locali pi\u00f9 cinici raddoppiano, ancora con il capitano che raccoglie un preciso assist dalla destra e batte a rete nonostante l\u2019opposizione difensiva di D\u2019Emilio Cristian.<\/p>\n<p align=\"justify\">Neanche il tempo di gioire che l\u2019Elce accorcia le distanze con Del Tito Antonio che approfitta di una disattenzione difensiva realizzando sottomisura. L\u2019Elce per\u00f2 ha finito le energie e la Viestese diventa padrone del campo rendendosi pericolosa e passando poco dopo in vantaggio con un bel tiro dal limite su cui nessuno \u00e8 riuscito ad intervenire.<\/p>\n<p align=\"justify\">L\u2019Elce prova a reagire, rendendosi realmente pericolosa, ma il nervosismo aleggia in campo e, dopo qualche scontro al limite della correttezza e qualche parola di troppo, l\u2019arbitro decreta la fine della gara. L\u2019Elce esce cos\u00ec sconfitta da Vieste non demeritando anzi, se fossa stata pi\u00f9 cattiva oggi commetteremo un altro risultato, ma purtroppo le gare non si vincono a punti ma a goal e i ragazzi di Deliceto devono imparare ad essere pi\u00f9 &#8220;cattivi&#8221; (agonisticamente parlando!). La nota positiva che ci fa piacere sottolineare \u00e8 relativa al direttore di gara infatti, a parte errori ammissibili da entrambe le parti e qualche piccola indecisione sulla concitato finale, l\u2019arbitraggio \u00e8 stato buono.<\/p>\n<p align=\"justify\">Passando alla squadra, altra nota positiva \u00e8 l\u2019atteggiamento dei ragazzi arancioni che, nonostante le numerose difficolt\u00e0 di questo campionato, combattono in ogni gara non dimostrando affatto la posizione in classifica. Domenica al campo Scarano di Deliceto, arriva l\u2019Orsara, ed \u00e8 questa la reale ultima spiaggia per poter ancora sperare in un finale di campionato migliore.<\/p>\n<p>L\u2019U.S. Elce Deliceto<\/p>\n<p><dir><dir>Minichella Giuseppe<\/p>\n<p>D\u2019Emilio Cristian<\/p>\n<p>Lombardi Rocco<\/p>\n<p>Lamatrice Antonio<\/p>\n<p>Capano Pasquale<\/p>\n<p>Doto Mariano<\/p>\n<p>Cappiello Giuseppe<\/p>\n<p>Petrella Ciro<\/p>\n<p>Del Tito Antonio<\/p>\n<p>Baldassarro Luigi<\/p>\n<p>Baldassarro Francesco<\/p>\n<p>Lavista Giovanni<\/p>\n<p align=\"justify\">Grasso Antonio<\/p>\n<p>Minichella Giuseppe<\/p>\n<p><\/dir><\/dir>Assistente tecnico: Mascia Ambrogio<\/p>\n<p>Staff tecnico: Lamatrice Alfonso, Doto Alfonso<\/p>\n<p>Mister: Ippolito Gerardo<\/p>\n<p align=\"justify\">L\u2019ennesima domenica amara per la prima squadra coincide per\u00f2 con le brillanti partite delle squadre giovanili di calcio allenate dal giovane mister Baldassarro Michele.<\/p>\n<p align=\"justify\">Gli allievi riesco a ottenere un\u2019importante pareggio in casa contro il Millenium di Stornara.<\/p>\n<p align=\"justify\">I ragazzi nel primo tempo dominano la gara non riuscendo per\u00f2 a finalizzare le occasioni avute, nel secondo tempo subiscono prima la rete degli ospiti su rigore (netto!) e solo nel finale riescono a pareggiare con un bel goal di Cappiello Giuseppe da limite dell\u2019area.<\/p>\n<p align=\"justify\">I giovanissimi invece battono in casa il Maroso Candela, grazie alla rete del solito Giovanni Pontone, sempre pi\u00f9 bomber di razza, in una gara tranquilla.<\/p>\n<p align=\"justify\">In ultimo le ragazze del volley che vengono sconfitte a Vico del Gargano per 3-1 in una gara concitata, ma l\u2019importante \u00e8 non perdere preziosi punti in casa per cercare di ottenere un buon piazzamento in classifica.<\/p>\n<p align=\"justify\">Anche questa domenica, questi risultati, rendono meno amara la domenica amara per la prima squadra di calcio, che porta gli atleti delicetani verso un\u2019inesorabile retrocessione diretta in terza categoria, vanificando cos\u00ec tutti gli sforzi fin\u2019ora fatti.<\/p>\n<p>Sempre e comunque FORZA ELCE.<\/p>\n<p><\/font><\/strong><\/p>\n","protected":false},"excerpt":{"rendered":"<p>Campionato di Seconda Categoria \u2013 Girone A Due tempi, due partite, due risultati 7 Gara di ritorno Viestese &#8211; U.S. Elce Deliceto: 3-1 &nbsp; di Paco Capano L\u2019Elce affronta la trasferta di Vieste con il rientro di alcune pedine importanti ma purtroppo, a causa dell\u2019assenza, tra infortuni e squalifiche, di altri giocatori, mister Ippolito si [&hellip;]<\/p>\n","protected":false},"author":29,"featured_media":0,"comment_status":"open","ping_status":"open","sticky":false,"template":"","format":"standard","meta":[],"categories":[7],"tags":[],"_links":{"self":[{"href":"http:\/\/www.prolocodeliceto.it\/zeroweb\/index.php?rest_route=\/wp\/v2\/posts\/614"}],"collection":[{"href":"http:\/\/www.prolocodeliceto.it\/zeroweb\/index.php?rest_route=\/wp\/v2\/posts"}],"about":[{"href":"http:\/\/www.prolocodeliceto.it\/zeroweb\/index.php?rest_route=\/wp\/v2\/types\/post"}],"author":[{"embeddable":true,"href":"http:\/\/www.prolocodeliceto.it\/zeroweb\/index.php?rest_route=\/wp\/v2\/users\/29"}],"replies":[{"embeddable":true,"href":"http:\/\/www.prolocodeliceto.it\/zeroweb\/index.php?rest_route=%2Fwp%2Fv2%2Fcomments&post=614"}],"version-history":[{"count":0,"href":"http:\/\/www.prolocodeliceto.it\/zeroweb\/index.php?rest_route=\/wp\/v2\/posts\/614\/revisions"}],"wp:attachment":[{"href":"http:\/\/www.prolocodeliceto.it\/zeroweb\/index.php?rest_route=%2Fwp%2Fv2%2Fmedia&parent=614"}],"wp:term":[{"taxonomy":"category","embeddable":true,"href":"http:\/\/www.prolocodeliceto.it\/zeroweb\/index.php?rest_route=%2Fwp%2Fv2%2Fcategories&post=614"},{"taxonomy":"post_tag","embeddable":true,"href":"http:\/\/www.prolocodeliceto.it\/zeroweb\/index.php?rest_route=%2Fwp%2Fv2%2Ftags&post=614"}],"curies":[{"name":"wp","href":"https:\/\/api.w.org\/{rel}","templated":true}]}}