{"id":604,"date":"2009-03-01T09:44:18","date_gmt":"2009-03-01T08:44:18","guid":{"rendered":"http:\/\/www.prolocodeliceto.it\/zeroweb\/?p=604"},"modified":"2009-03-05T14:35:52","modified_gmt":"2009-03-05T13:35:52","slug":"40-annisi-dia-inizio-ai-festeggimenti-ii-parte","status":"publish","type":"post","link":"http:\/\/www.prolocodeliceto.it\/zeroweb\/?p=604","title":{"rendered":"40 ANNI:SI DIA INIZIO AI FESTEGGIMENTI-II Parte"},"content":{"rendered":"<h1 style=\"margin: 0cm 0cm 0pt\"><font size=\"5\" face=\"Times New Roman\">40 anni: si dia inizio ai festeggiamenti \u2013 II Parte<\/font><\/h1>\n<p style=\"margin: 0cm 0cm 0pt\" class=\"MsoNormal\"><span style=\"font-size: 8pt\"><font face=\"Times New Roman\">a cura di Antonella Catenazzo<\/font><\/span><\/p>\n<p style=\"margin: 0cm 0cm 0pt\" class=\"MsoNormal\"><font face=\"Times New Roman\"><a href=\"http:\/\/www.prolocodeliceto.it\/zeroweb\/wp-content\/tavolo-dei-relatori.jpg\" title=\"tavolo-dei-relatori.jpg\"><img decoding=\"async\" loading=\"lazy\" width=\"209\" src=\"http:\/\/www.prolocodeliceto.it\/zeroweb\/wp-content\/tavolo-dei-relatori.jpg\" alt=\"tavolo-dei-relatori.jpg\" height=\"127\" style=\"width: 209px; height: 127px\" \/><\/a><a href=\"http:\/\/www.prolocodeliceto.it\/zeroweb\/wp-content\/premio-deliceto1.jpg\" title=\"premio-deliceto1.jpg\"><img decoding=\"async\" loading=\"lazy\" width=\"190\" src=\"http:\/\/www.prolocodeliceto.it\/zeroweb\/wp-content\/premio-deliceto1.jpg\" alt=\"premio-deliceto1.jpg\" height=\"145\" style=\"width: 190px; height: 145px\" \/><\/a><\/font><\/p>\n<p style=\"margin: 0cm 0cm 0pt\" class=\"MsoNormal\"><font face=\"Times New Roman\">Si possono racchiudere 40 anni in una sera? Si pu\u00f2, quando questi 40 anni sono la storia di un\u2019associazione, la vita di un paese?<\/font><\/p>\n<p style=\"margin: 0cm 0cm 0pt\" class=\"MsoNormal\"><font face=\"Times New Roman\">Senz\u2019altro ci si pu\u00f2 provare. A volte ci si pu\u00f2 riuscire.<\/font><\/p>\n<p style=\"margin: 0cm 0cm 0pt\" class=\"MsoNormal\"><font face=\"Times New Roman\">Basta scegliere gli ingredienti giusti.<\/font><\/p>\n<p style=\"margin: 0cm 0cm 0pt\" class=\"MsoNormal\"><font face=\"Times New Roman\">\n<personname ProductID=\"La Pro-Loco\" w:st=\"on\"><\/personname>La Pro-Loco ha vinto la scommessa, il popolo affluito lo ha confermato.<\/font><\/p>\n<p style=\"margin: 0cm 0cm 0pt\" class=\"MsoNormal\"><font face=\"Times New Roman\">Il giusto mix di autorit\u00e0, storia e nostalgia. E un nome su tutti, come una bandiera sotto la quale schierarsi: Amedeo Iossa.<\/font><\/p>\n<p style=\"margin: 0cm 0cm 0pt\" class=\"MsoNormal\"><font face=\"Times New Roman\">Il cuore della cultura di Deliceto.<\/font><\/p>\n<p style=\"margin: 0cm 0cm 0pt\" class=\"MsoNormal\"><font face=\"Times New Roman\">Il connubio tra Don Amedeo e Deliceto \u00e8 innegabile e solido, quindi chi meglio di lui era adatto ad essere scelto come simbolo da un\u2019associazione che lavora per la promozione del paese?<\/font><\/p>\n<p style=\"margin: 0cm 0cm 0pt\" class=\"MsoNormal\"><font face=\"Times New Roman\">Prima mossa vincente della Pro-Loco: la scelta di intitolare la propria sede a questo illustre figlio. <\/font><\/p>\n<p style=\"margin: 0cm 0cm 0pt\" class=\"MsoNormal\"><font face=\"Times New Roman\">La cerimonia dello scoprimento della targa, breve ma significativa, ha aperto la serata conclusiva dei festeggiamenti del quarantennale.<\/font><\/p>\n<p style=\"margin: 0cm 0cm 0pt\" class=\"MsoNormal\"><font face=\"Times New Roman\">Serata che \u00e8 continuata presso\n<personname ProductID=\"la Sala Europa\" w:st=\"on\"><\/personname>la Sala Europa alla presenza delle autorit\u00e0 locali e provinciali e di eminenti personalit\u00e0 dell\u2019Unpli.<\/font><\/p>\n<p style=\"margin: 0cm 0cm 0pt\" class=\"MsoNormal\"><font face=\"Times New Roman\">Il sindaco di Deliceto Benvenuto Nigro, gli assessori provinciali Antonio Montanino e Nicola Vascello, il presidente della Pro-Loco Deliceto Benvenuto Baldassarro e, per l\u2019Unpli, il presidente regionale Angelo Lazzari e il presidente provinciale Gerardo Lionetti; come moderatore il giornalista Michele Campanaro.<\/font><\/p>\n<p style=\"margin: 0cm 0cm 0pt\" class=\"MsoNormal\"><font face=\"Times New Roman\">Ognuno a suo modo, ognuno con le proprie esperienze, tutti hanno ricordato l\u2019importanza delle attivit\u00e0 della Pro-Loco, il merito che ad esse va attribuito. E ognuno ha sinceramente esternato i migliori auguri per una lunga vita ancora e sempre pi\u00f9 soddisfacente ad un\u2019associazione che ha fatto e continua a fare tanto per il proprio paese.<\/font><\/p>\n<p style=\"margin: 0cm 0cm 0pt\" class=\"MsoNormal\"><font face=\"Times New Roman\">Protagonista anche in questa parte della serata \u00e8 stato Amedeo Iossa.<\/font><\/p>\n<p style=\"margin: 0cm 0cm 0pt\" class=\"MsoNormal\"><font face=\"Times New Roman\">L\u2019illustre concittadino \u00e8 stato ricordato con la proiezione di un filmato contenente testimonianze di amici, colleghi, ex alunni.<\/font><\/p>\n<p style=\"margin: 0cm 0cm 0pt\" class=\"MsoNormal\"><font face=\"Times New Roman\">Ed ancora una volta, tramite le parole di chi lo ha conosciuto e grazie alla registrazione della sua viva voce, \u00e8 emersa la figura di un uomo che era si un uomo di cultura, ma anche un illuminato; rigoroso e ligio al dovere, ma molto umano. Gentile con gli amici, severo ma giusto con i suoi alunni. Un uomo straordinario mai abbastanza compianto, che tanto ha dato al suo paese.<\/font><\/p>\n<p style=\"margin: 0cm 0cm 0pt\" class=\"MsoNormal\"><font face=\"Times New Roman\">Ha reso ancora pi\u00f9 toccante la proiezione, la presenza in prima fila dei figli di Don Amedeo, visibilmente commossi.<\/font><\/p>\n<p style=\"margin: 0cm 0cm 0pt\" class=\"MsoNormal\"><font face=\"Times New Roman\">La celebrazione della figura di Amedeo Iossa ha introdotto la seconda parte della serata, dedicata alla prima edizione del premio Deliceto in cui sono stati premiati i cittadini che, con le loro attivit\u00e0, si sono particolarmente distinti.<\/font><\/p>\n<p style=\"margin: 0cm 0cm 0pt\" class=\"MsoNormal\"><font face=\"Times New Roman\">Prima di tutto, in linea con il tema della celebrazione (oggetto principale era pur sempre il Quarantennale della Pro-Loco), c\u2019\u00e8 stata la consegna di targhe ricordo ai principali componenti del direttivo dell\u2019associazione susseguitisi nel tempo a partire dalla data di fondazione.<\/font><\/p>\n<p style=\"margin: 0cm 0cm 0pt\" class=\"MsoNormal\"><font face=\"Times New Roman\">Prima i presidenti, poi i vice-presidenti, infine i segretari, hanno ricevuto (in ordine gerarchico) una targa ricordo, un orologio, una pergamena. Per ringraziarli. Perch\u00e9 non dimentichino ci\u00f2 che hanno dato alla Pro-Loco e ci\u00f2 che\n<personname ProductID=\"La Pro-Loco\" w:st=\"on\"><\/personname>la Pro-Loco ha dato a loro.<\/font><\/p>\n<p style=\"margin: 0cm 0cm 0pt\" class=\"MsoNormal\"><font face=\"Times New Roman\">\u00c8 seguita la cerimonia di premiazione del Premio Deliceto. Questi i premiati:<\/font><\/p>\n<p style=\"margin: 0cm 0cm 0pt\"><font face=\"Times New Roman\">per l\u2019ambito Letteratura e Saggistica, premio alla memoria del <strong><span style=\"font-weight: normal\">prof. Amedio Iossa;<\/span><\/strong><\/font><\/p>\n<p style=\"margin: 0cm 0cm 0pt\" class=\"MsoNormal\"><font face=\"Times New Roman\">per l\u2019Industria, <strong><span style=\"font-weight: normal\">Duetto s.r.l. \u2013 di Paolo Torino e Azienda Casearia<\/span><\/strong> <strong><span style=\"font-weight: normal\"> F.lli Pizzo;  <\/span><\/strong><\/font><\/p>\n<p style=\"margin: 0cm 0cm 0pt\" class=\"MsoNormal\"><font face=\"Times New Roman\">per il Commercio, <strong><span style=\"font-weight: normal\">Giovanni Santacroce s.r.l. e Autoservizi Tommasulo;<\/span><\/strong> <\/font><\/p>\n<p style=\"margin: 0cm 0cm 0pt\" class=\"MsoNormal\"><font face=\"Times New Roman\">per\n<personname ProductID=\"la Politica\" w:st=\"on\"><\/personname>la Politica, <strong><span style=\"font-weight: normal\">Dott. Antonio Grosso<\/span><\/strong>;<\/font><\/p>\n<p style=\"margin: 0cm 0cm 0pt\" class=\"MsoNormal\"><font face=\"Times New Roman\">per il Turismo, <strong><span style=\"font-weight: normal\">Ristorante da Marcello di Miroballo Marcellino<\/span><\/strong>;<\/font><\/p>\n<p style=\"margin: 0cm 0cm 0pt\" class=\"MsoNormal\"><font face=\"Times New Roman\">per l\u2019Artigianato, <strong><span style=\"font-weight: normal\">Bar Pasticceria Nazzaro di Pietro Nazzaro;<\/span><\/strong> <\/font><\/p>\n<p style=\"margin: 0cm 0cm 0pt\" class=\"MsoNormal\"><font face=\"Times New Roman\">per lo Spettacolo, <strong><span style=\"font-weight: normal\">Gruppo Teatrale \u201cIl Siparietto\u201d;<\/span><\/strong> <\/font><\/p>\n<p style=\"margin: 0cm 0cm 0pt\" class=\"MsoNormal\"><span><font face=\"Times New Roman\">per lo Sport, <strong><span style=\"font-weight: normal\">Domenico Botticella &#8211; <\/span><\/strong>portiere e <strong><span style=\"font-weight: normal\">Giovanni Liscio &#8211;<\/span><\/strong> karateka;<\/font><\/span><\/p>\n<p style=\"margin: 0cm 0cm 0pt\" class=\"MsoNormal\"><font face=\"Times New Roman\">per il settore Iniziative di grande significato sociale e morale, <strong><span style=\"font-weight: normal\">Associazione Vigili del Fuoco &#8211; Volontariato e Protezione Civile.<\/span><\/strong><\/font><\/p>\n<p style=\"margin: 0cm 0cm 0pt\" class=\"MsoNormal\"><font face=\"Times New Roman\">Un\u2019iniziativa che ha messo in luce alcune pietre miliari della storia del paese, come il bar Nazzaro, storicamente conosciuto, che ha annunciato la sua ormai mera e vicina chiusura, notizia che ha suscitato lo stupore e il rimpianto dei presenti.<\/font><\/p>\n<p style=\"margin: 0cm 0cm 0pt\" class=\"MsoNormal\"><font face=\"Times New Roman\">La conclusione della manifestazione \u00e8 toccata al Presidente della Pro-Loco, visibilmente soddisfatto della riuscita della serata, che ha sottolineato come il merito maggiore, come sempre, va a chi sta dietro le quinte, in questo caso i ragazzi del Servizio Civile, che hanno duramente lavorato perch\u00e9 questa eccezionale serata avesse luogo.<\/font><\/p>\n","protected":false},"excerpt":{"rendered":"<p>40 anni: si dia inizio ai festeggiamenti \u2013 II Parte a cura di Antonella Catenazzo Si possono racchiudere 40 anni in una sera? Si pu\u00f2, quando questi 40 anni sono la storia di un\u2019associazione, la vita di un paese? Senz\u2019altro ci si pu\u00f2 provare. A volte ci si pu\u00f2 riuscire. Basta scegliere gli ingredienti giusti. [&hellip;]<\/p>\n","protected":false},"author":29,"featured_media":0,"comment_status":"open","ping_status":"open","sticky":false,"template":"","format":"standard","meta":[],"categories":[7],"tags":[],"_links":{"self":[{"href":"http:\/\/www.prolocodeliceto.it\/zeroweb\/index.php?rest_route=\/wp\/v2\/posts\/604"}],"collection":[{"href":"http:\/\/www.prolocodeliceto.it\/zeroweb\/index.php?rest_route=\/wp\/v2\/posts"}],"about":[{"href":"http:\/\/www.prolocodeliceto.it\/zeroweb\/index.php?rest_route=\/wp\/v2\/types\/post"}],"author":[{"embeddable":true,"href":"http:\/\/www.prolocodeliceto.it\/zeroweb\/index.php?rest_route=\/wp\/v2\/users\/29"}],"replies":[{"embeddable":true,"href":"http:\/\/www.prolocodeliceto.it\/zeroweb\/index.php?rest_route=%2Fwp%2Fv2%2Fcomments&post=604"}],"version-history":[{"count":0,"href":"http:\/\/www.prolocodeliceto.it\/zeroweb\/index.php?rest_route=\/wp\/v2\/posts\/604\/revisions"}],"wp:attachment":[{"href":"http:\/\/www.prolocodeliceto.it\/zeroweb\/index.php?rest_route=%2Fwp%2Fv2%2Fmedia&parent=604"}],"wp:term":[{"taxonomy":"category","embeddable":true,"href":"http:\/\/www.prolocodeliceto.it\/zeroweb\/index.php?rest_route=%2Fwp%2Fv2%2Fcategories&post=604"},{"taxonomy":"post_tag","embeddable":true,"href":"http:\/\/www.prolocodeliceto.it\/zeroweb\/index.php?rest_route=%2Fwp%2Fv2%2Ftags&post=604"}],"curies":[{"name":"wp","href":"https:\/\/api.w.org\/{rel}","templated":true}]}}