{"id":593,"date":"2009-02-18T07:17:48","date_gmt":"2009-02-18T06:17:48","guid":{"rendered":"http:\/\/www.prolocodeliceto.it\/zeroweb\/?p=593"},"modified":"2009-02-27T22:32:32","modified_gmt":"2009-02-27T21:32:32","slug":"i-falo-di-s-mattia","status":"publish","type":"post","link":"http:\/\/www.prolocodeliceto.it\/zeroweb\/?p=593","title":{"rendered":"I Fal\u00f2 di S. Mattia"},"content":{"rendered":"<p><font size=\"5\">I Fal\u00f2 di S. Mattia<\/p>\n<p><\/font><font size=\"1\">a cura di Antonella Catenazzo<\/p>\n<p><\/font><font size=\"4\">Se oggi cammini per le strade di Deliceto lo vedi il paese di sempre; nessuna traccia di bruciato sulle strade, nessun segno della passata festa.<\/p>\n<p>Eppure ieri era festa. Ieri era S. Mattia.<\/p>\n<p>E come ogni anno le strade hanno brillato di grandi fiammelle in onore del santo.<\/p>\n<p>Sette erano i fal\u00f2, da un&#8217;estremit\u00e0 all&#8217;altra del paese; alti, monumentali, delle forme e del materiale pi\u00f9 diverso, tutti inneggianti alla gloria del Santo Patrono.<\/p>\n<p>A partire da quello in Borgo Gavitelle fino a quello del Rione Fontana, dalla classica piramide di legno di via Molo all&#8217; enorme arca di Vico III Fontanelle. E poi i fal\u00f2 delle piazze: quello di S. Rocco, in piazza Giovanni XXIII, quello di S. Antonio, nello spiazzo di fronte alla chiesa omonima, e quello della Pro-Loco, in piazza Europa.<\/p>\n<p>Per unire sacro e profano.<\/p>\n<p>Il tedoforo della serata, inteso in senso virtuale, era infatti Don Leonard Kamanzi: il sacerdote, con giuria al seguito, girava per il paese per la tradizionale benedizione alle cataste di legna e, dopo l&#8217;acqua benedetta, la fiamma divampava al grido di &#8220;Viva S. Mattia&#8221;.<\/p>\n<p>Uno dopo l&#8217;altro, i fal\u00f2 hanno illuminato di scintille la notte delicetana mentre i riflessi delle lingue di fuoco danzavano nei vetri delle case intorno. La musica avvolgeva il paese, da un capo all&#8217;altro risuonavano melodie popolari, figlie di classiche bande di ottoni o di pi\u00f9 contemporanei impianti stereo.<\/p>\n<p>E intanto gruppi di artisti di strada, di giocolieri e saltimbanchi giravano per le piazze esibendosi in volteggi e giochi di equilibrio, il tutto mente ai fuochi dei fal\u00f2 rispondevano, pi\u00f9 piccole ma forse pi\u00f9 gradite, le fiammelle delle braci su cui rosolavano pane e salsicce, unendo il grato profumo a quello della paolenta e dei fagioli.<\/p>\n<p>Le persone giravano per le strade, spostandosi da un fal\u00f2 all&#8217;all&#8217;altro, attratte dal calore e dal buon cibo e il paese non sembrava tanto popolato da giorni. Ma l&#8217;attrattiva della festa ha vinto contro il freddo pungente.<\/p>\n<p>La serata doveva chiudersi ufficialmente con la distribuzione dei premi ai fal\u00f2 che meglio avevano incarnato lo spirito culturale e gastronomico dell&#8217;evento.<\/p>\n<p>Perci\u00f2 alle 21.30 i tre vicitori (nell&#8217;ordine Vico III Fontanelle, Rione S. Antonio e Rione S. Rocco) si sono ritrovati in Piazza Europa per ricevere il premio.<\/p>\n<p>la serata poteva dirsi conclusa, ma in realt\u00e0 si pu\u00f2 dire che sia iniziata proprio allora e il cghiacchiericchio delle persone che sciamavano per le strade \u00e8 continuatoancora per molto tempo, finche i responsabili dei vari fal\u00f2 non hanno raccolto le ultime agonizzanti braci.<\/p>\n<p><\/font><\/p>\n","protected":false},"excerpt":{"rendered":"<p>I Fal\u00f2 di S. Mattia a cura di Antonella Catenazzo Se oggi cammini per le strade di Deliceto lo vedi il paese di sempre; nessuna traccia di bruciato sulle strade, nessun segno della passata festa. Eppure ieri era festa. Ieri era S. Mattia. E come ogni anno le strade hanno brillato di grandi fiammelle in [&hellip;]<\/p>\n","protected":false},"author":29,"featured_media":0,"comment_status":"open","ping_status":"open","sticky":false,"template":"","format":"standard","meta":[],"categories":[7],"tags":[],"_links":{"self":[{"href":"http:\/\/www.prolocodeliceto.it\/zeroweb\/index.php?rest_route=\/wp\/v2\/posts\/593"}],"collection":[{"href":"http:\/\/www.prolocodeliceto.it\/zeroweb\/index.php?rest_route=\/wp\/v2\/posts"}],"about":[{"href":"http:\/\/www.prolocodeliceto.it\/zeroweb\/index.php?rest_route=\/wp\/v2\/types\/post"}],"author":[{"embeddable":true,"href":"http:\/\/www.prolocodeliceto.it\/zeroweb\/index.php?rest_route=\/wp\/v2\/users\/29"}],"replies":[{"embeddable":true,"href":"http:\/\/www.prolocodeliceto.it\/zeroweb\/index.php?rest_route=%2Fwp%2Fv2%2Fcomments&post=593"}],"version-history":[{"count":0,"href":"http:\/\/www.prolocodeliceto.it\/zeroweb\/index.php?rest_route=\/wp\/v2\/posts\/593\/revisions"}],"wp:attachment":[{"href":"http:\/\/www.prolocodeliceto.it\/zeroweb\/index.php?rest_route=%2Fwp%2Fv2%2Fmedia&parent=593"}],"wp:term":[{"taxonomy":"category","embeddable":true,"href":"http:\/\/www.prolocodeliceto.it\/zeroweb\/index.php?rest_route=%2Fwp%2Fv2%2Fcategories&post=593"},{"taxonomy":"post_tag","embeddable":true,"href":"http:\/\/www.prolocodeliceto.it\/zeroweb\/index.php?rest_route=%2Fwp%2Fv2%2Ftags&post=593"}],"curies":[{"name":"wp","href":"https:\/\/api.w.org\/{rel}","templated":true}]}}