{"id":591,"date":"2009-02-18T07:15:13","date_gmt":"2009-02-18T06:15:13","guid":{"rendered":"http:\/\/www.prolocodeliceto.it\/zeroweb\/?p=591"},"modified":"2009-02-25T09:09:11","modified_gmt":"2009-02-25T08:09:11","slug":"lelce-non-riesce-a-far-punti","status":"publish","type":"post","link":"http:\/\/www.prolocodeliceto.it\/zeroweb\/?p=591","title":{"rendered":"L&#8217;ELCE non riesce a far punti"},"content":{"rendered":"<p><strong><font size=\"2\"><font face=\"Verdana\">Campionato di Seconda Categoria \u2013 Girone A<\/font><\/font><\/strong><strong><span style=\"font-size: 12pt\"><font face=\"Verdana\">L\u2019U.S. Elce non riesce a far punti<\/font><\/span><\/strong><strong><font size=\"2\"><font face=\"Verdana\">5 Gara di ritorno<\/font><\/font><\/strong><strong><font size=\"2\"><font face=\"Verdana\">Juvenalia &#8211; U.S. Elce Deliceto: 2-1<\/font><\/font><\/strong><strong><font size=\"2\"><font face=\"Verdana\">Di Paco CAPANO<\/font><\/font><\/strong><strong><font size=\"2\" face=\"Verdana\"> <\/font><\/p>\n<p><\/strong><\/p>\n<p style=\"margin: 0cm 0cm 0pt; text-align: justify\" class=\"MsoNormal\"><font size=\"2\" face=\"Verdana\">L\u2019U.S. Elce affronta la non irresistibile Juvenalia, con il rientro in organico di alcuni importanti giocatori ma con poca concretezza che gli non permette, di portare a casa un risultato positivo che sarebbe stato sicuramente meritato per quanto visto in campo. La gara \u00e8 condizionata dal pesante campo che non permette di far giocare, dal nervosismo che aleggia in campo e dalle decisioni dell\u2019arbitro che usa due pesi e due misure per alcune importanti decisioni che peseranno poi sul risultato finale. Ma passiamo alla gara. I padroni di casa, mantengono maggiormente il possesso di palla ma nonostante tutto \u00e8 l\u2019Elce a rendersi estremamente pericolosa con continue verticalizzazioni. Dopo pochi minuti, i ragazzi di Deliceto hanno la possibilit\u00e0 di passare in vantaggio con Del Tito Antonio, ma lo stesso prima a pochi metri dalla porta non <span> <\/span>inquadra il bersaglio a portiere battuto; dopo, a tu per tu con il portiere, non riesce a superare l\u2019estremo difensore che gli sbarra la strada. Ancora Del Tito scatenato che viene atterrato ripetutamente dal proprio marcatore, il quale dopo essere stato ammonito, rivolge proteste e minacce al direttore di gara, senza che lo stesso decreti sanzioni al giocatore. Due limpide occasioni sprecate e, come sempre, goal mangiato goal subito. Infatti i padroni, dopo alcune incursioni in area<span>  <\/span>prima l\u2019attaccante sbaglia da posizione defilata, poi colpiscono la traversa con un tiro dalla distanza e infine passano in vantaggio con un tiro, non irresistibile, che si insacca alle spalle del portiere arancione. I ragazzi di Deliceto provano a reagire, prima un tiro dalla distanza di Frascella che fa venire i brividi al portiere locale, poi con Lombardi Rocco che, in area colpisce di testa ma, a portiere battuto, \u00e8 un difensore a ribattere.<\/font><\/p>\n<p style=\"margin: 0cm 0cm 0pt; text-align: justify\" class=\"MsoNormal\"><font size=\"2\"><font face=\"Verdana\">Nel secondo tempo i padroni di casa si mantengono nella propria met\u00e0 campo e l\u2019Elce prova a riaprire la gara ma, nonostante delle buone iniziative non riesce a segnare la rete del meritato pareggio. A met\u00e0 del secondo tempo, dopo diversi scontri duri in cui l\u2019arbitro commette errori di valutazioni da entrambe le parti, un difensore avversario entra scomposto e cattivo sul Capitano Doto Pietro lasciandolo tramortito a terra. Il direttore di gara non solo non sanziona il responsabile, scaturendo le proteste dei ragazzi di Deliceto, ma espelle per doppia ammonizione, Lombardi Rocco che faceva notare l\u2019atteggiamento provocatorio del difensore avversario. L\u2019Elce, in dieci e alla ricerca del pareggio, \u00e8 costretta a rischiare e in pi\u00f9 di un\u2019occasione i padroni di casa vanno vicino al raddoppio ma la difesa e poi Minichella riescono a vanificare le incursioni avversarie. Anche i ragazzi di Deliceto per\u00f2 si rendono pericolosi e <span> <\/span>dopo alcune buone iniziative, riescono a segnare la meritata rete del pareggio, con Del Tito Antonio che raccoglie una corte respinta della difesa. Neanche il tempo di gioire che la squadra di casa si riporta in vantaggio, con attaccante che raccoglie, nell\u2019area piccola, un preciso cross dalla destra. I ragazzi di Deliceto, esausti provano con tutte le forze a riagguantare il pareggio ma, nonostante alcune buone iniziative non vi riescono sprecando cos\u00ec un&#8217;altra importante occasione per fare punti importanti.<span>   <\/span><\/font><\/font><\/p>\n<p style=\"margin: 0cm 0cm 0pt; text-align: justify\" class=\"MsoNormal\"><font size=\"2\"><font face=\"Verdana\"><span> <\/span><span>  <\/span><span> <\/span><span>  <\/span><span>   <\/span><span> <\/span><span>   <\/span><\/font><\/font><\/p>\n<p style=\"margin: 0cm 0cm 0pt; tab-stops: 303.6pt\" class=\"MsoNormal\"><font size=\"2\"><font face=\"Verdana\"><span> <\/span><span>                                                                                <\/span><\/font><\/font><\/p>\n<p style=\"margin: 0cm 0cm 0pt; tab-stops: 299.3pt\" class=\"MsoNormal\"><font size=\"2\"><font face=\"Verdana\">L\u2019U.S. Elce Deliceto<span>                                                      <\/span><\/font><\/font><\/p>\n<ol type=\"1\" style=\"margin-top: 0cm\">\n<li style=\"margin: 0cm 0cm 0pt; tab-stops: list 36.0pt\" class=\"MsoNormal\"><font size=\"2\" face=\"Verdana\">Minichella Giuseppe<\/font><\/li>\n<li style=\"margin: 0cm 0cm 0pt; tab-stops: list 36.0pt\" class=\"MsoNormal\"><font size=\"2\" face=\"Verdana\">Lombardi Michele<\/font><\/li>\n<li style=\"margin: 0cm 0cm 0pt; tab-stops: list 36.0pt\" class=\"MsoNormal\"><font size=\"2\" face=\"Verdana\">Lombardi Rocco<\/font><\/li>\n<li style=\"margin: 0cm 0cm 0pt; tab-stops: list 36.0pt\" class=\"MsoNormal\"><font size=\"2\" face=\"Verdana\">Frascella Davide<\/font><\/li>\n<li style=\"margin: 0cm 0cm 0pt; tab-stops: list 36.0pt\" class=\"MsoNormal\"><font size=\"2\" face=\"Verdana\">Capano Pasquale<\/font><\/li>\n<li style=\"margin: 0cm 0cm 0pt; tab-stops: list 36.0pt\" class=\"MsoNormal\"><font size=\"2\" face=\"Verdana\">Doto Mariano<\/font><\/li>\n<li style=\"margin: 0cm 0cm 0pt; tab-stops: list 36.0pt\" class=\"MsoNormal\"><font size=\"2\" face=\"Verdana\">Baldassarro Francesco<\/font><\/li>\n<li style=\"margin: 0cm 0cm 0pt; tab-stops: list 36.0pt\" class=\"MsoNormal\"><font size=\"2\" face=\"Verdana\">Petrella Ciro<\/font><\/li>\n<li style=\"margin: 0cm 0cm 0pt; tab-stops: list 36.0pt\" class=\"MsoNormal\"><font size=\"2\" face=\"Verdana\">Del Tito Antonio<\/font><\/li>\n<li style=\"margin: 0cm 0cm 0pt; tab-stops: list 36.0pt\" class=\"MsoNormal\"><font size=\"2\" face=\"Verdana\">Doto Pietro<\/font><\/li>\n<li style=\"margin: 0cm 0cm 0pt; tab-stops: list 36.0pt\" class=\"MsoNormal\"><font size=\"2\" face=\"Verdana\">Lamatrice Antonio<\/font><\/li>\n<\/ol>\n<p><font size=\"2\" face=\"Verdana\"> <\/font><\/p>\n<ol start=\"12\" type=\"1\" style=\"margin-top: 0cm\">\n<li style=\"margin: 0cm 0cm 0pt; tab-stops: list 36.0pt\" class=\"MsoNormal\"><font size=\"2\" face=\"Verdana\">Lavista Giovanni<\/font><\/li>\n<li style=\"margin: 0cm 0cm 0pt; tab-stops: list 36.0pt\" class=\"MsoNormal\"><font size=\"2\" face=\"Verdana\">D\u2019Emilio Cristian<\/font><\/li>\n<li style=\"margin: 0cm 0cm 0pt; tab-stops: list 36.0pt\" class=\"MsoNormal\"><font size=\"2\" face=\"Verdana\">Mascia Luigi<\/font><\/li>\n<li style=\"margin: 0cm 0cm 0pt; text-align: justify; tab-stops: list 36.0pt\" class=\"MsoNormal\"><font size=\"2\" face=\"Verdana\">Carbonara Cristian<\/font><\/li>\n<li style=\"margin: 0cm 0cm 0pt; tab-stops: list 36.0pt\" class=\"MsoNormal\"><font size=\"2\" face=\"Verdana\">Baldassarro Luigi<\/font><\/li>\n<\/ol>\n<p><font size=\"2\" face=\"Verdana\"> <\/font><\/p>\n<p style=\"margin: 0cm 0cm 0pt\" class=\"MsoNormal\"><font size=\"2\" face=\"Verdana\">Assistente tecnico: Mascia Ambrogio<\/font><\/p>\n<p style=\"margin: 0cm 0cm 0pt\" class=\"MsoNormal\"><font size=\"2\" face=\"Verdana\">Staff tecnico: Lamatrice Alfonso, Doto Alfonso<\/font><\/p>\n<p><font size=\"2\" face=\"Verdana\"> <\/font><\/p>\n<p style=\"margin: 0cm 0cm 0pt\" class=\"MsoNormal\"><font size=\"2\" face=\"Verdana\">Mister: Ippolito Gerardo<\/font><\/p>\n<p><font size=\"2\" face=\"Verdana\"> <\/font><\/p>\n<p><font size=\"2\" face=\"Verdana\"> <\/font><\/p>\n<p style=\"margin: 0cm 0cm 0pt; text-align: justify\" class=\"MsoNormal\"><font size=\"2\" face=\"Verdana\">L\u2019ennesima domenica amara per la prima squadra coincide per\u00f2 con le brillanti vittorie della squadra giovanile di calcio e del volley femminile.<\/font><\/p>\n<p style=\"margin: 0cm 0cm 0pt; text-align: justify\" class=\"MsoNormal\"><font size=\"2\" face=\"Verdana\">I giovanissimi di mister Baldassarro, nel recupero dell\u20198 giornata di andata, ottengono un\u2019importante vittoria sul difficile campo dell\u2019Ascoli Satriano vincendo per 3-2 con i goal di Pontone Giovanni, Racioppo Lorenzo e Tocco Pasquale. Il risultato per\u00f2 \u00e8 bugiardo, poich\u00e9 fino a pochi minuti dalla fine l\u2019Elce conduceva con un netto 0-3.<\/font><\/p>\n<p style=\"margin: 0cm 0cm 0pt; text-align: justify\" class=\"MsoNormal\"><font size=\"2\" face=\"Verdana\">Le ragazze del volley invece vincono a Foggia contro l\u2019AVIS Villa Igea per 1-3, portandosi cos\u00ec a centro classifica.<\/font><\/p>\n<p style=\"margin: 0cm 0cm 0pt; text-align: justify\" class=\"MsoNormal\"><font size=\"2\" face=\"Verdana\">Queste due vittorie rendono meno amara un&#8217;altra domenica dura per la prima squadra di calcio, un\u2019altra occasione sprecata che porta gli atleti delicetani verso un\u2019inesorabile retrocessione diretta in terza categoria, vanificando cos\u00ec tutti gli sforzi fin\u2019ora fatti. <\/font><\/p>\n<p style=\"margin: 0cm 0cm 0pt; text-align: justify\" class=\"MsoNormal\"><font size=\"2\" face=\"Verdana\">Sempre e comunque FORZA ELCE.<\/font><\/p>\n","protected":false},"excerpt":{"rendered":"<p>Campionato di Seconda Categoria \u2013 Girone AL\u2019U.S. Elce non riesce a far punti5 Gara di ritornoJuvenalia &#8211; U.S. Elce Deliceto: 2-1Di Paco CAPANO L\u2019U.S. Elce affronta la non irresistibile Juvenalia, con il rientro in organico di alcuni importanti giocatori ma con poca concretezza che gli non permette, di portare a casa un risultato positivo che [&hellip;]<\/p>\n","protected":false},"author":29,"featured_media":0,"comment_status":"open","ping_status":"open","sticky":false,"template":"","format":"standard","meta":[],"categories":[7],"tags":[],"_links":{"self":[{"href":"http:\/\/www.prolocodeliceto.it\/zeroweb\/index.php?rest_route=\/wp\/v2\/posts\/591"}],"collection":[{"href":"http:\/\/www.prolocodeliceto.it\/zeroweb\/index.php?rest_route=\/wp\/v2\/posts"}],"about":[{"href":"http:\/\/www.prolocodeliceto.it\/zeroweb\/index.php?rest_route=\/wp\/v2\/types\/post"}],"author":[{"embeddable":true,"href":"http:\/\/www.prolocodeliceto.it\/zeroweb\/index.php?rest_route=\/wp\/v2\/users\/29"}],"replies":[{"embeddable":true,"href":"http:\/\/www.prolocodeliceto.it\/zeroweb\/index.php?rest_route=%2Fwp%2Fv2%2Fcomments&post=591"}],"version-history":[{"count":0,"href":"http:\/\/www.prolocodeliceto.it\/zeroweb\/index.php?rest_route=\/wp\/v2\/posts\/591\/revisions"}],"wp:attachment":[{"href":"http:\/\/www.prolocodeliceto.it\/zeroweb\/index.php?rest_route=%2Fwp%2Fv2%2Fmedia&parent=591"}],"wp:term":[{"taxonomy":"category","embeddable":true,"href":"http:\/\/www.prolocodeliceto.it\/zeroweb\/index.php?rest_route=%2Fwp%2Fv2%2Fcategories&post=591"},{"taxonomy":"post_tag","embeddable":true,"href":"http:\/\/www.prolocodeliceto.it\/zeroweb\/index.php?rest_route=%2Fwp%2Fv2%2Ftags&post=591"}],"curies":[{"name":"wp","href":"https:\/\/api.w.org\/{rel}","templated":true}]}}