{"id":583,"date":"2009-02-15T20:05:27","date_gmt":"2009-02-15T19:05:27","guid":{"rendered":"http:\/\/www.prolocodeliceto.it\/zeroweb\/?p=583"},"modified":"2009-02-17T21:16:01","modified_gmt":"2009-02-17T20:16:01","slug":"il-gal-meridaunia-con-la-regione-puglia-alla-bit-2009","status":"publish","type":"post","link":"http:\/\/www.prolocodeliceto.it\/zeroweb\/?p=583","title":{"rendered":"Il Gal Meridaunia con la Regione Puglia alla BIT 2009"},"content":{"rendered":"<p class=\"MsoNormal\"><font size=\"2\" face=\"Verdana\"><span style=\"font-size: 10pt; font-family: Verdana\"><img decoding=\"async\" loading=\"lazy\" width=\"620\" src=\"http:\/\/wmail-new.libero.it\/cp\/ps\/Mail\/Downloader?d=libero.it&amp;fp=INBOX&amp;contentSeed=d1182&amp;c=yes&amp;u=prolocodeliceto&amp;disposition=inline&amp;an=DefaultMailAccount&amp;uid=2309&amp;pct=d1276&amp;dhid=attachmentDownloader&amp;ai=0\" height=\"83\" id=\"_x0000_i1030\" \/><\/span><\/font><\/p>\n<p><font size=\"2\" face=\"Verdana\"><span style=\"font-size: 10pt; font-family: Verdana\"> <\/p>\n<p><\/span><\/font><\/p>\n<p class=\"MsoNormal\"><strong><font size=\"1\" face=\"Verdana\"><span style=\"font-weight: bold; font-size: 8pt; font-family: Verdana\">Bovino, 18 febbraio 2009<\/span><\/font><\/strong><\/p>\n<p align=\"right\" style=\"text-align: right\" class=\"MsoNormal\"><strong><em><font size=\"2\" face=\"Verdana\"><span style=\"font-weight: bold; font-size: 10pt; font-style: italic; font-family: Verdana\">Agli organi di stampa<\/span><\/font><\/em><\/strong><\/p>\n<p align=\"right\" style=\"text-align: right\" class=\"MsoNormal\"><strong><em><font size=\"2\" face=\"Verdana\"><span style=\"font-weight: bold; font-size: 10pt; font-style: italic; font-family: Verdana\">Con preghiera di massima diffusione<\/span><\/font><\/em><\/strong><\/p>\n<p><strong><font size=\"2\" face=\"Verdana\"><span style=\"font-weight: bold; font-size: 10pt; font-family: Verdana\"> <\/p>\n<p><\/span><\/font><\/strong><strong><font size=\"2\" face=\"Verdana\"><span style=\"font-weight: bold; font-size: 10pt; font-family: Verdana\"> <\/p>\n<p><\/span><\/font><\/strong><\/p>\n<p align=\"left\" style=\"text-align: left\" class=\"MsoNormal\"><strong><font size=\"2\" face=\"Verdana\"><span style=\"font-weight: bold; font-size: 10pt; font-family: Verdana\">Comunicato Stampa<\/span><\/font><\/strong><\/p>\n<p><strong><u><font size=\"2\" face=\"Verdana\"><span style=\"font-weight: bold; font-size: 10pt; font-family: Verdana\"><span style=\"text-decoration: none\"> <\/span><\/p>\n<p><\/span><\/font><\/u><\/strong><\/p>\n<p align=\"left\" style=\"text-align: left\" class=\"MsoNormal\"><strong><u><font size=\"2\" face=\"Verdana\"><span style=\"font-weight: bold; font-size: 10pt; font-family: Verdana\">Il Gal Meridaunia con\n<personname w:st=\"on\" ProductID=\"la Regione Puglia\">la Regione Puglia<\/personname> alla BIT 2009<\/span><\/font><\/u><\/strong><u><font size=\"2\" face=\"Verdana\"><span style=\"font-size: 10pt; font-family: Verdana\"><\/span><\/font><\/u><\/p>\n<p><font size=\"2\" face=\"Verdana\"><span style=\"font-size: 10pt; font-family: Verdana\"> <\/p>\n<p><\/span><\/font><font size=\"2\" face=\"Verdana\"><span style=\"font-size: 10pt; font-family: Verdana\"> <\/p>\n<p><\/span><\/font><\/p>\n<p style=\"line-height: 150%; text-align: justify\" class=\"MsoNormal\"><font size=\"2\" face=\"Verdana\"><span style=\"font-size: 10pt; line-height: 150%; font-family: Verdana\">Anche il Gal Meridaunia sar\u00e0 presente alla 29sima edizione della Borsa Internazionale del Turismo, che si svolger\u00e0 a Milano dal 19 al 22 febbraio 2009. Accogliendo l\u2019invito della Regione Puglia, i <metricconverter w:st=\"on\" ProductID=\"12 Gal\">12 Gal<\/metricconverter> attivi sul territorio pugliese, parteciperanno alla manifestazione portando i loro territori rurali e i loro prodotti turistici e le potenzialit\u00e0 ed attrattive delle zone pugliesi.<\/span><\/font><\/p>\n<p style=\"line-height: 150%; text-align: justify\" class=\"MsoNormal\"><font size=\"2\" face=\"Verdana\"><span style=\"font-size: 10pt; line-height: 150%; font-family: Verdana\">I rappresentanti dei <metricconverter w:st=\"on\" ProductID=\"12 Gal\">12 Gal<\/metricconverter> saranno ospitati nello stand della Regione Puglia \u2013 Assessorato alle Risorse Agroalimentari nella quale potranno distribuire brochure e materiale pubblicitario per promuovere il turismo dei loro territori.<\/span><\/font><\/p>\n<p style=\"line-height: 150%; text-align: justify\" class=\"MsoNormal\"><font size=\"2\" face=\"Verdana\"><span style=\"font-size: 10pt; line-height: 150%; font-family: Verdana\">Il Gal Meridaunia proporr\u00e0 diversi prodotti turistici: dalle cartine dei Monti Dauni, alla guida ai Comuni dell\u2019Area Gal, alla docufiction \u201cviaggio nelle parole di mio padre\u201d un documentario sui 17 Comuni dell\u2019area meridionale del Gal, in lingua italiana ed inglese, alla newsletter<font color=\"#000080\"><span style=\"color: navy\"> <\/span><\/font>\u201cMeridauniInforma\u201d che contiene tutte le iniziative e progetti dell\u2019Agenzia di Sviluppo dei Monti Dauni, e infine la brochure \u201cIn Viaggio tra i Monti Dauni\u201d che propone itinerari turistici tematici sul territorio di riferimento.<\/span><\/font><\/p>\n<p style=\"line-height: 150%; text-align: justify\" class=\"MsoNormal\"><font size=\"2\" face=\"Verdana\"><span style=\"font-size: 10pt; line-height: 150%; font-family: Verdana\">\u201cLa nostra presenza alla Borsa Internazionale del Turismo \u2013 afferma Alberto Casoria, Presidente del Gal Meridaunia \u2013 \u00e8 un momento importante per divulgare in un ambito prestigioso le potenzialit\u00e0 turistiche di quest\u2019area, ancora inespresse ma fortemente presenti. Meridaunia punta con convinzione sul settore turistico, che nei prossimi anni, sar\u00e0 un settore strategico dello sviluppo del nostro territorio e che vedr\u00e0 investimenti e risorse del finanziamento Leader della prossima programmazione\u201d.<\/span><\/font><\/p>\n<p style=\"line-height: 150%; text-align: justify\" class=\"MsoNormal\"><font size=\"2\" face=\"Verdana\"><span style=\"font-size: 10pt; line-height: 150%; font-family: Verdana\">Infine, al fine di coordinare l\u2019offerta turistica dei territori dell\u2019intera Regione Puglia, pur con diverse peculiarit\u00e0 e differenti itinerari di visitazione, \u00e8 stato realizzato un lavoro fotografico con immagini delle 12 aree rurali che sar\u00e0 proiettato in uno degli eventi organizzati e promossi dalla Regione Puglia e inserito nel programma delle iniziative di promozione turistica.<\/span><\/font><\/p>\n<p><font size=\"2\" color=\"#000080\" face=\"Arial\"><span style=\"font-size: 10pt; color: navy; line-height: 150%; font-family: Arial\"> <\/p>\n<p><\/span><\/font><\/p>\n","protected":false},"excerpt":{"rendered":"<p>Bovino, 18 febbraio 2009 Agli organi di stampa Con preghiera di massima diffusione Comunicato Stampa Il Gal Meridaunia con la Regione Puglia alla BIT 2009 Anche il Gal Meridaunia sar\u00e0 presente alla 29sima edizione della Borsa Internazionale del Turismo, che si svolger\u00e0 a Milano dal 19 al 22 febbraio 2009. Accogliendo l\u2019invito della Regione Puglia, [&hellip;]<\/p>\n","protected":false},"author":29,"featured_media":0,"comment_status":"open","ping_status":"open","sticky":false,"template":"","format":"standard","meta":[],"categories":[7],"tags":[],"_links":{"self":[{"href":"http:\/\/www.prolocodeliceto.it\/zeroweb\/index.php?rest_route=\/wp\/v2\/posts\/583"}],"collection":[{"href":"http:\/\/www.prolocodeliceto.it\/zeroweb\/index.php?rest_route=\/wp\/v2\/posts"}],"about":[{"href":"http:\/\/www.prolocodeliceto.it\/zeroweb\/index.php?rest_route=\/wp\/v2\/types\/post"}],"author":[{"embeddable":true,"href":"http:\/\/www.prolocodeliceto.it\/zeroweb\/index.php?rest_route=\/wp\/v2\/users\/29"}],"replies":[{"embeddable":true,"href":"http:\/\/www.prolocodeliceto.it\/zeroweb\/index.php?rest_route=%2Fwp%2Fv2%2Fcomments&post=583"}],"version-history":[{"count":0,"href":"http:\/\/www.prolocodeliceto.it\/zeroweb\/index.php?rest_route=\/wp\/v2\/posts\/583\/revisions"}],"wp:attachment":[{"href":"http:\/\/www.prolocodeliceto.it\/zeroweb\/index.php?rest_route=%2Fwp%2Fv2%2Fmedia&parent=583"}],"wp:term":[{"taxonomy":"category","embeddable":true,"href":"http:\/\/www.prolocodeliceto.it\/zeroweb\/index.php?rest_route=%2Fwp%2Fv2%2Fcategories&post=583"},{"taxonomy":"post_tag","embeddable":true,"href":"http:\/\/www.prolocodeliceto.it\/zeroweb\/index.php?rest_route=%2Fwp%2Fv2%2Ftags&post=583"}],"curies":[{"name":"wp","href":"https:\/\/api.w.org\/{rel}","templated":true}]}}