{"id":578,"date":"2009-02-18T08:05:07","date_gmt":"2009-02-18T07:05:07","guid":{"rendered":"http:\/\/www.prolocodeliceto.it\/zeroweb\/?p=578"},"modified":"2009-02-18T09:26:46","modified_gmt":"2009-02-18T08:26:46","slug":"40-anni-e-non-sentirli","status":"publish","type":"post","link":"http:\/\/www.prolocodeliceto.it\/zeroweb\/?p=578","title":{"rendered":"40 anni e non sentirli.."},"content":{"rendered":"<h1 style=\"margin: 0cm 0cm 0pt\"><span style=\"font-size: 9pt; font-family: 'Arial','sans-serif'\"><\/span><span style=\"font-size: 8pt; font-family: 'Arial','sans-serif'\">a cura di Antonella Catenazzo<\/span><\/h1>\n<p><span style=\"font-size: 9pt; font-family: 'Arial','sans-serif'\"><\/span><span style=\"font-size: 9pt; font-family: 'Arial','sans-serif'\"><span style=\"font-size: 9pt; font-family: 'Arial','sans-serif'\">L\u2019Associazione Turistica Pro-Loco celebra quest\u2019anno 40 anni di vita. Sarebbe in realt\u00e0 pi\u00f9 giusto dire 40 anni di attivit\u00e0 perch\u00e9 da quando quest\u2019associazione nacque, nell\u2019ormai lontano 4 febbraio del \u201969, non ha mai smesso di impegnarsi per la promozione e la crescita del paese. Pure tra molte difficolt\u00e0 e sacrifici.<\/span><span style=\"font-size: 9pt; font-family: 'Arial','sans-serif'\">Ne parliamo appunto, tra le altre cose, con l\u2019attuale presidente della Pro-Loco, Benvenuto Baldassarro.<\/span><span style=\"font-size: 9pt; font-family: 'Arial','sans-serif'\"> <\/span><\/span><\/p>\n<h1 style=\"margin: 0cm 0cm 0pt\"><span style=\"font-size: 9pt; font-family: 'Arial','sans-serif'\">Una celebrazione per i 40 anni: come mai questa iniziativa?<\/span><\/h1>\n<p><span style=\"font-size: 9pt; font-family: 'Arial','sans-serif'\">Perch\u00e9 riteniamo che 40 anni siano un traguardo importante per un\u2019associazione in generale. E per una come la nostra in particolare visto che, va ricordato, questa \u00e8 un\u2019associazione di volontariato; un\u2019associazione, cio\u00e8, in cui chi vi si dedica mette a disposizione il proprio tempo libero e non solo&#8230; senza pretendere nulla in cambio.<\/span><span style=\"font-size: 9pt; font-family: 'Arial','sans-serif'\"> <\/span><\/p>\n<h1 style=\"margin: 0cm 0cm 0pt\"><span style=\"font-size: 9pt; font-family: 'Arial','sans-serif'\">In questi 40 anni, quali ritenete siano i traguardi pi\u00f9 importanti raggiunti?<\/span><\/h1>\n<p><span style=\"font-size: 9pt; font-family: 'Arial','sans-serif'\">Penso che abbiamo sempre fatto del nostro meglio per  quel che sono le finalit\u00e0 dell\u2019associazione, ovvero la promozione e la valorizzazione del territorio. <\/span><span style=\"font-size: 9pt; font-family: 'Arial','sans-serif'\">Abbiamo creato una serie di manifestazioni, tutte con un fine ben preciso.<\/span><span style=\"font-size: 9pt; font-family: 'Arial','sans-serif'\">Prendiamo ad esempio il Corteo Storico, manifestazione nata all\u2019inizio degli anni \u201980 proprio per valorizzare il castello e la sua storia; il Presepe Vivente \u00e8 nato alla Consolazione per la valorizzazione della storia del luogo e la scelta del periodo di Natale \u00e8 in riferimento a S. Alfonso, che qui compose \u201cTu scendi dalle stelle\u201d; o la Sagra delle Orecchiette ripresa 31 anni fa e nata per la valorizzazione del patrimonio naturlistico del Bosco della Consolazione oltre che dell\u2019enogastronomia locale, anche se, purtroppo, di \u201ceno\u201d \u00e8 rimasto ben poco. <\/span><span style=\"font-size: 9pt; font-family: 'Arial','sans-serif'\">Il nostro intento \u00e8 che quando si dice \u201cPresepe Vivente\u201d  o &#8220;Sagra delle Orecchiette&#8221; venga spontaneo il collegamento con Deliceto.<\/span><strong><span style=\"font-size: 9pt; font-family: 'Arial','sans-serif'\"><span style=\"font-size: 9pt; font-family: 'Arial','sans-serif'\"><strong>Si parlava del sostegno economico. La vostra \u00e8 un\u2019associazione di volontariato: per quanto riguarda i contributi<span>  <\/span>avete trovato partecipazione da parte del comune e della cittadinanza? <\/strong><\/span><span style=\"font-size: 9pt; font-family: 'Arial','sans-serif'\">\u00c8 una domanda importante. Certo, senza disponibilit\u00e0 economica non si fa molta strada. Ovviamente tutto dipende da come lavori. Se oggi disponiamo di circa  150 associati vuol dire che operiamo bene e la gente contribuisce volentieri. <\/span><span style=\"font-size: 9pt; font-family: 'Arial','sans-serif'\">Per quanto riguarda le istituzioni, devo dire che bisogna sempre lottare, lavorare, mai arrendersi. Se si riesce a fare  bene credo che gli enti pur se tra mille difficolt\u00e0 non si tireranno indietro.<\/span><span style=\"font-size: 9pt; font-family: 'Arial','sans-serif'\"> <\/span><\/span><\/strong><\/p>\n<h1 style=\"margin: 0cm 0cm 0pt\"><span style=\"font-size: 9pt; font-family: 'Arial','sans-serif'\">A proposito dei commercianti: come accolgono il vostro lavoro di promozione che \u00e8 inteso per favorire il turismo e perci\u00f2, in ultima analisi, soprattutto il loro settore?<\/span><\/h1>\n<p><span style=\"font-size: 9pt; font-family: 'Arial','sans-serif'\">Devo dire che purtroppo il commerciante, o per fortuna  una parte di essi, \u00e8 rimasto radicato alla cultura tradizionalista, <\/span><span style=\"font-size: 9pt; font-family: 'Arial','sans-serif'\"> vorrebbe vedere il tornaconto economico il giorno dopo essersi iscritto all\u2019associazione. Devono capire, che essere soci ha un valore diverso e il tornaconto lo si vedr\u00e0 nel tempo. <\/span><span style=\"font-size: 9pt; font-family: 'Arial','sans-serif'\">Quando si organizza una manifestazione, l\u2019obiettivo, oltre che di  valorizzazione, \u00e8 anche quello di creare movimento turistico e si sa, dove c\u2019\u00e8 gente c\u2019\u00e8 anche benessere: dall\u2019acquisto di un caff\u00e8 a quello di un souvenir o di  prodotti gastronomici locali ecc&#8230;<\/span><span style=\"font-size: 9pt; font-family: 'Arial','sans-serif'\"> <\/span><\/p>\n<h1 style=\"margin: 0cm 0cm 0pt\"><span style=\"font-size: 9pt; font-family: 'Arial','sans-serif'\">Come reagiscono invece i cittadini alle vostre attivit\u00e0?<\/span><\/h1>\n<p><span style=\"font-size: 9pt; font-family: 'Arial','sans-serif'\" lang=\"DE\">Mah, non so. <\/span><span style=\"font-size: 9pt; font-family: 'Arial','sans-serif'\">Ci sono sempre le solite percentuali: a seconda delle manifestazioni, c\u2019\u00e8 chi apprezza di pi\u00f9,  chi di meno; c\u2019\u00e8 gente a cui non importa niente, altri che sono abituati sempre e solo a criticare\u2026<\/span><span style=\"font-size: 9pt; font-family: 'Arial','sans-serif'\">Noi andiamo avanti per la nostra strada. \u00c8 chiaro che, quando sono costruttivi, accettiamo anche le critiche e i consigli.<\/span><span style=\"font-size: 9pt; font-family: 'Arial','sans-serif'\"> <\/span><\/p>\n<h1 style=\"margin: 0cm 0cm 0pt\"><span style=\"font-size: 9pt; font-family: 'Arial','sans-serif'\">Si pu\u00f2 dire che il bilancio di questi 40 anni sia positivo?<\/span><\/h1>\n<p><span style=\"font-size: 9pt; font-family: 'Arial','sans-serif'\">Penso proprio di si. Penso che possiamo ritenerci abbastanza soddisfatti, anche perch\u00e9 gi\u00e0 il fatto che siamo arrivati a cos\u00ec tante edizioni consecutive delle nostre manifestazioni \u00e8 un buon segnale.<\/span><span style=\"font-size: 9pt; font-family: 'Arial','sans-serif'\">Stiamo portando avanti un bel programma di manifestazioni e tutto sommato questo vuol dire che buona parte della gente apprezza. <\/span><span style=\"font-size: 9pt; font-family: 'Arial','sans-serif'\">Facendo un resoconto anche economico possiamo dire che, negli ultimi 7 anni abbiamo movimentato circa 90.000 euro, che non \u00e8 poco, e buona parte sono rimasti in loco, soprattutto tra i commercianti. Per quanto riguarda la lira, dall\u2019anno di costituzione (il \u201969) fino all\u2019avvento dell\u2019euro, siamo sui 100.000.000 di vecchie lire. <\/span><span style=\"font-size: 9pt; font-family: 'Arial','sans-serif'\">Chiaramente molte cose sono cambiate. Tanto per fare un esempio, il primo contribuito che il Comune diede all\u2019associazione, si parla del lontano 1969, era di \u00a3 300.000. Se si pensa che allora una quota associativa costava \u00a3 1.000 e che oggi costa invece \u20ac 20 si capisce come il tempo sia passato.<\/span><span style=\"font-size: 9pt; font-family: 'Arial','sans-serif'\"> <\/span><\/p>\n<h1 style=\"margin: 0cm 0cm 0pt\"><span style=\"font-size: 9pt; font-family: 'Arial','sans-serif'\">E per quanto riguarda la sua esperienza all\u2019interno della Pro-Loco?<\/span><\/h1>\n<p><span style=\"font-size: 9pt; font-family: 'Arial','sans-serif'\">Beh, devo dire che la Pro-Loco \u00e8 nata quasi con me. Io sono entrato giovanissimo, avevo 17 anni quando entrai a far parte del Consiglio d\u2019Amministrazione. Quindi dal gennaio del \u201974 fino ad oggi, salvo un periodo di  4 anni, ho sempre fatto parte attivamente della Associazione, prima come consigliere, poi come segretario,  vice-presidente e poi dal 1980 fino al \u201999 e dal 2003 ad oggi come presidente. <\/span><span style=\"font-size: 9pt; font-family: 'Arial','sans-serif'\">Perci\u00f2 si pu\u00f2 dire che molte delle attuali manifestazioni sono nate anche grazie al mio impegno e al mio interessamento.<\/span><span style=\"font-size: 9pt; font-family: 'Arial','sans-serif'\"> <\/span><span style=\"font-size: 9pt; font-family: 'Arial','sans-serif'\"><span style=\"font-size: 9pt; font-family: 'Arial','sans-serif'\"><strong>Cosa sente di potersi augurare per i prossimi 40 anni per l\u2019associazione e per lei stesso nell\u2019ambito della Pro-Loco? <\/strong><\/span><span style=\"font-size: 9pt; font-family: 'Arial','sans-serif'\">Eh, eh. Devo venire col bastone qua alla Pro-Loco? No, no. Io penso che 40 anni \u00e8 un bel traguardo. Di certo non mi si potr\u00e0 dire di non aver fatto molto per il paese. Non sono sicuramente vecchio ma, comincio a fare i conti con la pensione. Eh, eh. Ci saranno sicuramente nuove leve, volenterose che subentreranno e  prenderanno in mano la situazione.<span>  <\/span>Dopo pi\u00f9 di 30 anni di lavoro come volontario, con soldi sempre risicati,<span>  a<\/span> volte rimettendoci di tasca propria, ti vien di pensare di lasciare, anche perch\u00e8 in debito con la famiglia. Certo le soddisfazioni non sono mancate. <\/span><span style=\"font-size: 9pt; font-family: 'Arial','sans-serif'\">Sono comunque soddisfatto di aver portato la Pro-Loco a un certo livello. L\u2019ultima creatura figlia della Pro-Loco \u00e8 il Servizio Civile UNPLI, capace di formare tanti giovani del posto e  di produrre tanto materiale utile.  Da oltre un anno c\u2019\u00e8 il sito web, uno strumento mediatico capace di avvicinare e riscoprire tanti nostri concittadini sparsi per il mondo. Anche qui non \u00e8 facile la gestione, se solo si pensa alla puntualit\u00e0 e agli impegni intrapresi. <\/span><span style=\"font-size: 9pt; font-family: 'Arial','sans-serif'\">Il merito va ancora una volta al Comitato che ha appoggiato queste iniziative per dare ancora una volta slancio e promozione al nostro caro paesello.<\/span><span style=\"font-size: 9pt; font-family: 'Arial','sans-serif'\"> <\/span><\/span><span style=\"font-size: 9pt; font-family: 'Arial','sans-serif'\"><span style=\"font-size: 9pt; font-family: 'Arial','sans-serif'\"><\/span><span style=\"font-size: 9pt; font-family: 'Arial','sans-serif'\"><span style=\"font-size: 9pt; font-family: 'Arial','sans-serif'\">Dunque 40 anni, un traguardo importante, che va degnamente celebrato. Il programma durer\u00e0 dal 28 febbraio al primo marzo e sono previsti parecchi appuntamenti importanti tra cui <em>l\u2019intitolazione della sede associativa al prof. Amedeo Iossa<\/em> e la <em>prima edizione del \u201cPremio Deliceto\u201d<\/em> il 1\u00b0 marzo e un eccezionale <em>Annullo Filatelico del Quarantennale<\/em> il 28 febbraio, che non potr\u00e0 non interessare gli appassionati.  <\/span><span style=\"font-size: 9pt; font-family: 'Arial','sans-serif'\">Vi consigliamo di seguire con attenzione gli sviluppi della celebrazione e di questa meritevole associazione.<\/span><\/span><\/span><\/p>\n","protected":false},"excerpt":{"rendered":"<p>a cura di Antonella Catenazzo L\u2019Associazione Turistica Pro-Loco celebra quest\u2019anno 40 anni di vita. Sarebbe in realt\u00e0 pi\u00f9 giusto dire 40 anni di attivit\u00e0 perch\u00e9 da quando quest\u2019associazione nacque, nell\u2019ormai lontano 4 febbraio del \u201969, non ha mai smesso di impegnarsi per la promozione e la crescita del paese. Pure tra molte difficolt\u00e0 e sacrifici.Ne [&hellip;]<\/p>\n","protected":false},"author":2,"featured_media":0,"comment_status":"closed","ping_status":"closed","sticky":false,"template":"","format":"standard","meta":[],"categories":[7],"tags":[],"_links":{"self":[{"href":"http:\/\/www.prolocodeliceto.it\/zeroweb\/index.php?rest_route=\/wp\/v2\/posts\/578"}],"collection":[{"href":"http:\/\/www.prolocodeliceto.it\/zeroweb\/index.php?rest_route=\/wp\/v2\/posts"}],"about":[{"href":"http:\/\/www.prolocodeliceto.it\/zeroweb\/index.php?rest_route=\/wp\/v2\/types\/post"}],"author":[{"embeddable":true,"href":"http:\/\/www.prolocodeliceto.it\/zeroweb\/index.php?rest_route=\/wp\/v2\/users\/2"}],"replies":[{"embeddable":true,"href":"http:\/\/www.prolocodeliceto.it\/zeroweb\/index.php?rest_route=%2Fwp%2Fv2%2Fcomments&post=578"}],"version-history":[{"count":0,"href":"http:\/\/www.prolocodeliceto.it\/zeroweb\/index.php?rest_route=\/wp\/v2\/posts\/578\/revisions"}],"wp:attachment":[{"href":"http:\/\/www.prolocodeliceto.it\/zeroweb\/index.php?rest_route=%2Fwp%2Fv2%2Fmedia&parent=578"}],"wp:term":[{"taxonomy":"category","embeddable":true,"href":"http:\/\/www.prolocodeliceto.it\/zeroweb\/index.php?rest_route=%2Fwp%2Fv2%2Fcategories&post=578"},{"taxonomy":"post_tag","embeddable":true,"href":"http:\/\/www.prolocodeliceto.it\/zeroweb\/index.php?rest_route=%2Fwp%2Fv2%2Ftags&post=578"}],"curies":[{"name":"wp","href":"https:\/\/api.w.org\/{rel}","templated":true}]}}