{"id":5698,"date":"2012-04-13T10:34:41","date_gmt":"2012-04-13T09:34:41","guid":{"rendered":"http:\/\/www.prolocodeliceto.it\/zeroweb\/?p=5698"},"modified":"2012-04-13T18:27:53","modified_gmt":"2012-04-13T17:27:53","slug":"corso-di-cucina","status":"publish","type":"post","link":"http:\/\/www.prolocodeliceto.it\/zeroweb\/?p=5698","title":{"rendered":"CORSO DI CUCINA"},"content":{"rendered":"<p><a href=\"http:\/\/www.prolocodeliceto.it\/zeroweb\/wp-content\/uploads\/Corso-di-cucina.jpg\"><img decoding=\"async\" loading=\"lazy\" class=\"alignnone  wp-image-5699\" title=\"Corso di cucina\" src=\"http:\/\/www.prolocodeliceto.it\/zeroweb\/wp-content\/uploads\/Corso-di-cucina.jpg\" alt=\"\" width=\"101\" height=\"97\" \/><\/a><\/p>\n<p>&nbsp;<\/p>\n<p><span style=\"font-family: Arial; font-size: x-small;\">A scuola di \u2026. Cucina: a Pietramontecorvino il primo corso di cucina dedicato alla PASTA!!!<\/span><\/p>\n<p><span style=\"font-family: Arial; font-size: x-small;\">\u00a0<\/span><\/p>\n<p><span style=\"font-family: Arial; font-size: x-small;\">L\u2019IRFIP di Pietramontecorvino organizza in primavera il primo corso di cucina dedicato alla pasta, con lezioni pratiche sui diversi tipi di impasto&#8230; e loro utilizzo, la preparazione dei vari formati (tagliatelle, pappardelle, taglierini, la sfoglia, gli gnocchi, le crespelle) e le salse da abbinare.<\/span><\/p>\n<p><span style=\"font-family: Arial; font-size: x-small;\">\u00a0<\/span><\/p>\n<p><span style=\"font-family: Arial; font-size: x-small;\">Il corso \u00e8 rivolto ad 8 partecipanti che avranno a disposizione una dispensa ed un ricettario.<\/span><\/p>\n<p><span style=\"font-family: Arial; font-size: x-small;\">\u00a0<\/span><\/p>\n<p><span style=\"font-family: Arial; font-size: x-small;\">Felice Cotturelli, del Ristorante \u201cIL Cenacolo\u201d accompagner\u00e0 gli allievi alla scoperta di tecniche di lavorazione tradizionale e accorgimenti dettati dall\u2019esperienza.<\/span><\/p>\n<p><span style=\"font-family: Arial; font-size: x-small;\">\u00a0<\/span><\/p>\n<p><span style=\"font-family: Arial; font-size: x-small;\">Il Ristorante \u201cIL Cenacolo\u201d di Castelnuovo della Daunia \u00e8 segnalato da svariate guide gastronomiche come: Accademia Italiana della Cucina, La Gola in Tasca, L\u2019espresso, Gambero Rosso, Osterie d\u2019Italia, Michelin, Touring Club Italiano, Veronelli.<\/span><\/p>\n<p><span style=\"font-family: Arial; font-size: x-small;\">\u00a0<\/span><\/p>\n<p><span style=\"font-family: Arial; font-size: x-small;\">IL CORSO<\/span><\/p>\n<p><strong><span style=\"font-family: Arial; font-size: x-small;\">Il Corso avr\u00e0 una durata di 8 ore suddivise in due giorni. Le lezioni si svolgeranno il marted\u00ec ed il mercoled\u00ec pomeriggio a Pietramontecorvino, presso il suggestivo Palazzo Ducale.<\/span><\/strong><\/p>\n<p><strong><span style=\"font-family: Arial; font-size: x-small;\">Al termine del corso verr\u00e0 rilasciato l\u2019attestato di frequenza.<\/span><\/strong><\/p>\n<p><strong><span style=\"font-family: Arial; font-size: x-small;\">Il costo del corso \u00e8 pari a 130\u20ac.<\/span><\/strong><\/p>\n<p><span style=\"font-family: Arial; font-size: x-small;\">\u00a0<\/span><\/p>\n<p><span style=\"font-family: Arial; font-size: x-small;\"><a href=\"https:\/\/www.facebook.com\/#!\/socialIRFIP\">https:\/\/www.facebook.com\/#!\/socialIRFIP<\/a><\/span><\/p>\n<p><span style=\"font-family: Arial; font-size: x-small;\">\u00a0<\/span><\/p>\n<p><strong><span style=\"font-family: Arial; font-size: x-small;\">\u00a0<\/span><\/strong><\/p>\n<p><strong><span style=\"font-family: Arial; font-size: x-small;\">A disposizione per informazioni:<\/span><\/strong><\/p>\n<p><span style=\"font-family: Arial; font-size: x-small;\">\u00a0<\/span><\/p>\n<p><span style=\"font-family: Arial; color: #000080; font-size: x-small;\">dott.ssa Adriana Natale<br \/>\nUfficio Amministrazioni<\/span><\/p>\n<p><span style=\"font-family: Arial; color: #000080; font-size: x-small;\">GAL Meridaunia<br \/>\nLoc. Tiro a Segno<br \/>\n71023 Bovino (Fg)<br \/>\ntel. <\/span><span style=\"font-family: Arial; color: #000080; font-size: x-small;\">+39 0881 966557<br \/>\nfax. +39 0881 912921<br \/>\n<\/span><span style=\"font-family: Arial; color: #000080; font-size: x-small;\"><a href=\"http:\/\/www.meridaunia.it\/\">www.meridaunia.it<\/a><\/span><span style=\"font-family: Arial; color: #000080; font-size: x-small;\"><br \/>\namministrazione@meridaunia.it<\/span><\/p>\n","protected":false},"excerpt":{"rendered":"<p>&nbsp; A scuola di \u2026. Cucina: a Pietramontecorvino il primo corso di cucina dedicato alla PASTA!!! \u00a0 L\u2019IRFIP di Pietramontecorvino organizza in primavera il primo corso di cucina dedicato alla pasta, con lezioni pratiche sui diversi tipi di impasto&#8230; e loro utilizzo, la preparazione dei vari formati (tagliatelle, pappardelle, taglierini, la sfoglia, gli gnocchi, le [&hellip;]<\/p>\n","protected":false},"author":29,"featured_media":0,"comment_status":"open","ping_status":"open","sticky":false,"template":"","format":"standard","meta":[],"categories":[7],"tags":[],"_links":{"self":[{"href":"http:\/\/www.prolocodeliceto.it\/zeroweb\/index.php?rest_route=\/wp\/v2\/posts\/5698"}],"collection":[{"href":"http:\/\/www.prolocodeliceto.it\/zeroweb\/index.php?rest_route=\/wp\/v2\/posts"}],"about":[{"href":"http:\/\/www.prolocodeliceto.it\/zeroweb\/index.php?rest_route=\/wp\/v2\/types\/post"}],"author":[{"embeddable":true,"href":"http:\/\/www.prolocodeliceto.it\/zeroweb\/index.php?rest_route=\/wp\/v2\/users\/29"}],"replies":[{"embeddable":true,"href":"http:\/\/www.prolocodeliceto.it\/zeroweb\/index.php?rest_route=%2Fwp%2Fv2%2Fcomments&post=5698"}],"version-history":[{"count":7,"href":"http:\/\/www.prolocodeliceto.it\/zeroweb\/index.php?rest_route=\/wp\/v2\/posts\/5698\/revisions"}],"predecessor-version":[{"id":5718,"href":"http:\/\/www.prolocodeliceto.it\/zeroweb\/index.php?rest_route=\/wp\/v2\/posts\/5698\/revisions\/5718"}],"wp:attachment":[{"href":"http:\/\/www.prolocodeliceto.it\/zeroweb\/index.php?rest_route=%2Fwp%2Fv2%2Fmedia&parent=5698"}],"wp:term":[{"taxonomy":"category","embeddable":true,"href":"http:\/\/www.prolocodeliceto.it\/zeroweb\/index.php?rest_route=%2Fwp%2Fv2%2Fcategories&post=5698"},{"taxonomy":"post_tag","embeddable":true,"href":"http:\/\/www.prolocodeliceto.it\/zeroweb\/index.php?rest_route=%2Fwp%2Fv2%2Ftags&post=5698"}],"curies":[{"name":"wp","href":"https:\/\/api.w.org\/{rel}","templated":true}]}}