{"id":5670,"date":"2012-04-11T19:58:25","date_gmt":"2012-04-11T18:58:25","guid":{"rendered":"http:\/\/www.prolocodeliceto.it\/zeroweb\/?p=5670"},"modified":"2012-04-13T17:03:04","modified_gmt":"2012-04-13T16:03:04","slug":"folli-di-tutto-il-mondo-unitevi","status":"publish","type":"post","link":"http:\/\/www.prolocodeliceto.it\/zeroweb\/?p=5670","title":{"rendered":"Folli di tutto il mondo, unitevi!"},"content":{"rendered":"<p>&nbsp;<\/p>\n<p><a href=\"http:\/\/www.prolocodeliceto.it\/zeroweb\/wp-content\/uploads\/C.S.-Folli-di-tutto-il-mondo-unitevi-Sportiva...Mente-20122.pdf\">C.S. Folli di tutto il mondo, unitevi! Sportiva&#8230;Mente 2012<\/a><\/p>\n<p align=\"center\"><strong>Folli di tutto il mondo, unitevi! <\/strong><strong><\/strong><\/p>\n<p align=\"center\"><span style=\"font-size: medium;\"><em>A Troja dal 26 al 29 Aprile la quarta edizione di \u201cSportiva \u2026 Mente\u201d, il meeting internazionale di persone con problemi psichici premiato dal Presidente della Repubblica<\/em><\/span><\/p>\n<p>TROJA \u2013 \u00a0\u00c8 senza dubbio una delle iniziative pi\u00f9 coraggiose, pi\u00f9 internazionali e pi\u00f9 \u2026 \u201cfolli\u201d che si organizzano a Troja. \u201cSportiva\u2026Mente\u201d \u00e8 una iniziativa che nasce dalla passione, dall\u2019impegno e dal lavoro del <strong>Centro di Salute Mentale di Troia e dall\u2019Associazione di Volontariato \u201cTutti in Volo\u201d<\/strong>, in rete con \u00a0una nutrita schiera di associazioni, enti e cittadini che intendono battere lo \u201cstigma\u201d e le discriminazioni sociali di cui troppo spesso sono vittime i malati di mente. L\u2019idea \u00e8 semplice: si tratta di chiamare a raccolta gruppi di fruitori ed operatori dei servizi di tutela della salute mentale di tutto il mondo ed organizzare una serie di cose \u201cnormali\u201d: un <strong>torneo di calcio, una esposizione artistica, \u00a0un concerto, una manifestazione in<\/strong> <strong>piazza, un corteo<\/strong> ed una serie di attivit\u00e0 di socializzazione. Niente di pi\u00f9 normale: ed \u00e8 questo, appunto, l\u2019obiettivo. L\u2019idea \u00e8 quella di battere l\u2019esclusione sociale attraverso una serie di attivit\u00e0 socio-culturali e sportive e tante interazioni con le comunit\u00e0 locali. Facile a dirsi, complicato a farsi: ci vogliono lavoro, impegno, perseveranza. Ed \u00e8 per questo che il <strong>Presidente della Repubblica ha voluto premiare l\u2019iniziativa con una medaglia<\/strong>, per valorizzare una delle esperienze pi\u00f9 autentiche, pi\u00f9 belle, pi\u00f9 significative nate nell\u2019entroterra pugliese dei Monti Dauni, a Troja.<\/p>\n<p>L\u2019iniziativa non \u00e8 che l\u2019ultima fase di un lungo progetto che ha visto coinvolte le scuole, le forze dell\u2019ordine, le comunit\u00e0 di migranti e, dalla fine di Aprile, vedr\u00e0 anche la partecipazione di numerosi gruppi ed associazioni che si occupano di disagio mentale. La settimana di iniziative \u00e8 alle porte: <strong>si inizia il 26 aprile\u00a0 alle ore 16,00 con un corteo<\/strong> che vedr\u00e0 tutti i partecipanti sfilare per il corso principale della citt\u00e0 di Troia. Successivamente, presso il cineteatro \u201cPidocchietto\u201d, ci sar\u00e0 la cerimonia inaugurale con tutti i partecipanti provenienti dall\u2019Italia, dall\u2019Europa e da paesi extracomunitari, alla presenza dei rappresentanti del mondo delle istituzioni, del no-profit, del volontariato e aperto all\u2019intera cittadinanza. Molte le attivit\u00e0 in programma oltre al il IV Torneo Internazionale di Calcio, cuore della manifestazione. Tra queste, i<strong>l 28 aprile alle 18.00 a Foggia \u00e8 prevista la cosiddetta \u201cCorte dei Miracoli\u201d, <\/strong>in Corso Vittorio Emanuele: una originale iniziativa che mira a costruire un luogo di incontri, di partecipazione, di scambi per l\u2019inclusione sociale di tutti e la valorizzazione della diversit\u00e0. Insomma un programma ricchissimo di iniziative, con un unico messaggio: contrastare lo stigma sulla malattia mentale e sulle persone affette.<\/p>\n<p>Per presentare \u201cSportiva \u2026 Mente\u201d e i risultati del progetto portato avanti in questi anni, \u00e8 stata organizzata una <strong>Conferenza Stampa il 20 aprile, alle ore 11.00<\/strong>, presso la sala riunioni della Direzione Generale dell\u2019ASL FG (palazzo ex INAM \u2013 IV piano).<\/p>\n<p>Per info: Tel: 3939977641 \u2013 0881.97.00.20 \u00a0&#8211; 0881.92.20.54-55<br \/>\n<a href=\"http:\/\/www.tuttiugualituttidiversi.com\/\">www.tuttiugualituttidiversi.com<\/a><br \/>\nfacebook: associazione tutti in volo<\/p>\n","protected":false},"excerpt":{"rendered":"<p>&nbsp; C.S. Folli di tutto il mondo, unitevi! Sportiva&#8230;Mente 2012 Folli di tutto il mondo, unitevi! A Troja dal 26 al 29 Aprile la quarta edizione di \u201cSportiva \u2026 Mente\u201d, il meeting internazionale di persone con problemi psichici premiato dal Presidente della Repubblica TROJA \u2013 \u00a0\u00c8 senza dubbio una delle iniziative pi\u00f9 coraggiose, pi\u00f9 internazionali [&hellip;]<\/p>\n","protected":false},"author":29,"featured_media":0,"comment_status":"open","ping_status":"open","sticky":false,"template":"","format":"standard","meta":[],"categories":[7],"tags":[],"_links":{"self":[{"href":"http:\/\/www.prolocodeliceto.it\/zeroweb\/index.php?rest_route=\/wp\/v2\/posts\/5670"}],"collection":[{"href":"http:\/\/www.prolocodeliceto.it\/zeroweb\/index.php?rest_route=\/wp\/v2\/posts"}],"about":[{"href":"http:\/\/www.prolocodeliceto.it\/zeroweb\/index.php?rest_route=\/wp\/v2\/types\/post"}],"author":[{"embeddable":true,"href":"http:\/\/www.prolocodeliceto.it\/zeroweb\/index.php?rest_route=\/wp\/v2\/users\/29"}],"replies":[{"embeddable":true,"href":"http:\/\/www.prolocodeliceto.it\/zeroweb\/index.php?rest_route=%2Fwp%2Fv2%2Fcomments&post=5670"}],"version-history":[{"count":4,"href":"http:\/\/www.prolocodeliceto.it\/zeroweb\/index.php?rest_route=\/wp\/v2\/posts\/5670\/revisions"}],"predecessor-version":[{"id":5674,"href":"http:\/\/www.prolocodeliceto.it\/zeroweb\/index.php?rest_route=\/wp\/v2\/posts\/5670\/revisions\/5674"}],"wp:attachment":[{"href":"http:\/\/www.prolocodeliceto.it\/zeroweb\/index.php?rest_route=%2Fwp%2Fv2%2Fmedia&parent=5670"}],"wp:term":[{"taxonomy":"category","embeddable":true,"href":"http:\/\/www.prolocodeliceto.it\/zeroweb\/index.php?rest_route=%2Fwp%2Fv2%2Fcategories&post=5670"},{"taxonomy":"post_tag","embeddable":true,"href":"http:\/\/www.prolocodeliceto.it\/zeroweb\/index.php?rest_route=%2Fwp%2Fv2%2Ftags&post=5670"}],"curies":[{"name":"wp","href":"https:\/\/api.w.org\/{rel}","templated":true}]}}