{"id":5495,"date":"2012-03-26T21:03:46","date_gmt":"2012-03-26T20:03:46","guid":{"rendered":"http:\/\/www.prolocodeliceto.it\/zeroweb\/?p=5495"},"modified":"2012-03-30T12:04:54","modified_gmt":"2012-03-30T11:04:54","slug":"comunicato-stampa-53","status":"publish","type":"post","link":"http:\/\/www.prolocodeliceto.it\/zeroweb\/?p=5495","title":{"rendered":"Comunicato Stampa"},"content":{"rendered":"<p><strong><span style=\"text-decoration: underline;\">COMUNICATO STAMPA<\/span><\/strong><\/p>\n<p><strong>Pasqua tra spiritualit\u00e0 e teatro: domenica va in scena la<br \/>\n<\/strong><\/p>\n<p><strong>\u201cPassione e Morte\u201d, marted\u00ec c\u2019\u00e8 \u201cCristo e l\u2019Uomo\u201d <\/strong><\/p>\n<p><em>Dopo rappresentazione vivente di Domenica, marted\u00ec appuntamento al \u201cPidocchietto\u201d<br \/>\n<\/em><\/p>\n<p><em>di Troia per lo spettacolo della compagnia \u201cTeatro Novo\u201d di Motta Montecorvino.<\/em><\/p>\n<p>\u00a0\u00a0\u00a0 TROJA &#8211; La Settimana Santa si apre a Troia nel segno del teatro. Dal 1 all\u20198 Aprile vi sar\u00e0 un susseguirsi\u00a0 di rappresentazioni viventi, performance teatrali e antichi riti penitenziali che conservano intatta la loro teatrale drammaticit\u00e0. Si parte Domenica 1 Aprile con la <strong>Rappresentazione vivente dalla \u201cPassione e Morte\u201d<\/strong>, uno spettacolo che coinvolge centinaia di attori e si snoda per le vie della citt\u00e0. Alle ore 15.00 nella suggestiva cornice del centro storico di Troia oltre novanta figuranti in costumi d&#8217;epoca faranno rivivere il dramma del Golgota come un film in diretta, per la regia di Antonio Marino e Carlo Rubino. L\u2019evento si articoler\u00e0 in una successione di dodici scene tra le stradine e le piazze della Citt\u00e0 del Rosone e si concluder\u00e0 con la crocifissione sui prati della villa comunale. Per l\u2019occasione A.c.t! Monti Dauni propone una visita mattutina alla citt\u00e0 di Troja, a partire dalla ore 10.30 per tutti coloro che intendessero passare l\u2019intera giornata a Troja (per info: tel. 393\/9977641)<\/p>\n<p>Marted\u00ec 3 Aprile \u00e8 invece la volta di una giovane realt\u00e0 teatrale dei Monti Dauni. <strong>La compagnia \u201cTeatro Novo\u201d, costituita da\u00a0 tre giovani di Motta Montecorvino, metter\u00e0 in scena lo spettacolo \u201cCristo e l\u2019Uomo\u201d,<\/strong> uno spettacolo che intende attualizzare il messaggio della passione e morte nel contesto della crisi dell\u2019Uomo moderno, in un insieme di riferimenti storico-sociali: <em>\u201cdal Nazismo alla bomba di Hiroshima, dal sequestro Moro alla fame nel Mondo, da Falcone e Borsellino allo sfrenato consumismo, dalla crisi internazionale\u00a0 alla voglia di potere\u201d (\u2026) \u201cIl risultato \u00e8 un\u2019immagine diversa di Yehoshua di\u00a0 Nazareth, che va a materializzarsi in una speranza per tutti gli uomini. Un Cristo umano, uomo, rivoluzionario e portatore di veri valori\u201d. <\/em>Uno spettacolo che non intende risparmiare le istituzioni politiche ed ecclesiastiche perch\u00e9 la societ\u00e0 <em>\u201cha il dovere morale di riflettere\u201d.<\/em>\u00a0 La performance sar\u00e0 inoltre arricchita video di grandi artisti che hanno raccontato la storia di Ges\u00f9<em>.<\/em> <strong>L\u2019appuntamento \u00e8 per Marted\u00ec 3 Aprile alle ore 21.00 presso il Cine-Teatro comunale \u201cPidocchietto<\/strong>.<\/p>\n<p>Infine, da Venerd\u00ec a Domenica si rinnovano a Troja gli antichi riti della Settimana Santa. Sar\u00e0 una tre giorni ricchissima di appuntamenti con le tradizioni religiose popolari e sar\u00e0 un\u2019occasione per rivivere momenti simbolici e rituali che si ripetono da secoli. Si inizia Venerd\u00ec mattina alle ore 10.00 dalla chiesa di S. Basilio (XI sec.) con la \u201c<strong>Processione delle Catene<\/strong>\u201d, si prosegue venerd\u00ec sera alle ore 20.00 con la \u201c<strong>Processione del Misteri\u201d<\/strong> e si chiude Domenica in bellezza con il commuovente rito del <strong>\u201cBacio\u201d<\/strong>.<\/p>\n<p>Una settimana tra spiritualit\u00e0, teatro e la suggestione di antichi riti popolari che si perpetuano in questo prezioso entroterra di Capitanata.<\/p>\n<p>Per info: <a href=\"mailto:turismo.montidauni@gmail.com\">turismo.montidauni@gmail.com<\/a>; Tel: 3939977641<\/p>\n<p>Info Stampa: <a href=\"tel:347%2F2668932\">347\/2668932<\/a><\/p>\n<p><strong>A.c.t! Monti Dauni<\/strong><\/p>\n<p><strong>Associazione Culturale &amp; <\/strong><\/p>\n","protected":false},"excerpt":{"rendered":"<p>COMUNICATO STAMPA Pasqua tra spiritualit\u00e0 e teatro: domenica va in scena la \u201cPassione e Morte\u201d, marted\u00ec c\u2019\u00e8 \u201cCristo e l\u2019Uomo\u201d Dopo rappresentazione vivente di Domenica, marted\u00ec appuntamento al \u201cPidocchietto\u201d di Troia per lo spettacolo della compagnia \u201cTeatro Novo\u201d di Motta Montecorvino. \u00a0\u00a0\u00a0 TROJA &#8211; La Settimana Santa si apre a Troia nel segno del teatro. [&hellip;]<\/p>\n","protected":false},"author":29,"featured_media":0,"comment_status":"open","ping_status":"open","sticky":false,"template":"","format":"standard","meta":[],"categories":[7],"tags":[],"_links":{"self":[{"href":"http:\/\/www.prolocodeliceto.it\/zeroweb\/index.php?rest_route=\/wp\/v2\/posts\/5495"}],"collection":[{"href":"http:\/\/www.prolocodeliceto.it\/zeroweb\/index.php?rest_route=\/wp\/v2\/posts"}],"about":[{"href":"http:\/\/www.prolocodeliceto.it\/zeroweb\/index.php?rest_route=\/wp\/v2\/types\/post"}],"author":[{"embeddable":true,"href":"http:\/\/www.prolocodeliceto.it\/zeroweb\/index.php?rest_route=\/wp\/v2\/users\/29"}],"replies":[{"embeddable":true,"href":"http:\/\/www.prolocodeliceto.it\/zeroweb\/index.php?rest_route=%2Fwp%2Fv2%2Fcomments&post=5495"}],"version-history":[{"count":1,"href":"http:\/\/www.prolocodeliceto.it\/zeroweb\/index.php?rest_route=\/wp\/v2\/posts\/5495\/revisions"}],"predecessor-version":[{"id":5496,"href":"http:\/\/www.prolocodeliceto.it\/zeroweb\/index.php?rest_route=\/wp\/v2\/posts\/5495\/revisions\/5496"}],"wp:attachment":[{"href":"http:\/\/www.prolocodeliceto.it\/zeroweb\/index.php?rest_route=%2Fwp%2Fv2%2Fmedia&parent=5495"}],"wp:term":[{"taxonomy":"category","embeddable":true,"href":"http:\/\/www.prolocodeliceto.it\/zeroweb\/index.php?rest_route=%2Fwp%2Fv2%2Fcategories&post=5495"},{"taxonomy":"post_tag","embeddable":true,"href":"http:\/\/www.prolocodeliceto.it\/zeroweb\/index.php?rest_route=%2Fwp%2Fv2%2Ftags&post=5495"}],"curies":[{"name":"wp","href":"https:\/\/api.w.org\/{rel}","templated":true}]}}