{"id":535,"date":"2009-01-28T21:50:41","date_gmt":"2009-01-28T20:50:41","guid":{"rendered":"http:\/\/www.prolocodeliceto.it\/zeroweb\/?p=535"},"modified":"2009-01-29T12:22:44","modified_gmt":"2009-01-29T11:22:44","slug":"il-beato-antonio-lucci","status":"publish","type":"post","link":"http:\/\/www.prolocodeliceto.it\/zeroweb\/?p=535","title":{"rendered":"Il Beato Antonio Lucci"},"content":{"rendered":"<p><strong><span style=\"font-size: 12pt\"><font face=\"Verdana\">I MEDAGLIONI<\/font><\/span><\/strong><font face=\"Verdana\"><strong><span style=\"font-size: 12pt\">Il beato Antonio Lucci: la formazione e lo studio (III)<\/span><\/strong><strong><span><\/span><\/strong><\/font><span><font size=\"2\" face=\"Verdana\"> <a href=\"http:\/\/www.prolocodeliceto.it\/zeroweb\/wp-content\/agnone.jpg\" title=\"agnone.jpg\"><img decoding=\"async\" loading=\"lazy\" vspace=\"3\" width=\"426\" src=\"http:\/\/www.prolocodeliceto.it\/zeroweb\/wp-content\/agnone.jpg\" hspace=\"3\" alt=\"agnone.jpg\" height=\"257\" style=\"width: 426px; height: 257px\" title=\"agnone.jpg\" \/><\/a><\/font><\/span><span> <\/span><font size=\"2\"><font face=\"Verdana\"><strong><span>Le reliquie del vescovo di Bovino mons. Antonio Lucci toccheranno i paesi della sua diocesi nei mesi di febbraio e marzo 2009.<\/span><\/strong><span> E\u2019 un avvenimento importante, proprio dei santi: a Deliceto si ricordano con commozione le peregrinatio delle reliquie di S. Alfonso (1995) e di S. Gerardo (2004). E\u2019 quindi il caso di conoscere un po\u2019 pi\u00f9 da vicino questa figura. Egli nasce ad Agnone, cittadina dell\u2019interno su un monte di <metricconverter ProductID=\"850 metri\" w:st=\"on\"><\/metricconverter>850 metri, famosa per l\u2019industria delle campane, risalente al Medioevo, e quella degli oggetti di rame, soprattutto utensili da cucina; \u201cla rama\u201d, che ogni sposa doveva portare in dote. Oggi Agnone \u00e8 in provincia di Isernia, nel Molise; allora faceva parte del Sannio. La sua era una famiglia dabbene e devota; la madre, Angela Paolantonio, frequentava i sacramenti e le funzioni religiose e non mancava mai alle prediche quaresimali; il padre, Francesco Lucci, aveva un piccolo commercio di rame ed una bottega di calzolaio ben avviata. E fra la vendita di una pentola ed una risuolatura di scarpe, trovava il tempo per pregare con la coroncina che aveva sempre a portata di mano. <strong>E\u2019 da meravigliarsi se poi il nostro Antonio \u2013 che alla nascita si chiamava Angelo Nicola \u2013 imboccher\u00e0 la strada ecclesiastica?<\/strong> Egli nasce il 2 agosto 1682, quinto di una nidiata di sette figli, che seguiranno le orme paterne, alcuni facendo i ramai, altri i calzolai. Non Angelo Nicola, che, portato per gli studi, ebbe la possibilit\u00e0 di continuarli, nonostante a dodici anni gli morisse il padre e, quindi, venisse meno il sostegno economico principale della famiglia. Prosegu\u00ec gli studi sotto sacerdoti laici e regolari, che allora erano quasi gli unici depositari del sapere; a quindici anni aveva terminato quelle che oggi possiamo chiamare scuole elementari e medie. Ed \u00e8 pi\u00f9 o meno a quell\u2019et\u00e0 che si manifesta la vocazione; la povera madre, pur tanto devota, fece una decisa opposizione; vedova, non voleva separarsi pure da suo figlio per donarlo a Dio. Ma fu inutile, ed il Nostro prosegu\u00ec per la sua strada. <strong>Sembra di risentire la vita di S. Gerardo.<\/strong> E cos\u00ec nel <metricconverter ProductID=\"1697, a\" w:st=\"on\"><\/metricconverter>1697, a quindici anni, chiese di essere ammesso in un convento francescano, quello dei frati minori conventuali di Agnone, che ben conosceva per le tante frequentazioni. E fu allora che, cambiato l\u2019abito borghese per il saio francescano, cambi\u00f2 anche il nome, come voleva la regola, e scelse quello di Antonio. Prosegu\u00ec brillantemente gli studi; nel 1608 fece la professione religiosa e poi gir\u00f2 le scuole monastiche di Venafro, Alvito, Aversa, Napoli, lasciando dovunque un ricordo di santit\u00e0. Infine, la gioia di poter studiare ad Assisi e pregare sulla tomba del Suo santo. Gli fu compagno, grande compagno, un francescano, poi dichiarato santo anche lui, il lucerino Francesco Antonio Fasani, con il quale si instaur\u00f2 una santa emulazione sia negli studi che nell\u2019aspirazione alla perfezione. I due, ormai inseparabili, furono ordinati sacerdoti lo stesso giorno, il 17 novembre del 1705. Proseguirono gli studi e nel 1709 si laurearono in teologia, chiudendo cos\u00ec, brillantemente, il periodo di formazione. <em>(CONTINUA)<\/em><\/span><\/font><\/font><span><font size=\"2\" face=\"Verdana\"> <\/font><\/span><span><strong><span><font size=\"2\"><font face=\"Verdana\">Mattia Iossa<\/font><\/font><\/span><\/strong><\/p>\n<p><\/span><\/p>\n","protected":false},"excerpt":{"rendered":"<p>I MEDAGLIONIIl beato Antonio Lucci: la formazione e lo studio (III) Le reliquie del vescovo di Bovino mons. Antonio Lucci toccheranno i paesi della sua diocesi nei mesi di febbraio e marzo 2009. E\u2019 un avvenimento importante, proprio dei santi: a Deliceto si ricordano con commozione le peregrinatio delle reliquie di S. Alfonso (1995) e [&hellip;]<\/p>\n","protected":false},"author":29,"featured_media":0,"comment_status":"open","ping_status":"open","sticky":false,"template":"","format":"standard","meta":[],"categories":[7],"tags":[],"_links":{"self":[{"href":"http:\/\/www.prolocodeliceto.it\/zeroweb\/index.php?rest_route=\/wp\/v2\/posts\/535"}],"collection":[{"href":"http:\/\/www.prolocodeliceto.it\/zeroweb\/index.php?rest_route=\/wp\/v2\/posts"}],"about":[{"href":"http:\/\/www.prolocodeliceto.it\/zeroweb\/index.php?rest_route=\/wp\/v2\/types\/post"}],"author":[{"embeddable":true,"href":"http:\/\/www.prolocodeliceto.it\/zeroweb\/index.php?rest_route=\/wp\/v2\/users\/29"}],"replies":[{"embeddable":true,"href":"http:\/\/www.prolocodeliceto.it\/zeroweb\/index.php?rest_route=%2Fwp%2Fv2%2Fcomments&post=535"}],"version-history":[{"count":0,"href":"http:\/\/www.prolocodeliceto.it\/zeroweb\/index.php?rest_route=\/wp\/v2\/posts\/535\/revisions"}],"wp:attachment":[{"href":"http:\/\/www.prolocodeliceto.it\/zeroweb\/index.php?rest_route=%2Fwp%2Fv2%2Fmedia&parent=535"}],"wp:term":[{"taxonomy":"category","embeddable":true,"href":"http:\/\/www.prolocodeliceto.it\/zeroweb\/index.php?rest_route=%2Fwp%2Fv2%2Fcategories&post=535"},{"taxonomy":"post_tag","embeddable":true,"href":"http:\/\/www.prolocodeliceto.it\/zeroweb\/index.php?rest_route=%2Fwp%2Fv2%2Ftags&post=535"}],"curies":[{"name":"wp","href":"https:\/\/api.w.org\/{rel}","templated":true}]}}