{"id":5284,"date":"2012-03-02T17:35:13","date_gmt":"2012-03-02T16:35:13","guid":{"rendered":"http:\/\/www.prolocodeliceto.it\/zeroweb\/?p=5284"},"modified":"2012-03-05T10:31:53","modified_gmt":"2012-03-05T09:31:53","slug":"aperte-le-iscrizioni-al-secondo-workshop-in-giornalismo-ambientale","status":"publish","type":"post","link":"http:\/\/www.prolocodeliceto.it\/zeroweb\/?p=5284","title":{"rendered":"Aperte le Iscrizioni al secondo Workshop in Giornalismo Ambientale"},"content":{"rendered":"<p><strong><a href=\"http:\/\/www.prolocodeliceto.it\/zeroweb\/wp-content\/uploads\/locandinaambiente.jpg\"><img decoding=\"async\" loading=\"lazy\" class=\"alignnone size-thumbnail wp-image-5285\" title=\"locandinaambiente\" src=\"http:\/\/www.prolocodeliceto.it\/zeroweb\/wp-content\/uploads\/locandinaambiente-150x150.jpg\" alt=\"\" width=\"150\" height=\"150\" \/><\/a>\u00a0\u00a0 <a href=\"http:\/\/www.prolocodeliceto.it\/zeroweb\/wp-content\/uploads\/modulo_iscrizione.pdf\">modulo_iscrizione<\/a>\u00a0\u00a0\u00a0\u00a0\u00a0\u00a0 \u00a0<a href=\"http:\/\/www.prolocodeliceto.it\/zeroweb\/wp-content\/uploads\/cs_workshop_giornalismo_ambientale.docx\">cs_workshop_giornalismo_ambientale<\/a><\/strong><\/p>\n<p><strong>COMUNICATO STAMPA<\/strong><\/p>\n<p><strong>\u00a0<\/strong><\/p>\n<p><strong>APERTE LE ISCRIZIONI AL SECONDO WORKSHOP IN GIORNALISMO E COMUNICAZIONE AMBIENTALE<\/strong><\/p>\n<p><strong><br \/>\n<\/strong><\/p>\n<p><em>Il pi\u00f9 piccolo paese del Parco Nazionale del Gargano ospiter\u00e0 il workshop in giornalismo ambientale, dopo la prima edizione che si \u00e8 tenuta a\u00a0<br \/>\n<\/em><\/p>\n<p><em>San Severo (FG) lo scorso anno.<\/em><\/p>\n<p><strong>\u00a0<\/strong><\/p>\n<p>Si terr\u00e0 a <strong>Rignano Garganico (FG)<\/strong>, nel <strong>Parco Nazionale del Gargano<\/strong>, dal <strong>23 marzo<\/strong> al <strong>1 aprile<\/strong>, la <strong>seconda edizione<\/strong> del workshop <strong>\u201cGiornalismo e Comunicazione Ambientale\u201d<\/strong>. Il corso \u00e8 organizzato e promosso dal giornalista ambientale <strong>Giorgio Ventricelli<\/strong> e prevedere dieci giorni di laboratori sulle <strong>tecniche di scrittura giornalistica<\/strong>, la <strong>fotografia ambientale<\/strong>, la<strong> ripresa e il montaggio video<\/strong> e <strong>cinque visite guidate<\/strong> sul Gargano e i Monti Dauni.<\/p>\n<p>Il corso \u00e8 rivolto a: giornalisti e addetti stampa, studenti universitari, liberi professionisti (avvocati, ingegneri, geologi, biologi, agronomi), geografi, fotografi, cineoperatori, forze di polizia, rappresentanti di associazioni non profit, dirigenti e impiegati pubblici, operatori di Laboratori e Centri di Educazione Ambientale, operatori delle aree protette e di siti storico-archeologici, insegnanti scuole di ogni ordine e grado, animatori culturali, guide ambientali e speleologiche.<\/p>\n<p>Il percorso formativo prevede dieci moduli<strong> <\/strong>e un approccio didattico che favorir\u00e0 la <strong>conoscenza<\/strong>, il <strong>dialogo<\/strong> e il <strong>confronto<\/strong>. Sar\u00e0 dato ampio spazio alle attivit\u00e0 pratiche di laboratorio, con il fine di realizzare reportage video e fotografici e uno speciale dedicato ai temi affrontati nel workshop. I <strong>moduli didattici<\/strong> sono: Comunicazione; Giornalismo; Leggi, regole e deontologia; Ufficio Stampa e Relazioni Pubbliche; La Comunicazione Ambientale Istituzionale; Geologia ambientale; Sistemi ambientali, Management e Comunicazione; ComunicAmbiente; Agricoltura biologica.<\/p>\n<p><em>\u201cIl <strong>giornalismo<\/strong> \u00e8 la professione di chi opera nel settore dell&#8217;informazione e svolge attivit\u00e0 di raccolta, selezione ed elaborazione delle notizie. L\u2019<strong>ambiente<\/strong> \u00e8 la cosa pi\u00f9 democratica che abbiamo: appartiene a tutti ed ognuno di noi \u00e8 parte integrante di essa<\/em> \u2013 dice <strong>Giorgio Ventricelli<\/strong>, direttore del workshop, che continua \u2013 <em>il <strong>giornalismo ambientale<\/strong> racconta l\u2019ambiente attraverso i fatti di cronaca, in modo trasversale, con immagini, parole e video. Il workshop si rivolge a coloro che per passione o lavoro vogliono intraprendere il mestiere del <strong>comunicatore ambientale<\/strong>, nuova professione sempre pi\u00f9 richiesta da aziende pubbliche e private\u201d.<\/em><\/p>\n<p><em><br \/>\n<\/em><\/p>\n<p>Il workshop vede il patrocinio e la preziosa collaborazione di: Provincia di Foggia, Comune di Rignano Garganico, Ente Parco Nazionale del Gargano, Ordine dei Giornalisti della Puglia, Legambiente Puglia, SIGEA Puglia, FAI delegazione di Foggia, Circolo Legambiente \u201cAndrea Pazienza\u201d San Severo, Pro Loco \u201cAntonio Aniceto\u201d Rignano Garganico, Pro Loco Deliceto, Pro Loco San Giovanni Rotondo, Centro Studi Paglicci, Amici della Laguna di Lesina-Centro Visite, Associazione Nazionale Vigili del Fuoco in Congedo-Protezione Civile Rignano Garganico.<\/p>\n<p>Media partner La Nuova Ecologia e Culttime. Partner tecnico JRSTUDIO di Roberto Moretto.<\/p>\n<p>Per informazioni e iscrizioni: 347.5667173 \u2013 <a href=\"mailto:workshopgiornalismoambientale@gmail.com\">workshopgiornalismoambientale@gmail.com<\/a><\/p>\n<p>&#8212;<br \/>\n<strong>Giorgio Ventricelli<\/strong><br \/>\n<em>giornalista ambientale, addetto stampa e comunicazione<\/em><\/p>\n<p>cell. 347.5667173<br \/>\nTwitter @Giorgioven<br \/>\nSkype giorgio.ventricelli<br \/>\n<a href=\"http:\/\/giorgioventricelli.wordpress.com\">http:\/\/giorgioventricelli.wordpress.com<\/a><\/p>\n","protected":false},"excerpt":{"rendered":"<p>\u00a0\u00a0 modulo_iscrizione\u00a0\u00a0\u00a0\u00a0\u00a0\u00a0 \u00a0cs_workshop_giornalismo_ambientale COMUNICATO STAMPA \u00a0 APERTE LE ISCRIZIONI AL SECONDO WORKSHOP IN GIORNALISMO E COMUNICAZIONE AMBIENTALE Il pi\u00f9 piccolo paese del Parco Nazionale del Gargano ospiter\u00e0 il workshop in giornalismo ambientale, dopo la prima edizione che si \u00e8 tenuta a\u00a0 San Severo (FG) lo scorso anno. \u00a0 Si terr\u00e0 a Rignano Garganico (FG), nel [&hellip;]<\/p>\n","protected":false},"author":29,"featured_media":0,"comment_status":"open","ping_status":"open","sticky":false,"template":"","format":"standard","meta":[],"categories":[7],"tags":[],"_links":{"self":[{"href":"http:\/\/www.prolocodeliceto.it\/zeroweb\/index.php?rest_route=\/wp\/v2\/posts\/5284"}],"collection":[{"href":"http:\/\/www.prolocodeliceto.it\/zeroweb\/index.php?rest_route=\/wp\/v2\/posts"}],"about":[{"href":"http:\/\/www.prolocodeliceto.it\/zeroweb\/index.php?rest_route=\/wp\/v2\/types\/post"}],"author":[{"embeddable":true,"href":"http:\/\/www.prolocodeliceto.it\/zeroweb\/index.php?rest_route=\/wp\/v2\/users\/29"}],"replies":[{"embeddable":true,"href":"http:\/\/www.prolocodeliceto.it\/zeroweb\/index.php?rest_route=%2Fwp%2Fv2%2Fcomments&post=5284"}],"version-history":[{"count":3,"href":"http:\/\/www.prolocodeliceto.it\/zeroweb\/index.php?rest_route=\/wp\/v2\/posts\/5284\/revisions"}],"predecessor-version":[{"id":5294,"href":"http:\/\/www.prolocodeliceto.it\/zeroweb\/index.php?rest_route=\/wp\/v2\/posts\/5284\/revisions\/5294"}],"wp:attachment":[{"href":"http:\/\/www.prolocodeliceto.it\/zeroweb\/index.php?rest_route=%2Fwp%2Fv2%2Fmedia&parent=5284"}],"wp:term":[{"taxonomy":"category","embeddable":true,"href":"http:\/\/www.prolocodeliceto.it\/zeroweb\/index.php?rest_route=%2Fwp%2Fv2%2Fcategories&post=5284"},{"taxonomy":"post_tag","embeddable":true,"href":"http:\/\/www.prolocodeliceto.it\/zeroweb\/index.php?rest_route=%2Fwp%2Fv2%2Ftags&post=5284"}],"curies":[{"name":"wp","href":"https:\/\/api.w.org\/{rel}","templated":true}]}}