{"id":5108,"date":"2012-02-16T11:31:26","date_gmt":"2012-02-16T10:31:26","guid":{"rendered":"http:\/\/www.prolocodeliceto.it\/zeroweb\/?p=5108"},"modified":"2012-02-25T11:20:31","modified_gmt":"2012-02-25T10:20:31","slug":"xxxiii-edizione-falo-di-s-mattia","status":"publish","type":"post","link":"http:\/\/www.prolocodeliceto.it\/zeroweb\/?p=5108","title":{"rendered":"XXXIII Edizione FALO&#8217; DI S. MATTIA"},"content":{"rendered":"<p><strong>FALO&#8217; DI S. MATTIA \u00a02012<\/strong><\/p>\n<p><strong>\u00a0<a href=\"http:\/\/www.prolocodeliceto.it\/zeroweb\/wp-content\/uploads\/fal\u00f2-2-class.1.jpg\"><img decoding=\"async\" loading=\"lazy\" class=\"alignnone size-thumbnail wp-image-5113\" title=\"fal\u00f2-2-class.\" src=\"http:\/\/www.prolocodeliceto.it\/zeroweb\/wp-content\/uploads\/fal\u00f2-2-class.1-150x150.jpg\" alt=\"\" width=\"150\" height=\"150\" \/><\/a>\u00a0\u00a0\u00a0 <a href=\"http:\/\/www.prolocodeliceto.it\/zeroweb\/wp-content\/uploads\/Falo-33-edizione.jpg\"><img decoding=\"async\" loading=\"lazy\" class=\"alignnone size-thumbnail wp-image-5132\" title=\"Falo-33-edizione\" src=\"http:\/\/www.prolocodeliceto.it\/zeroweb\/wp-content\/uploads\/Falo-33-edizione-150x150.jpg\" alt=\"\" width=\"150\" height=\"150\" \/><\/a><\/strong><\/p>\n<p><strong>(<span style=\"text-decoration: underline;\">per questioni logistiche posticipata al giorno 25<\/span>)<\/strong><\/p>\n<p><strong>\u00a0<\/strong><\/p>\n<p>Giunge quest\u2019anno alla trentatreesima edizione la manifestazione dei Fal\u00f2 di S. Mattia, evento che affonda le sue radici in arcaici riti del passato.<\/p>\n<p>Sin da tempo immemorabile l\u2019uomo celebra il fuoco, la luce che rischiara e riscalda le tenebre invernali. Con questa manifestazione Deliceto unisce il profano di un antico rito pagano alla sacralit\u00e0 della figura di S. Mattia apostolo.<\/p>\n<p>Il culto per S. Mattia, a Deliceto, affonda le sue radici molto indietro nel tempo e pu\u00f2 essere fatto risalire all\u2019epoca della dominazione normanna. Il Santo era invocato dal popolo per la protezione dagli attacchi saraceni.<\/p>\n<p>A testimonianza della devozione del paese \u00e8 ancora oggi possibile ammirare all\u2019interno della Chiesa del SS. Salvatore un reliquiario in forma di statua di S. Mattia e un dipinto intitolato \u201cMartirio di san Mattia apostolo\u201d situato su un altare di marmo bianco nel transetto di sinistra della chiesa.<\/p>\n<p>Poich\u00e9 tanto grande era l\u2019attaccamento per l\u2019apostolo, esso fu eletto patrono del paese.<\/p>\n<p>E da allora Deliceto celebra in suo onore solenni festeggiamenti ogni 24 di febbraio.<\/p>\n<p>Nei giorni che precedono questa data il paese si mobilita per la preparazione dell\u2019evento e grandi mucchi di legna vengono preparati in vari angoli del paese.<\/p>\n<p>Al tramontare del sole del 24, quando il buio cala sul paese, le strade iniziano a illuminarsi fiocamente di piccole luci che crescono gradualmente fino a rivelare enormi cataste di legna ardente: sono i fal\u00f2, i magnifici fiori di fuoco.<\/p>\n<p>La tradizione risale appunto all\u2019epoca delle incursioni saracene quando i cittadini, per ringraziare il santo dello scampato pericolo, accendevano enormi fal\u00f2 nei vari rioni del paese e festeggiamenti pagani si intrecciavano alla sentita celebrazione religiosa.<\/p>\n<p>Ancora oggi, passeggiando per le strade, per i rustici vicoli, mentre risuonano musiche del passato, riemerge, sempre attuale lo spirito di allora.<\/p>\n<p>Nel buio della sera i suggestivi giochi di luci e ombre riportano il paese a tempi lontani mentre nell\u2019aria si diffondono odori che sanno di antico, che evocano sapori di una tradizione sempre viva e mai dimenticata. E il tempo sembra essersi fermato.<\/p>\n<p>L\u2019impegno perch\u00e9 l\u2019essenza di questa manifestazione non vada persa \u00e8 costantemente sentito dal paese e anche quest\u2019anno, come negli anni passati, la Pro-Loco di Deliceto \u00e8 attivamente impegnata, assieme al Comune, in questo senso..<\/p>\n<p><strong>Programma<\/strong>: ore 19,00 benedizione e inizio accensione dei fal\u00f2, a seguire, nei vari rioni, degustazione prodotti gastronomici, animazione, tanta musica e premiazione fal\u00f2 pi\u00f9 belli.<\/p>\n<p>O<strong>SPITE E MADRINA DELLA MANIFESTAZIONE LA PRINCIPESSA AMELIA IZZO D&#8217;ARAGONA.<\/strong><\/p>\n<p><strong>\u00a0<em>IN OCCASIONE DELLA MANIFESTAZIONE, \u00a0UNA FOLTA DELEGAZIONE DI RIGNANO GARGANICO RICAMBIERA&#8217; LA VISITA ALLA COMUNITA&#8217; DELICETANA- (per il gemellaggio effettuato in occasione del Presepe Vivente)<\/em><\/strong><\/p>\n<p><strong>\u00a0<\/strong><\/p>\n<p><strong>\u00a0<\/strong><\/p>\n<p><strong><em>Iscrizioni e Regolamento<\/em><\/strong><\/p>\n<p><strong>\u00a0<\/strong><\/p>\n<p><strong>Per partecipare alla manifestazione, bisogna dare la propria adesione entro e non oltre <em><span style=\"text-decoration: underline;\">gioved\u00ec 23 febbraio 2012<\/span><\/em>, presso la sede della Pro-Loco\u00a0 <\/strong><\/p>\n<p><strong>In C.so R. margherita 57, tutti i giorni\u00a0 dalle 17,00 alle 21,00;<\/strong><\/p>\n<ol>\n<li><strong>1.\u00a0\u00a0\u00a0\u00a0 <\/strong><strong>Per ogni fal\u00f2 partecipante dovr\u00e0 esserci un responsabile maggiorenne, che<\/strong><\/li>\n<\/ol>\n<p><strong>Avr\u00e0 cura di non provocare danni a persone e\/o\u00a0 cose e si impegner\u00e0 a\u00a0\u00a0\u00a0\u00a0\u00a0\u00a0\u00a0\u00a0\u00a0\u00a0 <\/strong><\/p>\n<p><strong>\u00a0\u00a0\u00a0\u00a0 Rimuovere eventuali focolai al termine della manifestazione;<\/strong><\/p>\n<ol>\n<li><strong>2.\u00a0\u00a0\u00a0\u00a0 <\/strong><strong>Ogni responsabile dovr\u00e0 comunicare il punto di accensione e il luogo di <\/strong><\/li>\n<\/ol>\n<p><strong>Svolgimento del proprio fal\u00f2;<\/strong><\/p>\n<ol>\n<li><strong>3.\u00a0\u00a0\u00a0\u00a0 <\/strong><strong>L\u2019accensione dovr\u00e0 avvenire non prima delle ore 18,30, condizioni climatiche permettendo (dopo l\u2019arrivo della commissione giudicatrice e la benedizione del fal\u00f2 da parte di un sacerdote).<\/strong><\/li>\n<li><strong>4.\u00a0\u00a0\u00a0\u00a0 <\/strong><strong>E\u2019 obbligatorio cospargere di sabbia o terra bagnata la pavimentazione \u00a0n<\/strong><strong>el Luogo di accensione del fal\u00f2;<\/strong><\/li>\n<li><strong>5.\u00a0\u00a0\u00a0\u00a0 <\/strong><strong>La Pro-Loco e il Comune di Deliceto declinano ogni responsabilit\u00e0 per<\/strong><strong>\u00a0 eventuali danni;<\/strong><\/li>\n<li><strong>6.\u00a0\u00a0\u00a0\u00a0 <\/strong><strong>Per ogni fal\u00f2 iscritto il Comune di Deliceto elargir\u00e0 un contributo, in p<\/strong><strong>rodotti Gastronomici;<\/strong><\/li>\n<li><strong>7.\u00a0\u00a0\u00a0\u00a0 <\/strong><strong>La Pro-Loco, inoltre, ai primi tre Fal\u00f2, che avranno meglio interpretato l<\/strong><strong>\u2019aspetto storico, folkloristico e culturale, consegner\u00e0 una particolare <\/strong><strong>Targa ricordo.<\/strong><\/li>\n<\/ol>\n","protected":false},"excerpt":{"rendered":"<p>FALO&#8217; DI S. MATTIA \u00a02012 \u00a0\u00a0\u00a0\u00a0 (per questioni logistiche posticipata al giorno 25) \u00a0 Giunge quest\u2019anno alla trentatreesima edizione la manifestazione dei Fal\u00f2 di S. Mattia, evento che affonda le sue radici in arcaici riti del passato. Sin da tempo immemorabile l\u2019uomo celebra il fuoco, la luce che rischiara e riscalda le tenebre invernali. Con [&hellip;]<\/p>\n","protected":false},"author":29,"featured_media":0,"comment_status":"open","ping_status":"open","sticky":false,"template":"","format":"standard","meta":[],"categories":[7],"tags":[],"_links":{"self":[{"href":"http:\/\/www.prolocodeliceto.it\/zeroweb\/index.php?rest_route=\/wp\/v2\/posts\/5108"}],"collection":[{"href":"http:\/\/www.prolocodeliceto.it\/zeroweb\/index.php?rest_route=\/wp\/v2\/posts"}],"about":[{"href":"http:\/\/www.prolocodeliceto.it\/zeroweb\/index.php?rest_route=\/wp\/v2\/types\/post"}],"author":[{"embeddable":true,"href":"http:\/\/www.prolocodeliceto.it\/zeroweb\/index.php?rest_route=\/wp\/v2\/users\/29"}],"replies":[{"embeddable":true,"href":"http:\/\/www.prolocodeliceto.it\/zeroweb\/index.php?rest_route=%2Fwp%2Fv2%2Fcomments&post=5108"}],"version-history":[{"count":9,"href":"http:\/\/www.prolocodeliceto.it\/zeroweb\/index.php?rest_route=\/wp\/v2\/posts\/5108\/revisions"}],"predecessor-version":[{"id":5111,"href":"http:\/\/www.prolocodeliceto.it\/zeroweb\/index.php?rest_route=\/wp\/v2\/posts\/5108\/revisions\/5111"}],"wp:attachment":[{"href":"http:\/\/www.prolocodeliceto.it\/zeroweb\/index.php?rest_route=%2Fwp%2Fv2%2Fmedia&parent=5108"}],"wp:term":[{"taxonomy":"category","embeddable":true,"href":"http:\/\/www.prolocodeliceto.it\/zeroweb\/index.php?rest_route=%2Fwp%2Fv2%2Fcategories&post=5108"},{"taxonomy":"post_tag","embeddable":true,"href":"http:\/\/www.prolocodeliceto.it\/zeroweb\/index.php?rest_route=%2Fwp%2Fv2%2Ftags&post=5108"}],"curies":[{"name":"wp","href":"https:\/\/api.w.org\/{rel}","templated":true}]}}