{"id":4779,"date":"2011-12-25T19:59:30","date_gmt":"2011-12-25T18:59:30","guid":{"rendered":"http:\/\/www.prolocodeliceto.it\/zeroweb\/?p=4779"},"modified":"2011-12-27T20:01:44","modified_gmt":"2011-12-27T19:01:44","slug":"comunicato-stampa-45","status":"publish","type":"post","link":"http:\/\/www.prolocodeliceto.it\/zeroweb\/?p=4779","title":{"rendered":"COMUNICATO STAMPA"},"content":{"rendered":"<p><strong><span style=\"text-decoration: underline;\">COMUNICATO STAMPA<\/span><\/strong><\/p>\n<p><strong>Una giornata per dire che il futuro \u201cci sta a cuore\u201d<\/strong><\/p>\n<p><em>Gioved\u00ec 29 Dicembre, a Troja, c\u2019\u00e8 I CARE \u2013 Giornata dell\u2019impegno civile e sociale. <\/em><\/p>\n<p><em>\u00a0<\/em><\/p>\n<p><em>Centinaia di giovani cambiano il volto della citt\u00e0 tra dibattiti, installazioni artistiche,<br \/>\nmostre fotografiche, sport, teatro, \u00a0flash mob e il concerto \u201cVoci di Libert\u00e0\u201d<\/em><\/p>\n<p>\u00a0\u00a0\u00a0\u00a0\u00a0\u00a0\u00a0\u00a0\u00a0\u00a0\u00a0\u00a0\u00a0\u00a0\u00a0 TROJA &#8211; E\u2019 diventato ormai un motto familiare, un segno di identit\u00e0 di una cittadina che non vuole cedere alla fiacchezza, un invito a scuotere le coscienze: \u201cI Care\u201d. Dalla scuola di Barbiana alla piccola cittadina di Troja il contesto \u00e8 diverso ma lo spirito \u00e8 lo stesso, non \u00e8 pi\u00f9 Don Lorenzo Milani a scriverlo su una parete ma un gruppo immenso di giovani e meno giovani a scriverlo con la loro testimonianza nel cuore di ognuno. \u00a0Questa \u00e8 \u201cI Care \u2013 Giornata dell\u2019impegno civile e sociale\u201d la cui seconda edizione si terr\u00e0 gioved\u00ec 29 dicembre a Troja.\u00a0<\/p>\n<p>L\u2019iniziativa, nata l\u2019anno scorso, dopo il terribile incidente stradale che ha tolto la vita a due giovani pieni di passione, Mario Beccia e Angelo Ricchetti, si riconferma quest\u2019anno nel suo spirito originario: quello di cercare un senso alle proprie esistenze attraverso il riconoscimento dell\u2019importanza dell\u2019impegno civile e sociale. \u201cI Care\u201d significa anche \u201cprendersi cura\u201d, cos\u00ec come ci si prende cura di una propria creatura: la manifestazione vuole suggerire che il mondo in cui viviamo \u00e8 in fondo una nostra creatura e che si pu\u00f2 plasmarlo nel modo giusto solo attraverso una profonda dedizione.<\/p>\n<p>Questo \u00e8 il messaggio trasmesso dalle decine di associazioni coinvolte nell\u2019iniziativa che, in diverse forme, daranno la loro testimonianza di impegno. A partire dalle 10 del mattino fino a tarda sera si alterneranno performance artistiche, raccolte firme per campagne sul rispetto dei diritti umani, installazioni fotografiche, proiezioni di documentari su temi umanitari, iniziative sportive, campagne di sensibilizzazione attraverso stand in piazza e poi sketch teatrali, flash mob, giocoleria, musica e tanto altro.<\/p>\n<p>Un\u2019intera citt\u00e0 si fermer\u00e0 per riflettere e per ricordare, con l\u2019impegno di rinnovare anno dopo anno il monito che i due ragazzi morti l\u2019anno scorso ci hanno lasciato in eredit\u00e0: quello di vivere la vita intensamente partecipando attivamente al miglioramento\u00a0 della propria comunit\u00e0 che, dalla piccola cittadina si espande fino a raggiungere i confini del mondo intero, inteso come casa comune di tutti noi.<\/p>\n<p>Il programma completo \u00e8 su <a href=\"http:\/\/www.icareday.it\/\">www.icareday.it<\/a><\/p>\n<p>Le associazioni promotrici<\/p>\n<p><strong><em>\u00a0<\/em><\/strong><\/p>\n","protected":false},"excerpt":{"rendered":"<p>COMUNICATO STAMPA Una giornata per dire che il futuro \u201cci sta a cuore\u201d Gioved\u00ec 29 Dicembre, a Troja, c\u2019\u00e8 I CARE \u2013 Giornata dell\u2019impegno civile e sociale. \u00a0 Centinaia di giovani cambiano il volto della citt\u00e0 tra dibattiti, installazioni artistiche, mostre fotografiche, sport, teatro, \u00a0flash mob e il concerto \u201cVoci di Libert\u00e0\u201d \u00a0\u00a0\u00a0\u00a0\u00a0\u00a0\u00a0\u00a0\u00a0\u00a0\u00a0\u00a0\u00a0\u00a0\u00a0 TROJA &#8211; [&hellip;]<\/p>\n","protected":false},"author":29,"featured_media":0,"comment_status":"open","ping_status":"open","sticky":false,"template":"","format":"standard","meta":[],"categories":[7],"tags":[],"_links":{"self":[{"href":"http:\/\/www.prolocodeliceto.it\/zeroweb\/index.php?rest_route=\/wp\/v2\/posts\/4779"}],"collection":[{"href":"http:\/\/www.prolocodeliceto.it\/zeroweb\/index.php?rest_route=\/wp\/v2\/posts"}],"about":[{"href":"http:\/\/www.prolocodeliceto.it\/zeroweb\/index.php?rest_route=\/wp\/v2\/types\/post"}],"author":[{"embeddable":true,"href":"http:\/\/www.prolocodeliceto.it\/zeroweb\/index.php?rest_route=\/wp\/v2\/users\/29"}],"replies":[{"embeddable":true,"href":"http:\/\/www.prolocodeliceto.it\/zeroweb\/index.php?rest_route=%2Fwp%2Fv2%2Fcomments&post=4779"}],"version-history":[{"count":2,"href":"http:\/\/www.prolocodeliceto.it\/zeroweb\/index.php?rest_route=\/wp\/v2\/posts\/4779\/revisions"}],"predecessor-version":[{"id":4781,"href":"http:\/\/www.prolocodeliceto.it\/zeroweb\/index.php?rest_route=\/wp\/v2\/posts\/4779\/revisions\/4781"}],"wp:attachment":[{"href":"http:\/\/www.prolocodeliceto.it\/zeroweb\/index.php?rest_route=%2Fwp%2Fv2%2Fmedia&parent=4779"}],"wp:term":[{"taxonomy":"category","embeddable":true,"href":"http:\/\/www.prolocodeliceto.it\/zeroweb\/index.php?rest_route=%2Fwp%2Fv2%2Fcategories&post=4779"},{"taxonomy":"post_tag","embeddable":true,"href":"http:\/\/www.prolocodeliceto.it\/zeroweb\/index.php?rest_route=%2Fwp%2Fv2%2Ftags&post=4779"}],"curies":[{"name":"wp","href":"https:\/\/api.w.org\/{rel}","templated":true}]}}