{"id":4771,"date":"2011-12-26T23:13:51","date_gmt":"2011-12-26T22:13:51","guid":{"rendered":"http:\/\/www.prolocodeliceto.it\/zeroweb\/?p=4771"},"modified":"2011-12-30T15:21:35","modified_gmt":"2011-12-30T14:21:35","slug":"migliaia-di-visitatori-al-presepe-vivente-di-deliceto","status":"publish","type":"post","link":"http:\/\/www.prolocodeliceto.it\/zeroweb\/?p=4771","title":{"rendered":"MIGLIAIA DI VISITATORI AL PRESEPE VIVENTE DI DELICETO"},"content":{"rendered":"<p><a href=\"http:\/\/www.prolocodeliceto.it\/zeroweb\/wp-content\/uploads\/presepe-2011.jpg\"><img decoding=\"async\" loading=\"lazy\" class=\"alignnone size-thumbnail wp-image-4770\" title=\"presepe 2011\" src=\"http:\/\/www.prolocodeliceto.it\/zeroweb\/wp-content\/uploads\/presepe-2011-150x150.jpg\" alt=\"\" width=\"150\" height=\"150\" \/><\/a>\u00a0 26 Dicembre 2011 XXV Edizione del Presepe Vivente<\/p>\n<p>In un ambiente scenografico da &#8220;mille e una notte&#8221;, tra sotterranei, grotte, scuderie e angoli caratteristici, si \u00e8 snodato il lungo percorso del Presepe Vivente di Deliceto, il pi\u00f9 longevo della Provincia di Foggia. Pi\u00f9 di venti scene, con cestai, scalpellini, intagliatori, artigiani e angoli contadini, \u00a0animati dal suono delle zampogne che portavano alla grotta della Nativit\u00e0, dove Maria Giuseppe e un bellissimo Bambinello, tra angioletti, pastori e l&#8217;immancabile bue e asinello hanno evidenziato un angolo sconosciuto del Castello Normanno Svevo di Deliceto: una grotta naturale di ammirevole bellezza, con tanto di rocce striate. Migliaia di visitatori si sono accalcati sin dal\u00a0primo \u00a0pomeriggio fino a notte, \u00a0per non perdere questo bellissimo spettacolo. L&#8217;edizione di quest&#8217;anno \u00e8 stata multietnica, con scene del Natale della Comunit\u00e0 Bulgara, che hanno sfoggiato costumi con musiche e dolci della propria tradizione. Presente anche una rappresentanza Marocchina con costumi e dolci\u00a0tipici. Un grazie alla Pro Loco Deliceto per l&#8217;ottima organizzazione e un grazie all&#8217;Amministrazione Comunale per la collaborazione \u00a0e, a tutte le associazioni: Ekoclub, Orafolk, Gruppo Skaria, Protezione Civile, nonch\u00e8 tutti i personaggi che hanno dato vita a questa manifestazione simbolo del natale. L&#8217;appuntamento \u00e8 da non perdere, per il 6 gennaio, \u00a0con l&#8217;arrivo dei Magi e ad altre sorprese. Vi aspettiamo.<\/p>\n","protected":false},"excerpt":{"rendered":"<p>\u00a0 26 Dicembre 2011 XXV Edizione del Presepe Vivente In un ambiente scenografico da &#8220;mille e una notte&#8221;, tra sotterranei, grotte, scuderie e angoli caratteristici, si \u00e8 snodato il lungo percorso del Presepe Vivente di Deliceto, il pi\u00f9 longevo della Provincia di Foggia. Pi\u00f9 di venti scene, con cestai, scalpellini, intagliatori, artigiani e angoli contadini, [&hellip;]<\/p>\n","protected":false},"author":29,"featured_media":0,"comment_status":"open","ping_status":"open","sticky":false,"template":"","format":"standard","meta":[],"categories":[7],"tags":[],"_links":{"self":[{"href":"http:\/\/www.prolocodeliceto.it\/zeroweb\/index.php?rest_route=\/wp\/v2\/posts\/4771"}],"collection":[{"href":"http:\/\/www.prolocodeliceto.it\/zeroweb\/index.php?rest_route=\/wp\/v2\/posts"}],"about":[{"href":"http:\/\/www.prolocodeliceto.it\/zeroweb\/index.php?rest_route=\/wp\/v2\/types\/post"}],"author":[{"embeddable":true,"href":"http:\/\/www.prolocodeliceto.it\/zeroweb\/index.php?rest_route=\/wp\/v2\/users\/29"}],"replies":[{"embeddable":true,"href":"http:\/\/www.prolocodeliceto.it\/zeroweb\/index.php?rest_route=%2Fwp%2Fv2%2Fcomments&post=4771"}],"version-history":[{"count":6,"href":"http:\/\/www.prolocodeliceto.it\/zeroweb\/index.php?rest_route=\/wp\/v2\/posts\/4771\/revisions"}],"predecessor-version":[{"id":4798,"href":"http:\/\/www.prolocodeliceto.it\/zeroweb\/index.php?rest_route=\/wp\/v2\/posts\/4771\/revisions\/4798"}],"wp:attachment":[{"href":"http:\/\/www.prolocodeliceto.it\/zeroweb\/index.php?rest_route=%2Fwp%2Fv2%2Fmedia&parent=4771"}],"wp:term":[{"taxonomy":"category","embeddable":true,"href":"http:\/\/www.prolocodeliceto.it\/zeroweb\/index.php?rest_route=%2Fwp%2Fv2%2Fcategories&post=4771"},{"taxonomy":"post_tag","embeddable":true,"href":"http:\/\/www.prolocodeliceto.it\/zeroweb\/index.php?rest_route=%2Fwp%2Fv2%2Ftags&post=4771"}],"curies":[{"name":"wp","href":"https:\/\/api.w.org\/{rel}","templated":true}]}}