{"id":4710,"date":"2011-12-17T20:26:59","date_gmt":"2011-12-17T19:26:59","guid":{"rendered":"http:\/\/www.prolocodeliceto.it\/zeroweb\/?p=4710"},"modified":"2011-12-17T20:26:59","modified_gmt":"2011-12-17T19:26:59","slug":"centro-energetico-dimostrativo-di-presentazione","status":"publish","type":"post","link":"http:\/\/www.prolocodeliceto.it\/zeroweb\/?p=4710","title":{"rendered":"Centro Energetico Dimostrativo di Presentazione"},"content":{"rendered":"<p>Sala Giunta, Provincia di Foggia Luned\u00ec 19 Dicembre 2011, ore 17.00 (con preghiera della pi\u00f9 ampia diffusione)<\/p>\n<p>C.E.D.E.<\/p>\n<p>Centro Energetico Dimostrativo ed Educativo<\/p>\n<p>CONFERENZA STAMPA DI PRESENTAZIONE<\/p>\n<p>Si terr\u00e0 Luned\u00ec 19 Dicembre alle ore 17.00, presso la sala Giunta della Provincia di Foggia (Piazza XX Settembre) la conferenza stampa di presentazione del C.E.D.E. (Centro Energetico Dimostrativo ed Educativo).<\/p>\n<p>Il C.E.D.E. nasce dall\u2019idea di un intervento di recupero e restyling di un fabbricato presente nell\u2019area industriale di Foggia, dalla collaborazione fra Universit\u00e0 degli Studi di Foggia, i Laboratori Bonassisa, AFORIS Impresa Sociale ed un primo gruppo qualificato di partner industriali (Tekna, Tozzi Renewable Energy, M.Energy, A.D.T.M.).<\/p>\n<p>Il C.E.D.E, candidato nel\u2019ambito del Bando Regionale \u201cCarbon Tax\u201d (contenimento di gas serra, in attuazione del protocollo di Kyoto), \u00e8 uno spazio espositivo, informativo, formativo ed educativo sulle fonti energetiche rinnovabili &#8211; F.E.R. (generatori eolici, pannelli fotovoltaici e termici, solar cooling, biomasse) nonch\u00e9 polo d\u2019eccellenza territoriale, in campo energetico per l\u2019innovazione tecnico-scientifica attraverso attivit\u00e0 di sperimentazione, valutazione e collaudo.<\/p>\n<p>Alla conferenza stampa, presieduta dal prof. Pasquale Pazienza, Assessore alle Politiche energetiche della Provincia di Foggia, parteciperanno il Rettore dell\u2019Universit\u00e0 degli Studi di Foggia, Prof. Giuliano Volpe, il Delegato alle Politiche Ambientali, il prof. Massimo Monteleone, Il Direttore di \u00a0BLab Srl, dott. Leonardo Boschetti ed il Direttore Generale di AFORIS Impresa Sociale prof. Gian Maria Gasperi.<\/p>\n<p>Interverranno, oltre ai gi\u00e0 citati partner industriali, i rappresentanti di Confindustria Foggia, Associazione Nazionale Produttori Energie Rinnovabili (APER), Associazione Nazionale Energia del Vento (ANEV) e del Distretto Produttivo Pugliese \u201cLa Nuova Energia\u201d, del Distretto Produttivo Pugliese dell\u2019Ambiente e del Riutilizzo (DIPAR) e del Distretto Produttivo dell\u2019Edilizia Sostenibile (DES), che sostengono il progetto.<\/p>\n<p>Per inderogabili esigenze della sede istituzionale la partecipazione \u00e8 consentita solo previa segnalazione a:<\/p>\n<table border=\"0\" cellspacing=\"0\" cellpadding=\"0\">\n<tbody>\n<tr>\n<td width=\"319\" valign=\"top\">UNVERSITA\u2019 DEGLI STUDI DI FOGGIA<\/td>\n<td width=\"338\" valign=\"top\">AFORIS IMPRESA SOCIALE<\/td>\n<\/tr>\n<tr>\n<td width=\"319\" valign=\"top\">Ufficio Ricerca<\/p>\n<p>Dott. Giovanni Lovallo<\/p>\n<p>g.lovallo@unifg.it<\/p>\n<p>0881\/338498 begin_of_the_skype_highlighting\u00a0\u00a0\u00a0\u00a0\u00a0\u00a0\u00a0\u00a0\u00a0\u00a0\u00a0\u00a00881\/338498<!--sp-->\u00a0\u00a0\u00a0\u00a0\u00a0\u00a0end_of_the_skype_highlighting \u00a0<\/td>\n<td width=\"338\" valign=\"top\">Settore Consulenza<\/p>\n<p>Dott.ssa Rosita Bortone<\/p>\n<p>rosita.bortone@aforis.it<\/p>\n<p>0881\/633019 begin_of_the_skype_highlighting\u00a0\u00a0\u00a0\u00a0\u00a0\u00a0\u00a0\u00a0\u00a0\u00a0\u00a0\u00a00881\/633019\u00a0\u00a0\u00a0\u00a0\u00a0\u00a0end_of_the_skype_highlighting<\/td>\n<\/tr>\n<\/tbody>\n<\/table>\n","protected":false},"excerpt":{"rendered":"<p>Sala Giunta, Provincia di Foggia Luned\u00ec 19 Dicembre 2011, ore 17.00 (con preghiera della pi\u00f9 ampia diffusione) C.E.D.E. Centro Energetico Dimostrativo ed Educativo CONFERENZA STAMPA DI PRESENTAZIONE Si terr\u00e0 Luned\u00ec 19 Dicembre alle ore 17.00, presso la sala Giunta della Provincia di Foggia (Piazza XX Settembre) la conferenza stampa di presentazione del C.E.D.E. (Centro Energetico [&hellip;]<\/p>\n","protected":false},"author":29,"featured_media":0,"comment_status":"open","ping_status":"open","sticky":false,"template":"","format":"standard","meta":[],"categories":[7],"tags":[],"_links":{"self":[{"href":"http:\/\/www.prolocodeliceto.it\/zeroweb\/index.php?rest_route=\/wp\/v2\/posts\/4710"}],"collection":[{"href":"http:\/\/www.prolocodeliceto.it\/zeroweb\/index.php?rest_route=\/wp\/v2\/posts"}],"about":[{"href":"http:\/\/www.prolocodeliceto.it\/zeroweb\/index.php?rest_route=\/wp\/v2\/types\/post"}],"author":[{"embeddable":true,"href":"http:\/\/www.prolocodeliceto.it\/zeroweb\/index.php?rest_route=\/wp\/v2\/users\/29"}],"replies":[{"embeddable":true,"href":"http:\/\/www.prolocodeliceto.it\/zeroweb\/index.php?rest_route=%2Fwp%2Fv2%2Fcomments&post=4710"}],"version-history":[{"count":1,"href":"http:\/\/www.prolocodeliceto.it\/zeroweb\/index.php?rest_route=\/wp\/v2\/posts\/4710\/revisions"}],"predecessor-version":[{"id":4711,"href":"http:\/\/www.prolocodeliceto.it\/zeroweb\/index.php?rest_route=\/wp\/v2\/posts\/4710\/revisions\/4711"}],"wp:attachment":[{"href":"http:\/\/www.prolocodeliceto.it\/zeroweb\/index.php?rest_route=%2Fwp%2Fv2%2Fmedia&parent=4710"}],"wp:term":[{"taxonomy":"category","embeddable":true,"href":"http:\/\/www.prolocodeliceto.it\/zeroweb\/index.php?rest_route=%2Fwp%2Fv2%2Fcategories&post=4710"},{"taxonomy":"post_tag","embeddable":true,"href":"http:\/\/www.prolocodeliceto.it\/zeroweb\/index.php?rest_route=%2Fwp%2Fv2%2Ftags&post=4710"}],"curies":[{"name":"wp","href":"https:\/\/api.w.org\/{rel}","templated":true}]}}