{"id":4692,"date":"2011-12-16T11:13:40","date_gmt":"2011-12-16T10:13:40","guid":{"rendered":"http:\/\/www.prolocodeliceto.it\/zeroweb\/?p=4692"},"modified":"2011-12-16T11:13:40","modified_gmt":"2011-12-16T10:13:40","slug":"al-via-il-lubjan-apulia-tour","status":"publish","type":"post","link":"http:\/\/www.prolocodeliceto.it\/zeroweb\/?p=4692","title":{"rendered":"AL VIA IL LUBJAN APULIA TOUR&#8230;"},"content":{"rendered":"<p><strong>COMUNICATO STAMPA <\/strong><\/p>\n<p><strong>\u00a0<a href=\"http:\/\/www.prolocodeliceto.it\/zeroweb\/wp-content\/uploads\/IMG_1649.jpg\"><img decoding=\"async\" loading=\"lazy\" class=\"alignnone size-thumbnail wp-image-4691\" title=\"IMG_1649\" src=\"http:\/\/www.prolocodeliceto.it\/zeroweb\/wp-content\/uploads\/IMG_1649-150x150.jpg\" alt=\"\" width=\"150\" height=\"150\" \/><\/a><\/strong><\/p>\n<p><strong>AL VIA IL LUBJAN APULIA TOUR AL GLAM CAFFE&#8217; DI LESINA<\/strong><\/p>\n<p><em>Dopo l&#8217;esibizione dell&#8217;artista di Padova ci sar\u00e0 una libera jam session di musicisti locali<br \/>\n<\/em><\/p>\n<p>Prender\u00e0 il via oggi, alle <strong>ore 21.30<\/strong>, presso il <strong>Glam Caff\u00e8 <\/strong>di<strong> Lesina <\/strong>(corso Vittorio Emanuele, 43) il <strong>L<\/strong><strong>ubjan Apulia Tour<\/strong>, organizzato dal giornalista <strong>Giorgio Ventricelli<\/strong>, che vedr\u00e0 protagonista <strong>Giovanna Lubjan<\/strong>, apprezzata cantante del circuito indie rock.<\/p>\n<p>Il mini tour continuer\u00e0\u00a0<strong>sabato 17 dicembre<\/strong> \u2013 <strong>ore 22.30<\/strong> \u2013 \u00a0al <strong>Drengot\u2019s Pub \u2013 Wine Bar<\/strong> (via Castello,25) di <strong>Monte Sant\u2019Angelo<\/strong> \u2013 citt\u00e0 patrimonio Unesco (<a href=\"http:\/\/www.drengots.it\/\">www.drengots.it<\/a>), e si concluder\u00e0 <strong>domenica 18 dicembre<\/strong> \u2013 <strong>ore 19.00<\/strong> \u2013 in occasione dell\u2019inaugurazione della nuova sede dell\u2019Associazione San Rocco-Rignano Garganico, nella <strong>Chiesa di San Rocco<\/strong> (piazza San Rocco) del pi\u00f9 piccolo paese del Parco Nazionale del Gargano.<\/p>\n<p>\u00a0 Autrice e compositrice, Lubjan dimostra con canzoni delicate, profonde, intense, intime ed accattivanti di aver incorporato influenze tra le pi\u00f9 diverse della musica contemporanea, ma di averne estrapolato il filo rosso che conduce l\u2019attualit\u00e0 alle radici della musica pop pi\u00f9 raffinata e capace di esprimere sensazioni vere, poetiche, nelle quali identificarsi.<\/p>\n<p>Nel 2002, l\u2019artista veneta \u00e8 stata protagonista di un progetto <em>chill out<\/em> dei Montuno Bay, con Paolo Andriolo (Pitura freska) e Gianluca Ballarin (Elisa). Nel 2005, esce il suo primo album <strong>One\/Uno<\/strong>, prodotto da Davey Ray Moor (produttore di Cristina Don\u00e0) che la considera <em>\u201cuna delle pi\u00f9 belle voci ascoltate negli ultimi anni nel panorama pop internazionale\u201d<\/em>, distribuito con l\u2019etichetta Faier Entertainment di Davide Sapienza. Nel 2009, esce il secondo album <strong>Monday Night<\/strong>, realizzato dal produttore di San Francisco, Enrique Gonzalez Muller, che ha collaborato come produttore artistico anche con: Nine Inch Nails, Dave Matthews Band, Elisa, L\u2019Aura.<\/p>\n<p>Per tre anni consecutivi \u00e8 stata finalista al concorso Vocidomani Pescara vincendo il <strong>premio Kiss Kiss Network<\/strong> e il <strong>premio All Music come miglior finalista<\/strong>, mentre nel 2007 ha vinto il <strong>City Music Lab<\/strong>, ottenendo il <strong>Premio della Giuria<\/strong>, composta da rappresentanti di Warner Music Italy, Radio Rai 1 e Radio Subasio, imponendosi su 850 iscritti.<\/p>\n<p>Numerose sono le collaborazioni con altri musicisti, tra cui: <strong>L&#8217;Aura<\/strong> (di cui \u00e8 stata anche chitarrista e seconda voce), <strong>Niccol\u00f2 Fabi<\/strong>, <strong>Modena City Ramblers<\/strong>, <strong>Cristina Don\u00e0<\/strong>, <strong>Marta sui Tubi<\/strong>, <strong>Moltheni<\/strong>, <strong>Miura<\/strong> e <strong>Marian Trapassi<\/strong>.<\/p>\n<p>Inoltre, ha realizzato un cd di inediti \u2013 <strong>Zerowatt<\/strong> \u2013 per un\u2019operazione di co-marketing con la prestigiosa azienda <strong>CandyGroup<\/strong>, e il suo brano <strong>Back to a time<\/strong> \u00e9 stato scelto dalla <strong>Daihatsu<\/strong>, nota marca di automobili, per lanciare la <strong>Daihatsu Cuore<\/strong>.<\/p>\n<p>Per informazioni:<\/p>\n<p><strong>Giorgio Ventricelli<\/strong> <strong><\/strong><a href=\"tel:347.5667173\">347.5667173<\/a> twitter @giorgioven <a href=\"http:\/\/myspace.com\/giorgio_ventricelli\">myspace.com\/giorgio_ventricelli<\/a><\/p>\n","protected":false},"excerpt":{"rendered":"<p>COMUNICATO STAMPA \u00a0 AL VIA IL LUBJAN APULIA TOUR AL GLAM CAFFE&#8217; DI LESINA Dopo l&#8217;esibizione dell&#8217;artista di Padova ci sar\u00e0 una libera jam session di musicisti locali Prender\u00e0 il via oggi, alle ore 21.30, presso il Glam Caff\u00e8 di Lesina (corso Vittorio Emanuele, 43) il Lubjan Apulia Tour, organizzato dal giornalista Giorgio Ventricelli, che [&hellip;]<\/p>\n","protected":false},"author":29,"featured_media":0,"comment_status":"open","ping_status":"open","sticky":false,"template":"","format":"standard","meta":[],"categories":[7],"tags":[],"_links":{"self":[{"href":"http:\/\/www.prolocodeliceto.it\/zeroweb\/index.php?rest_route=\/wp\/v2\/posts\/4692"}],"collection":[{"href":"http:\/\/www.prolocodeliceto.it\/zeroweb\/index.php?rest_route=\/wp\/v2\/posts"}],"about":[{"href":"http:\/\/www.prolocodeliceto.it\/zeroweb\/index.php?rest_route=\/wp\/v2\/types\/post"}],"author":[{"embeddable":true,"href":"http:\/\/www.prolocodeliceto.it\/zeroweb\/index.php?rest_route=\/wp\/v2\/users\/29"}],"replies":[{"embeddable":true,"href":"http:\/\/www.prolocodeliceto.it\/zeroweb\/index.php?rest_route=%2Fwp%2Fv2%2Fcomments&post=4692"}],"version-history":[{"count":1,"href":"http:\/\/www.prolocodeliceto.it\/zeroweb\/index.php?rest_route=\/wp\/v2\/posts\/4692\/revisions"}],"predecessor-version":[{"id":4693,"href":"http:\/\/www.prolocodeliceto.it\/zeroweb\/index.php?rest_route=\/wp\/v2\/posts\/4692\/revisions\/4693"}],"wp:attachment":[{"href":"http:\/\/www.prolocodeliceto.it\/zeroweb\/index.php?rest_route=%2Fwp%2Fv2%2Fmedia&parent=4692"}],"wp:term":[{"taxonomy":"category","embeddable":true,"href":"http:\/\/www.prolocodeliceto.it\/zeroweb\/index.php?rest_route=%2Fwp%2Fv2%2Fcategories&post=4692"},{"taxonomy":"post_tag","embeddable":true,"href":"http:\/\/www.prolocodeliceto.it\/zeroweb\/index.php?rest_route=%2Fwp%2Fv2%2Ftags&post=4692"}],"curies":[{"name":"wp","href":"https:\/\/api.w.org\/{rel}","templated":true}]}}