{"id":4395,"date":"2011-10-28T18:48:26","date_gmt":"2011-10-28T17:48:26","guid":{"rendered":"http:\/\/www.prolocodeliceto.it\/zeroweb\/?p=4395"},"modified":"2011-10-28T18:48:26","modified_gmt":"2011-10-28T17:48:26","slug":"festa-del-vino-giovane","status":"publish","type":"post","link":"http:\/\/www.prolocodeliceto.it\/zeroweb\/?p=4395","title":{"rendered":"Festa del Vino Giovane"},"content":{"rendered":"<p><strong>Enoica, Festa del Vino Giovane: la prima a Deliceto<\/strong><strong>\u00a0<\/strong><br \/>\nProfumi, sapori e suoni: questi gli elementi che caratterizzeranno ENOICA, la Festa del Vino Giovane che verr\u00e0 presentata per la prima volta a Deliceto. Luned\u00ec 31 ottobre il suggestivo scenario offerto dal piccolo comune della Capitanata diventer\u00e0 location di una splendida serata in cui si potr\u00e0 degustare il giovanissimo vino frutto della vendemmia appena trascorsa, assaporare i gustosi piatti della tradizione delicetana e danzare e divertirsi al ritmo della migliore musica della tradizione popolare del posto. Organizzata dall&#8217; Aps NOICICREDIAMO in collaborazione con il Gruppo folk Skaria, ENOICA-festa del vino giovane mira a diventare un imperdibile appuntamento che, a partire da quest&#8217;anno, vuole richiamare a Deliceto avventori appassionati e curiosi, amanti del buon gusto, provenienti da ogni dove. NOICICREDIAMO, quindi, con questo evento aggiunge un ulteriore tassello utile alla crescita di Deliceto in un&#8217;ottica di promozione turistica basata sulla valorizzazione delle risorse materiali ed immateriali, punti di forza del nostro territorio. Per il 31 ottobre, quindi, non pi\u00f9 zucche e streghe della tradizione americana, ma una serata dedicata alle nostre tradizioni. ENOICA- Festa del vino Giovane aprir\u00e0 i battenti a Deliceto a partire dalle 19.30.<\/p>\n<p><a href=\"http:\/\/www.prolocodeliceto.it\/zeroweb\/wp-content\/uploads\/ENOICA.jpg\"><img decoding=\"async\" loading=\"lazy\" class=\"alignnone size-thumbnail wp-image-4394\" title=\"ENOICA\" src=\"http:\/\/www.prolocodeliceto.it\/zeroweb\/wp-content\/uploads\/ENOICA-150x150.jpg\" alt=\"\" width=\"150\" height=\"150\" \/><\/a><\/p>\n","protected":false},"excerpt":{"rendered":"<p>Enoica, Festa del Vino Giovane: la prima a Deliceto\u00a0 Profumi, sapori e suoni: questi gli elementi che caratterizzeranno ENOICA, la Festa del Vino Giovane che verr\u00e0 presentata per la prima volta a Deliceto. Luned\u00ec 31 ottobre il suggestivo scenario offerto dal piccolo comune della Capitanata diventer\u00e0 location di una splendida serata in cui si potr\u00e0 [&hellip;]<\/p>\n","protected":false},"author":29,"featured_media":0,"comment_status":"open","ping_status":"open","sticky":false,"template":"","format":"standard","meta":[],"categories":[7],"tags":[],"_links":{"self":[{"href":"http:\/\/www.prolocodeliceto.it\/zeroweb\/index.php?rest_route=\/wp\/v2\/posts\/4395"}],"collection":[{"href":"http:\/\/www.prolocodeliceto.it\/zeroweb\/index.php?rest_route=\/wp\/v2\/posts"}],"about":[{"href":"http:\/\/www.prolocodeliceto.it\/zeroweb\/index.php?rest_route=\/wp\/v2\/types\/post"}],"author":[{"embeddable":true,"href":"http:\/\/www.prolocodeliceto.it\/zeroweb\/index.php?rest_route=\/wp\/v2\/users\/29"}],"replies":[{"embeddable":true,"href":"http:\/\/www.prolocodeliceto.it\/zeroweb\/index.php?rest_route=%2Fwp%2Fv2%2Fcomments&post=4395"}],"version-history":[{"count":1,"href":"http:\/\/www.prolocodeliceto.it\/zeroweb\/index.php?rest_route=\/wp\/v2\/posts\/4395\/revisions"}],"predecessor-version":[{"id":4396,"href":"http:\/\/www.prolocodeliceto.it\/zeroweb\/index.php?rest_route=\/wp\/v2\/posts\/4395\/revisions\/4396"}],"wp:attachment":[{"href":"http:\/\/www.prolocodeliceto.it\/zeroweb\/index.php?rest_route=%2Fwp%2Fv2%2Fmedia&parent=4395"}],"wp:term":[{"taxonomy":"category","embeddable":true,"href":"http:\/\/www.prolocodeliceto.it\/zeroweb\/index.php?rest_route=%2Fwp%2Fv2%2Fcategories&post=4395"},{"taxonomy":"post_tag","embeddable":true,"href":"http:\/\/www.prolocodeliceto.it\/zeroweb\/index.php?rest_route=%2Fwp%2Fv2%2Ftags&post=4395"}],"curies":[{"name":"wp","href":"https:\/\/api.w.org\/{rel}","templated":true}]}}