{"id":4386,"date":"2011-10-27T18:36:12","date_gmt":"2011-10-27T17:36:12","guid":{"rendered":"http:\/\/www.prolocodeliceto.it\/zeroweb\/?p=4386"},"modified":"2011-10-28T18:56:05","modified_gmt":"2011-10-28T17:56:05","slug":"il-nuovo-corso-margherita-di-deliceto","status":"publish","type":"post","link":"http:\/\/www.prolocodeliceto.it\/zeroweb\/?p=4386","title":{"rendered":"Il Nuovo Corso Margherita di Deliceto&#8230;"},"content":{"rendered":"<p><strong>Il nuovo Corso Margherita<\/strong><\/p>\n<p>\u00a0<a href=\"http:\/\/www.prolocodeliceto.it\/zeroweb\/wp-content\/uploads\/operai-a-lavoro.jpg\"><img decoding=\"async\" loading=\"lazy\" class=\"alignnone size-thumbnail wp-image-4384\" title=\"operai-a-lavoro\" src=\"http:\/\/www.prolocodeliceto.it\/zeroweb\/wp-content\/uploads\/operai-a-lavoro-150x150.jpg\" alt=\"\" width=\"150\" height=\"150\" \/><\/a><\/p>\n<p>Il giorno 6 Ottobre presso la Sala Europa si \u00e8 tenuto un incontro sulla realizzazione\/adeguamento della rete fognaria e della pavimentazione di un lungo tratto di Corso Regina Margherita, quello che va da via Castello fino alla pavimentazione realizzata circa 2 anni. I lavori saranno affidati a 2 ditte, una si occuper\u00e0 della rete<\/p>\n<p>fognaria, l\u2019altra della pavimentazione.<\/p>\n<p>La cittadinanza intervenuta si \u00e8 dimostrata attenta, intervenendo con domande e suggerimenti vari; particolarmente sentita la questione dei materiali da utilizzare per la pavimentazione, con l\u2019intento di evitare \u201cl\u2019effetto arlecchino\u201d.<\/p>\n<p>L\u2019Amministrazione ha assicurato che i materiali saranno simili a quelli gi\u00e0 posati, solo leggermente pi\u00f9 chiari, e nella zona centrale della strada verr\u00e0 utilizzata una pietra chiara che funger\u00e0 da convogliatore per le acque piovane. La rete fognaria sar\u00e0 realizzata in due tronconi: il primo raccoglier\u00e0 le acque provenienti da via Castello e le condurr\u00e0 fino a piazza Beato Lucci, dove \u00e8 collocato gi\u00e0 un \u201cpozzetto\u201d di scarico, mentre il secondo troncone partir\u00e0 dalla piazza e proseguir\u00e0 verso la Chiesa dell\u2019Annunziata. Gli interventi saranno effettuati cercando di arrecare il minimo danno alle opere gi\u00e0 realizzate, alla cittadinanza e alle attivit\u00e0 commerciali presenti su quella strada.<\/p>\n<p>Le opere fognarie saranno svolte in 3 tranche per un totale di 15 giorni lavorativi (3 settimane). A partire da luned\u00ec 10 Ottobre si eseguir\u00e0 la prima tranche, quella tra via Castello e piazza Beato Lucci; il 17 Ottobre inizier\u00e0 la seconda tranche, tra piazza Lucci e via Bartirotti; infine il 24 Ottobre inizier\u00e0 la terza tranche tra via Bartirotti fino alla pavimentazione gi\u00e0 realizzata. Il termine dei lavori riguardanti la rete fognaria \u00e8 fissato prima del 2 Novembre, in modo da permettere la circolazione verso il Cimitero. Successivamente inizieranno i lavori di pavimentazione che saranno anch\u2019essi svolti in tranche di 5 giorni ciascuna. Sembra che il tutto sia stato previsto con cura ed oculatezza; certo non mancheranno i disagi, inevitabili, trattandosi dell\u2019unica strada di collegamento del centro storico transitabile con mezzi meccanici. Vi \u00e8 da chiedersi: visti gli iconveninti che si creano ogni volta che si opera su quest\u2019unica strada, non \u00e8 proprio possibile pensare alla creazione di una strada alternativa?<\/p>\n<p><em>(Francesco Bellebuono)<\/em><\/p>\n","protected":false},"excerpt":{"rendered":"<p>Il nuovo Corso Margherita \u00a0 Il giorno 6 Ottobre presso la Sala Europa si \u00e8 tenuto un incontro sulla realizzazione\/adeguamento della rete fognaria e della pavimentazione di un lungo tratto di Corso Regina Margherita, quello che va da via Castello fino alla pavimentazione realizzata circa 2 anni. I lavori saranno affidati a 2 ditte, una [&hellip;]<\/p>\n","protected":false},"author":29,"featured_media":0,"comment_status":"open","ping_status":"open","sticky":false,"template":"","format":"standard","meta":[],"categories":[7],"tags":[],"_links":{"self":[{"href":"http:\/\/www.prolocodeliceto.it\/zeroweb\/index.php?rest_route=\/wp\/v2\/posts\/4386"}],"collection":[{"href":"http:\/\/www.prolocodeliceto.it\/zeroweb\/index.php?rest_route=\/wp\/v2\/posts"}],"about":[{"href":"http:\/\/www.prolocodeliceto.it\/zeroweb\/index.php?rest_route=\/wp\/v2\/types\/post"}],"author":[{"embeddable":true,"href":"http:\/\/www.prolocodeliceto.it\/zeroweb\/index.php?rest_route=\/wp\/v2\/users\/29"}],"replies":[{"embeddable":true,"href":"http:\/\/www.prolocodeliceto.it\/zeroweb\/index.php?rest_route=%2Fwp%2Fv2%2Fcomments&post=4386"}],"version-history":[{"count":3,"href":"http:\/\/www.prolocodeliceto.it\/zeroweb\/index.php?rest_route=\/wp\/v2\/posts\/4386\/revisions"}],"predecessor-version":[{"id":4401,"href":"http:\/\/www.prolocodeliceto.it\/zeroweb\/index.php?rest_route=\/wp\/v2\/posts\/4386\/revisions\/4401"}],"wp:attachment":[{"href":"http:\/\/www.prolocodeliceto.it\/zeroweb\/index.php?rest_route=%2Fwp%2Fv2%2Fmedia&parent=4386"}],"wp:term":[{"taxonomy":"category","embeddable":true,"href":"http:\/\/www.prolocodeliceto.it\/zeroweb\/index.php?rest_route=%2Fwp%2Fv2%2Fcategories&post=4386"},{"taxonomy":"post_tag","embeddable":true,"href":"http:\/\/www.prolocodeliceto.it\/zeroweb\/index.php?rest_route=%2Fwp%2Fv2%2Ftags&post=4386"}],"curies":[{"name":"wp","href":"https:\/\/api.w.org\/{rel}","templated":true}]}}