{"id":4379,"date":"2011-10-26T19:45:09","date_gmt":"2011-10-26T18:45:09","guid":{"rendered":"http:\/\/www.prolocodeliceto.it\/zeroweb\/?p=4379"},"modified":"2011-10-26T20:07:05","modified_gmt":"2011-10-26T19:07:05","slug":"fondazione-archeologica-canosina","status":"publish","type":"post","link":"http:\/\/www.prolocodeliceto.it\/zeroweb\/?p=4379","title":{"rendered":"Fondazione Archeologica Canosina"},"content":{"rendered":"<p>\u00a0<\/p>\n<p><strong>Comunicato: <!--ml:namespace prefix = o ns = \"urn:schemas-microsoft-com:office:office\"--><\/strong><\/p>\n<p><strong>Si completa l\u2019Organigramma della Fondazione Archeologica Canosina<\/strong><\/p>\n<p>Il <!--ml:namespace prefix = st1 ns = \"urn:schemas-microsoft-com:office:smarttags\"--><strong>6 ottobre 2011<\/strong>, in occasione della riunione del Consiglio di Amministrazione, si \u00e8 finalmente conclusa la nomina di tutti gli organi costitutivi della <strong>Fondazione Archeologica Canosina<\/strong>.<\/p>\n<p>I probiviri riunitisi hanno eletto come loro presidente Sabino Palmieri, e il CdA ha proceduto alla nomina dei membri del Comitato Scientifico, prevista dallo statuto.<\/p>\n<p>Il Comitato Scientifico \u00e8 una figura di estrema importanza, che arricchir\u00e0 con la professionalit\u00e0 e la competenza scientifica dei suoi membri, l\u2019Organigramma dell\u2019Onlus Canosina. Suo compito sar\u00e0 di collaborare con il Consiglio di Amministrazione e la Fondazione tutta, nella concertazione degli interventi da eseguire sulle aree archeologiche, individuare le pi\u00f9 corrette modalit\u00e0 di manutenzione e valorizzazione dei siti gi\u00e0 aperti al pubblico in modo che abbiano il minor impatto possibile e stabilire quali siano le aree della nostra citt\u00e0 che necessitano di un intervento urgente sulla base delle condizioni in cui versano, in modo da renderle fruibili al pubblico. Sono stati riconfermati i precedenti membri del Comitato Scientifico: <strong>Andreassi Giuseppe<\/strong>, gi\u00e0 Soprintendente Archeologo per la Puglia, <strong>Corrente Marisa<\/strong> Direttore Archeologo della Soprintendenza, <strong>Volpe Giuliano<\/strong>, Archeologo, Magnifico Rettore dell\u2019Universit\u00e0 di Foggia; per l\u2019occhio sempre attento con il quale hanno guardato alle problematiche archeologiche e per il modo con cui hanno sempre tenuto a cuore la nostra citt\u00e0.<\/p>\n<p>A queste figure sono state affiancate quelle dell\u2019Archeologa <strong>Bonadies Luisa<\/strong> e di <strong>Sardella Filomena Maria<\/strong>, gi\u00e0 Soprintendente reggente ai Beni Storici, Artistici ed Etnoantropologici per le Provincie di Bari e Foggia; con la certezza che potranno anch\u2019esse, insieme ai loro colleghi, dare concretamente una mano alla Fondazione.<\/p>\n<p>Repentinamente ed entusiasticamente accolte le nomine da parte di tutti i sopracitati, accompagnate dall\u2019augurio di poter collaborare costruttivamente in vista di un unico obiettivo, quello che del resto continua a essere dal \u201993 a oggi: far crescere sempre pi\u00f9 e rendere Canosa di Puglia degna citt\u00e0 turistica, quale sta mostrando di poter essere.<\/p>\n<p>Nel corso della riunione i consiglieri hanno anche espresso il desiderio di veder figurare nel Comitato anche l\u2019attuale Soprintendente Archeologo per la Puglia dott. <strong>Antonio De Siena<\/strong>. Auspicando nella sua collaborazione, se non in prima persona attraverso personalit\u00e0, da lui indicate, si spera, quindi, di conquistare una totale unione delle forze e delle competenze, chiedendo proprio al Soprintendente di indirizzare, grazie alle sue competenze e alla sua professionalit\u00e0, il lavoro della Fondazione.<\/p>\n<p>Importante novit\u00e0 nell\u2019Organigramma della Fondazione, la presenza dei Presidenti Onorari. Unanimemente condivisa dalla Fondazione la proposta dell\u2019attuale presidente, <strong>Sabino Silvestri<\/strong>, di nominare Presidenti onorari tutti coloro i quali sono stati presidenti della FAC negli anni passati, e quindi: <strong>Michele Fontana<\/strong>,<strong> Giuseppe Zaccaro<\/strong>,<strong> Giovanni Destino<\/strong>; per dare cos\u00ec il giusto riconoscimento a chi ha contribuito, mettendosi in prima linea, a portare avanti quel progetto che dal \u201993, anche grazie a essi, continua a perpetuarsi sino ad ora.<\/p>\n<p>\u00a0\u00a0\u00a0\u00a0\u00a0\u00a0\u00a0\u00a0\u00a0\u00a0\u00a0\u00a0\u00a0\u00a0\u00a0\u00a0\u00a0\u00a0\u00a0\u00a0\u00a0\u00a0\u00a0\u00a0\u00a0\u00a0\u00a0\u00a0\u00a0\u00a0\u00a0\u00a0\u00a0\u00a0\u00a0\u00a0\u00a0\u00a0\u00a0\u00a0\u00a0\u00a0\u00a0\u00a0\u00a0\u00a0\u00a0\u00a0\u00a0\u00a0\u00a0\u00a0\u00a0\u00a0\u00a0\u00a0\u00a0\u00a0\u00a0\u00a0\u00a0\u00a0\u00a0 \u00a0\u00a0\u00a0\u00a0\u00a0\u00a0\u00a0\u00a0\u00a0\u00a0\u00a0\u00a0\u00a0\u00a0\u00a0\u00a0<strong>Maria Nunzia Labarbuta<\/strong><\/p>\n<p><strong>\u00a0\u00a0\u00a0\u00a0\u00a0\u00a0\u00a0\u00a0\u00a0\u00a0\u00a0\u00a0\u00a0\u00a0\u00a0\u00a0\u00a0\u00a0\u00a0\u00a0\u00a0\u00a0\u00a0\u00a0\u00a0\u00a0\u00a0\u00a0\u00a0\u00a0\u00a0\u00a0\u00a0\u00a0\u00a0\u00a0\u00a0\u00a0\u00a0\u00a0\u00a0\u00a0\u00a0\u00a0\u00a0\u00a0\u00a0\u00a0 \u00a0\u00a0\u00a0\u00a0\u00a0\u00a0\u00a0\u00a0\u00a0\u00a0\u00a0\u00a0\u00a0\u00a0\u00a0\u00a0\u00a0\u00a0\u00a0\u00a0\u00a0\u00a0\u00a0\u00a0\u00a0\u00a0\u00a0\u00a0\u00a0\u00a0\u00a0Segretario Generale della FAC<\/strong><\/p>\n","protected":false},"excerpt":{"rendered":"<p>\u00a0 Comunicato: Si completa l\u2019Organigramma della Fondazione Archeologica Canosina Il 6 ottobre 2011, in occasione della riunione del Consiglio di Amministrazione, si \u00e8 finalmente conclusa la nomina di tutti gli organi costitutivi della Fondazione Archeologica Canosina. I probiviri riunitisi hanno eletto come loro presidente Sabino Palmieri, e il CdA ha proceduto alla nomina dei membri [&hellip;]<\/p>\n","protected":false},"author":29,"featured_media":0,"comment_status":"open","ping_status":"open","sticky":false,"template":"","format":"standard","meta":[],"categories":[7],"tags":[],"_links":{"self":[{"href":"http:\/\/www.prolocodeliceto.it\/zeroweb\/index.php?rest_route=\/wp\/v2\/posts\/4379"}],"collection":[{"href":"http:\/\/www.prolocodeliceto.it\/zeroweb\/index.php?rest_route=\/wp\/v2\/posts"}],"about":[{"href":"http:\/\/www.prolocodeliceto.it\/zeroweb\/index.php?rest_route=\/wp\/v2\/types\/post"}],"author":[{"embeddable":true,"href":"http:\/\/www.prolocodeliceto.it\/zeroweb\/index.php?rest_route=\/wp\/v2\/users\/29"}],"replies":[{"embeddable":true,"href":"http:\/\/www.prolocodeliceto.it\/zeroweb\/index.php?rest_route=%2Fwp%2Fv2%2Fcomments&post=4379"}],"version-history":[{"count":3,"href":"http:\/\/www.prolocodeliceto.it\/zeroweb\/index.php?rest_route=\/wp\/v2\/posts\/4379\/revisions"}],"predecessor-version":[{"id":4381,"href":"http:\/\/www.prolocodeliceto.it\/zeroweb\/index.php?rest_route=\/wp\/v2\/posts\/4379\/revisions\/4381"}],"wp:attachment":[{"href":"http:\/\/www.prolocodeliceto.it\/zeroweb\/index.php?rest_route=%2Fwp%2Fv2%2Fmedia&parent=4379"}],"wp:term":[{"taxonomy":"category","embeddable":true,"href":"http:\/\/www.prolocodeliceto.it\/zeroweb\/index.php?rest_route=%2Fwp%2Fv2%2Fcategories&post=4379"},{"taxonomy":"post_tag","embeddable":true,"href":"http:\/\/www.prolocodeliceto.it\/zeroweb\/index.php?rest_route=%2Fwp%2Fv2%2Ftags&post=4379"}],"curies":[{"name":"wp","href":"https:\/\/api.w.org\/{rel}","templated":true}]}}